{"id":6696,"date":"2024-06-06T01:05:00","date_gmt":"2024-06-06T04:05:00","guid":{"rendered":"https:\/\/magazineweb.com.ar\/?p=6696"},"modified":"2024-06-05T19:34:09","modified_gmt":"2024-06-05T22:34:09","slug":"diputados-le-dio-media-sancion-a-una-nueva-formula-de-actualizacion-jubilatoria","status":"publish","type":"post","link":"http:\/\/magazineweb.com.ar\/?p=6696","title":{"rendered":"Diputados le dio media sanci\u00f3n a una nueva f\u00f3rmula de actualizaci\u00f3n jubilatoria"},"content":{"rendered":"\n<p>La&nbsp;C\u00e1mara de Diputados&nbsp;dio media sanci\u00f3n a la&nbsp;nueva f\u00f3rmula de actualizaci\u00f3n jubilatoria&nbsp;esta madrugada gracias a un&nbsp;acuerdo alcanzado entre Uni\u00f3n por la Patria (UxP), la UCR, Hacemos Coalici\u00f3n Federal, la Coalici\u00f3n C\u00edvica e Innovaci\u00f3n Federal,&nbsp; en una jornada de m\u00e1s de doce horas de debate donde se destacaron al menos 16 ausencias de referentes del PRO.<\/p>\n\n\n\n<p>La modificaci\u00f3n apunta a reemplazar el mecanismo que el presidente Javier Milei impuso por decreto y ya fue criticado por el mandatario quien desde su cuenta de X advirti\u00f3: \u201cDefender\u00e9 la caja a veto puro si es necesario\u201d.<\/p>\n\n\n\n<p>\u201cNo voy a entregar el equilibrio fiscal de ning\u00fan modo. Defender\u00e9 la caja a veto puro si es necesario\u201d. \u201cA puro d\u00e9ficit fiscal empobrecieron al pa\u00eds, por lo que de ning\u00fan modo voy a permitir que esto se repita\u201d, escribi\u00f3 Milei.<\/p>\n\n\n\n<h2 class=\"wp-block-heading\">La f\u00f3rmula<\/h2>\n\n\n\n<p>En tanto, el texto parlamentario&nbsp;fue aprobado con 162 votos a favor y 72 en contra, y propone una&nbsp;actualizaci\u00f3n mensual&nbsp;en base al \u00faltimo dato disponible del \u00cdndice de Precios al Consumidor (IPC).&nbsp;<\/p>\n\n\n\n<p>Adem\u00e1s, incluye una compensaci\u00f3n extra del 8,1%, dado que el Gobierno otorg\u00f3 un 12,5% que no cubre el 20,6% de inflaci\u00f3n de enero (mes que queda fuera de la actualizaci\u00f3n).<\/p>\n\n\n\n<p>Respecto del&nbsp;Fondo de Garant\u00eda de Sustentabilidad (FGS) de la ANSES, los bloques dialoguistas&nbsp;pretend\u00edan que sea utilizado para el pago de los juicios previsionales&nbsp;con sentencia firme y las deudas de Naci\u00f3n con las cajas provinciales no transferidas, mientras que el peronismo se mantuvo firme en evitarlo por lo que&nbsp;finalmente&nbsp;se acord\u00f3 el pago con fondos de la ANSES&nbsp;pero sin tocar el FGS.&nbsp;Se pagar\u00e1n con los tributos que tienen asignaci\u00f3n espec\u00edfica como el impuesto al Cheque, el impuesto PAIS y el IVA.<\/p>\n\n\n\n<p>Seg\u00fan la&nbsp;Oficina de Presupuesto del Congreso, el&nbsp;costo fiscal del proyecto aprobado rondar\u00eda el 0,43% del PBI,&nbsp;y desde la oposici\u00f3n, sostienen que es un monto&nbsp; \u201crazonable\u201d que no pone en riesgo el super\u00e1vit fiscal.<\/p>\n\n\n\n<p>En tanto, durante la sesi\u00f3n de ayer, la derrota del oficialismo fue doble ya que adem\u00e1s de perder la votaci\u00f3n en general; tambi\u00e9n&nbsp;perdi\u00f3 en el art\u00edculo que propon\u00eda eliminar las asignaciones mensuales vitalicias que cobren los presidentes y los vicepresidentes de la Naci\u00f3n&nbsp;a partir de la sanci\u00f3n de la ley.&nbsp;<\/p>\n","protected":false},"excerpt":{"rendered":"<p>La&nbsp;C\u00e1mara de Diputados&nbsp;dio media sanci\u00f3n a la&nbsp;nueva f\u00f3rmula de actualizaci\u00f3n jubilatoria&nbsp;esta madrugada gracias a un&nbsp;acuerdo alcanzado entre Uni\u00f3n por la Patria (UxP), la UCR, Hacemos Coalici\u00f3n Federal, la Coalici\u00f3n C\u00edvica&hellip;<\/p>\n","protected":false},"author":3,"featured_media":6697,"comment_status":"closed","ping_status":"closed","sticky":false,"template":"","format":"standard","meta":{"footnotes":""},"categories":[17,13],"tags":[],"class_list":["post-6696","post","type-post","status-publish","format-standard","has-post-thumbnail","hentry","category-nacional","category-politica"],"rttpg_featured_image_url":{"full":["http:\/\/magazineweb.com.ar\/wp-content\/uploads\/2024\/06\/DIP6652-1200x800-1.webp",1200,800,false],"landscape":["http:\/\/magazineweb.com.ar\/wp-content\/uploads\/2024\/06\/DIP6652-1200x800-1.webp",1200,800,false],"portraits":["http:\/\/magazineweb.com.ar\/wp-content\/uploads\/2024\/06\/DIP6652-1200x800-1.webp",1200,800,false],"thumbnail":["http:\/\/magazineweb.com.ar\/wp-content\/uploads\/2024\/06\/DIP6652-1200x800-1-150x150.webp",150,150,true],"medium":["http:\/\/magazineweb.com.ar\/wp-content\/uploads\/2024\/06\/DIP6652-1200x800-1-300x200.webp",300,200,true],"large":["http:\/\/magazineweb.com.ar\/wp-content\/uploads\/2024\/06\/DIP6652-1200x800-1-1024x683.webp",1024,683,true],"1536x1536":["http:\/\/magazineweb.com.ar\/wp-content\/uploads\/2024\/06\/DIP6652-1200x800-1.webp",1200,800,false],"2048x2048":["http:\/\/magazineweb.com.ar\/wp-content\/uploads\/2024\/06\/DIP6652-1200x800-1.webp",1200,800,false],"ultp_layout_landscape_large":["http:\/\/magazineweb.com.ar\/wp-content\/uploads\/2024\/06\/DIP6652-1200x800-1.webp",1200,800,false],"ultp_layout_landscape":["http:\/\/magazineweb.com.ar\/wp-content\/uploads\/2024\/06\/DIP6652-1200x800-1-870x570.webp",870,570,true],"ultp_layout_portrait":["http:\/\/magazineweb.com.ar\/wp-content\/uploads\/2024\/06\/DIP6652-1200x800-1-600x800.webp",600,800,true],"ultp_layout_square":["http:\/\/magazineweb.com.ar\/wp-content\/uploads\/2024\/06\/DIP6652-1200x800-1-600x600.webp",600,600,true]},"rttpg_author":{"display_name":"Redacci\u00f3n Magazine Web","author_link":"http:\/\/magazineweb.com.ar\/?author=3"},"rttpg_comment":0,"rttpg_category":"<a href=\"http:\/\/magazineweb.com.ar\/?cat=17\" rel=\"category\">Nacional<\/a> <a href=\"http:\/\/magazineweb.com.ar\/?cat=13\" rel=\"category\">Pol\u00edtica<\/a>","rttpg_excerpt":"La&nbsp;C\u00e1mara de Diputados&nbsp;dio media sanci\u00f3n a la&nbsp;nueva f\u00f3rmula de actualizaci\u00f3n jubilatoria&nbsp;esta madrugada gracias a un&nbsp;acuerdo alcanzado entre Uni\u00f3n por la Patria (UxP), la UCR, Hacemos Coalici\u00f3n Federal, la Coalici\u00f3n C\u00edvica&hellip;","_links":{"self":[{"href":"http:\/\/magazineweb.com.ar\/index.php?rest_route=\/wp\/v2\/posts\/6696","targetHints":{"allow":["GET"]}}],"collection":[{"href":"http:\/\/magazineweb.com.ar\/index.php?rest_route=\/wp\/v2\/posts"}],"about":[{"href":"http:\/\/magazineweb.com.ar\/index.php?rest_route=\/wp\/v2\/types\/post"}],"author":[{"embeddable":true,"href":"http:\/\/magazineweb.com.ar\/index.php?rest_route=\/wp\/v2\/users\/3"}],"replies":[{"embeddable":true,"href":"http:\/\/magazineweb.com.ar\/index.php?rest_route=%2Fwp%2Fv2%2Fcomments&post=6696"}],"version-history":[{"count":1,"href":"http:\/\/magazineweb.com.ar\/index.php?rest_route=\/wp\/v2\/posts\/6696\/revisions"}],"predecessor-version":[{"id":6698,"href":"http:\/\/magazineweb.com.ar\/index.php?rest_route=\/wp\/v2\/posts\/6696\/revisions\/6698"}],"wp:featuredmedia":[{"embeddable":true,"href":"http:\/\/magazineweb.com.ar\/index.php?rest_route=\/wp\/v2\/media\/6697"}],"wp:attachment":[{"href":"http:\/\/magazineweb.com.ar\/index.php?rest_route=%2Fwp%2Fv2%2Fmedia&parent=6696"}],"wp:term":[{"taxonomy":"category","embeddable":true,"href":"http:\/\/magazineweb.com.ar\/index.php?rest_route=%2Fwp%2Fv2%2Fcategories&post=6696"},{"taxonomy":"post_tag","embeddable":true,"href":"http:\/\/magazineweb.com.ar\/index.php?rest_route=%2Fwp%2Fv2%2Ftags&post=6696"}],"curies":[{"name":"wp","href":"https:\/\/api.w.org\/{rel}","templated":true}]}}