{"id":6709,"date":"2024-06-07T01:02:00","date_gmt":"2024-06-07T04:02:00","guid":{"rendered":"https:\/\/magazineweb.com.ar\/?p=6709"},"modified":"2024-06-06T15:59:18","modified_gmt":"2024-06-06T18:59:18","slug":"la-provincia-de-buenos-aires-retuvo-mas-de-2-mil-licencias-de-conducir-en-lo-que-va-de-2024","status":"publish","type":"post","link":"http:\/\/magazineweb.com.ar\/?p=6709","title":{"rendered":"La provincia de Buenos Aires retuvo m\u00e1s de 2 mil licencias de conducir en lo que va de 2024"},"content":{"rendered":"\n<p>El&nbsp;Ministerio de Transporte de la Provincia de Buenos Aires&nbsp;intensific\u00f3 los controles viales durante la \u00faltima semana de mayo y la primera de junio, con&nbsp;106 operativos de alcoholemia,&nbsp;prevenci\u00f3n, concientizaci\u00f3n y asistencia vial en puntos estrat\u00e9gicos de los corredores provinciales.<\/p>\n\n\n\n<p>De esta manera, en lo que va de 2024, la cartera que conduce Jorge D\u2019Onofrio ya realiz\u00f3&nbsp;2291 operativos y fiscaliz\u00f3 54574 veh\u00edculos. Asimismo, se efectuaron 39834 testeos de alcoholemia, de los cuales 247 fueron positivos. Se retuvieron 2004 licencias de conducir por distintas irregularidades y se labraron un total de 2825 infracciones.<\/p>\n\n\n\n<p>Con respecto a los trabajos realizados durante la \u00faltima semana, agentes especializados de la cartera bonaerense trabajaron de manera diaria y simult\u00e1nea para garantizar la correcta circulaci\u00f3n vehicular en las rutas y caminos provinciales.&nbsp;<\/p>\n\n\n\n<p>En total, entre el 27 de mayo y el 2 de junio, se efectuaron&nbsp;1962 pruebas de alcoholemia, de las cuales tres arrojaron resultados positivos. Asimismo, se labraron 164 infracciones y se retuvieron 106 licencias de conducir. Se fiscaliz\u00f3 un total de 2770 veh\u00edculos.<\/p>\n\n\n\n<p>Los operativos de Seguridad Vial tuvieron lugar en Hudson, La Plata, Dock Sud, Lezama, Burzaco, Berazategui, Moreno, Ituzaing\u00f3, Fontezuela, Ricardo Rojas, Guamin\u00ed, Samboromb\u00f3n, San Andr\u00e9s de Giles, Jun\u00edn, Bragado, Pehuaj\u00f3, Olivera, Suipacha, Mercedes, Mar del Plata, Quequ\u00e9n, Maip\u00fa, Balcarce, Azul, Olavarr\u00eda, Tigre, Santa Clara del Mar, Tordillo, Castelli, San Clemente, Mar del Tuy\u00fa, Mar de Aj\u00f3, Villa Gesell y Pinamar.<\/p>\n\n\n\n<p>En tanto, la Direcci\u00f3n Provincial de Fiscalizaci\u00f3n del Transporte realiz\u00f3&nbsp;operativos en terminales y rutas&nbsp;con el objetivo de verificar el estado de las unidades y el cumplimiento de la documentaci\u00f3n habilitante para circular en los servicios de transporte p\u00fablico automotor de pasajeros.<\/p>\n\n\n\n<p>En las inspecciones se verificaron las condiciones de las unidades y se relevaron los&nbsp;requisitos que hacen a la conducci\u00f3n segura, con pruebas de alcoholemia a conductores, verificaci\u00f3n de seguro y habilitaci\u00f3n al d\u00eda, y requerimiento de toda la documentaci\u00f3n necesaria para brindar servicio.<\/p>\n\n\n\n<p>En total, entre micros y combis se fiscalizaron 155 unidades y se labraron 8 actas de infracci\u00f3n por diversas irregularidades.<\/p>\n\n\n\n<p>Con el objetivo de asegurar la correcta circulaci\u00f3n vehicular y cuidar la vida de las y los bonaerenses, el Ministerio de Transporte de la Provincia de Buenos Aires lleva adelante este tipo de controles y fiscalizaciones de manera diaria, con el despliegue de grupos de agentes especializados en las rutas, corredores y caminos del territorio provincial.<\/p>\n","protected":false},"excerpt":{"rendered":"<p>El&nbsp;Ministerio de Transporte de la Provincia de Buenos Aires&nbsp;intensific\u00f3 los controles viales durante la \u00faltima semana de mayo y la primera de junio, con&nbsp;106 operativos de alcoholemia,&nbsp;prevenci\u00f3n, concientizaci\u00f3n y asistencia&hellip;<\/p>\n","protected":false},"author":3,"featured_media":6710,"comment_status":"closed","ping_status":"closed","sticky":false,"template":"","format":"standard","meta":{"footnotes":""},"categories":[4,13,14],"tags":[],"class_list":["post-6709","post","type-post","status-publish","format-standard","has-post-thumbnail","hentry","category-destacados","category-politica","category-provincial"],"rttpg_featured_image_url":{"full":["http:\/\/magazineweb.com.ar\/wp-content\/uploads\/2024\/06\/Gacetilla-287-En-lo-que-va-de-2024-Transporte-retuvo-mas-de-2-mil-licencias-de-conducir-1.jpg",700,466,false],"landscape":["http:\/\/magazineweb.com.ar\/wp-content\/uploads\/2024\/06\/Gacetilla-287-En-lo-que-va-de-2024-Transporte-retuvo-mas-de-2-mil-licencias-de-conducir-1.jpg",700,466,false],"portraits":["http:\/\/magazineweb.com.ar\/wp-content\/uploads\/2024\/06\/Gacetilla-287-En-lo-que-va-de-2024-Transporte-retuvo-mas-de-2-mil-licencias-de-conducir-1.jpg",700,466,false],"thumbnail":["http:\/\/magazineweb.com.ar\/wp-content\/uploads\/2024\/06\/Gacetilla-287-En-lo-que-va-de-2024-Transporte-retuvo-mas-de-2-mil-licencias-de-conducir-1-150x150.jpg",150,150,true],"medium":["http:\/\/magazineweb.com.ar\/wp-content\/uploads\/2024\/06\/Gacetilla-287-En-lo-que-va-de-2024-Transporte-retuvo-mas-de-2-mil-licencias-de-conducir-1-300x200.jpg",300,200,true],"large":["http:\/\/magazineweb.com.ar\/wp-content\/uploads\/2024\/06\/Gacetilla-287-En-lo-que-va-de-2024-Transporte-retuvo-mas-de-2-mil-licencias-de-conducir-1.jpg",700,466,false],"1536x1536":["http:\/\/magazineweb.com.ar\/wp-content\/uploads\/2024\/06\/Gacetilla-287-En-lo-que-va-de-2024-Transporte-retuvo-mas-de-2-mil-licencias-de-conducir-1.jpg",700,466,false],"2048x2048":["http:\/\/magazineweb.com.ar\/wp-content\/uploads\/2024\/06\/Gacetilla-287-En-lo-que-va-de-2024-Transporte-retuvo-mas-de-2-mil-licencias-de-conducir-1.jpg",700,466,false],"ultp_layout_landscape_large":["http:\/\/magazineweb.com.ar\/wp-content\/uploads\/2024\/06\/Gacetilla-287-En-lo-que-va-de-2024-Transporte-retuvo-mas-de-2-mil-licencias-de-conducir-1.jpg",700,466,false],"ultp_layout_landscape":["http:\/\/magazineweb.com.ar\/wp-content\/uploads\/2024\/06\/Gacetilla-287-En-lo-que-va-de-2024-Transporte-retuvo-mas-de-2-mil-licencias-de-conducir-1.jpg",700,466,false],"ultp_layout_portrait":["http:\/\/magazineweb.com.ar\/wp-content\/uploads\/2024\/06\/Gacetilla-287-En-lo-que-va-de-2024-Transporte-retuvo-mas-de-2-mil-licencias-de-conducir-1-600x466.jpg",600,466,true],"ultp_layout_square":["http:\/\/magazineweb.com.ar\/wp-content\/uploads\/2024\/06\/Gacetilla-287-En-lo-que-va-de-2024-Transporte-retuvo-mas-de-2-mil-licencias-de-conducir-1-600x466.jpg",600,466,true]},"rttpg_author":{"display_name":"Redacci\u00f3n Magazine Web","author_link":"http:\/\/magazineweb.com.ar\/?author=3"},"rttpg_comment":0,"rttpg_category":"<a href=\"http:\/\/magazineweb.com.ar\/?cat=4\" rel=\"category\">Destacados<\/a> <a href=\"http:\/\/magazineweb.com.ar\/?cat=13\" rel=\"category\">Pol\u00edtica<\/a> <a href=\"http:\/\/magazineweb.com.ar\/?cat=14\" rel=\"category\">Provincial<\/a>","rttpg_excerpt":"El&nbsp;Ministerio de Transporte de la Provincia de Buenos Aires&nbsp;intensific\u00f3 los controles viales durante la \u00faltima semana de mayo y la primera de junio, con&nbsp;106 operativos de alcoholemia,&nbsp;prevenci\u00f3n, concientizaci\u00f3n y asistencia&hellip;","_links":{"self":[{"href":"http:\/\/magazineweb.com.ar\/index.php?rest_route=\/wp\/v2\/posts\/6709","targetHints":{"allow":["GET"]}}],"collection":[{"href":"http:\/\/magazineweb.com.ar\/index.php?rest_route=\/wp\/v2\/posts"}],"about":[{"href":"http:\/\/magazineweb.com.ar\/index.php?rest_route=\/wp\/v2\/types\/post"}],"author":[{"embeddable":true,"href":"http:\/\/magazineweb.com.ar\/index.php?rest_route=\/wp\/v2\/users\/3"}],"replies":[{"embeddable":true,"href":"http:\/\/magazineweb.com.ar\/index.php?rest_route=%2Fwp%2Fv2%2Fcomments&post=6709"}],"version-history":[{"count":1,"href":"http:\/\/magazineweb.com.ar\/index.php?rest_route=\/wp\/v2\/posts\/6709\/revisions"}],"predecessor-version":[{"id":6711,"href":"http:\/\/magazineweb.com.ar\/index.php?rest_route=\/wp\/v2\/posts\/6709\/revisions\/6711"}],"wp:featuredmedia":[{"embeddable":true,"href":"http:\/\/magazineweb.com.ar\/index.php?rest_route=\/wp\/v2\/media\/6710"}],"wp:attachment":[{"href":"http:\/\/magazineweb.com.ar\/index.php?rest_route=%2Fwp%2Fv2%2Fmedia&parent=6709"}],"wp:term":[{"taxonomy":"category","embeddable":true,"href":"http:\/\/magazineweb.com.ar\/index.php?rest_route=%2Fwp%2Fv2%2Fcategories&post=6709"},{"taxonomy":"post_tag","embeddable":true,"href":"http:\/\/magazineweb.com.ar\/index.php?rest_route=%2Fwp%2Fv2%2Ftags&post=6709"}],"curies":[{"name":"wp","href":"https:\/\/api.w.org\/{rel}","templated":true}]}}