{"id":6718,"date":"2024-06-07T01:01:00","date_gmt":"2024-06-07T04:01:00","guid":{"rendered":"https:\/\/magazineweb.com.ar\/?p=6718"},"modified":"2024-06-06T17:11:24","modified_gmt":"2024-06-06T20:11:24","slug":"mayra-acompano-a-los-estudiantes-que-participaron-de-la-16a-edicion-de-la-feria-distrital-de-educacion-arte-ciencia-y-tecnologia","status":"publish","type":"post","link":"http:\/\/magazineweb.com.ar\/?p=6718","title":{"rendered":"Mayra acompa\u00f1\u00f3 a los estudiantes que participaron de la 16\u00aa edici\u00f3n de la Feria Distrital de Educaci\u00f3n, Arte, Ciencia y Tecnolog\u00eda"},"content":{"rendered":"\n<p>La intendenta de Quilmes, Mayra Mendoza, recorri\u00f3 este jueves la 16\u00aa edici\u00f3n de la Feria Distrital de Educaci\u00f3n, Arte, Ciencia y Tecnolog\u00eda, que tuvo lugar en los distintos espacios que integran el Polo Educativo de San Francisco Solano, debido al aumento de proyectos elaborados por cientos de estudiantes quilme\u00f1os, en los que expusieron acerca de la metodolog\u00eda utilizada y las conclusiones que sacaron al respecto.<\/p>\n\n\n\n<p>\u201cRecorrimos la 16\u00aa edici\u00f3n de la Feria en la EES N\u00ba 2 de Solano. De esta iniciativa participan estudiantes de todos los niveles, modalidades y \u00e1mbitos del sistema educativo bonaerense y donde pueden compartir y construir colectivamente el conocimiento generado en las aulas. Felicitaciones a todas las instituciones que participaron y mucha suerte en las etapas regionales, provinciales y nacionales de la Feria, no tengo dudas de que van a representar el potencial de Quilmes y llevarlo a lo m\u00e1s alto\u201d, sostuvo Mayra.<\/p>\n\n\n\n<p>Por su parte, el secretario de Educaci\u00f3n, Culturas y Deportes, Joaqu\u00edn Desmery, quien adelant\u00f3 que en agosto (con sede a confirmar) se va a desarrollar la Feria Regional en Quilmes, que recibir\u00e1 escuelas de Varela y Berazategui, relat\u00f3 sobre la jornada: \u201cSon 211 proyectos en total que demuestran a las claras la gran participaci\u00f3n de las instituciones educativas en el distrito. En esta jornada lo que hacemos es acercarlos a la comunidad, sobre todo a las familias de las escuelas, pero tambi\u00e9n a que lo pueda conocer el distrito. Hay proyectos excelentes desde el punto de vista del desarrollo del conocimiento, lo que se han propuesto como problem\u00e1tica desde lo que han investigado y c\u00f3mo buscan las posibles soluciones\u201d.<\/p>\n\n\n\n<p>Esta actividad fue realizada mediante un acuerdo con la Jefatura Distrital de Educaci\u00f3n y la Subsecretar\u00eda de Educaci\u00f3n local, quienes tomaron la decisi\u00f3n de concretarla no solo en una sino en diversas entidades de la localidad solanense a ra\u00edz del notorio aumento de proyectos participantes.<\/p>\n\n\n\n<p>En la Escuela de Educaci\u00f3n Secundaria (EES) N\u00ba 2 de Solano, ubicada en la avenida 844 N\u00b0 2257, se expusieron proyectos de educaci\u00f3n primaria; en el SUM de la Sociedad Fomento Fratelli D\u2019Italia, situada en la calle 845 N\u00ba 2250, se mostraron iniciativas de educaci\u00f3n secundaria, de educaci\u00f3n especial y educaci\u00f3n para adultos; en el hall y el SUM del Instituto de Formaci\u00f3n Docente y T\u00e9cnica N\u00ba 83, ubicado en la avenida 893 N\u00ba 4351, fueron de educaci\u00f3n inicial y educaci\u00f3n superior; y en el SUM de la Escuela de Educaci\u00f3n T\u00e9cnica N\u00ba 3, ubicada en la avenida 844 N\u00ba 2135, fueron proyectos de secundarias t\u00e9cnicas, CFP y rob\u00f3tica.<\/p>\n\n\n\n<p>En este marco, Natalia Torrico, orientadora social de la Escuela Primaria N\u00ba 49 de Ezpeleta, detall\u00f3 la importancia del proyecto que desarrollaron en el curso de 5\u00ba a\u00f1o y que tiene que ver con una p\u00e1gina web para identificar el grooming: \u00abEsta idea surgi\u00f3 a partir talleres sobre educaci\u00f3n sexual integral que hacemos en el aula. Y es importante porque a partir de esto los ni\u00f1os pueden aprender c\u00f3mo ayudar a otros y salvar a otros chicos\u00bb.<\/p>\n\n\n\n<p>En tanto que Roc\u00edo Alomo, estudiante de 5\u00ba de EES N\u00ba 2 de Quilmes, habl\u00f3 del proyecto que llevaron adelante, que es el dise\u00f1o de elementos desde una impresora 3D para chicos con discapacidad visual: \u00abEsto surgi\u00f3 a partir de un compa\u00f1ero nuestro, al que le costaba ver los mapas en geograf\u00eda, con esta m\u00e1quina pudimos desarrollar no solo mapas sino tambi\u00e9n diferentes materiales para diferentes materias. Y la verdad que nuestro compa\u00f1ero se emocion\u00f3 mucho, le da m\u00e1s seguridad esto\u00bb.<\/p>\n\n\n\n<p>A trav\u00e9s de estos espacios, los alumnos y las alumnas de todos los niveles, modalidades y \u00e1mbitos del sistema educativo bonaerense compartieron y construyeron colectivamente el conocimiento adquirido en las aulas. Adem\u00e1s, durante agosto se realizar\u00e1 la etapa regional y posteriormente las instancias provincial y nacional. Cabe destacar que la Feria de Educaci\u00f3n, Artes, Ciencias y Tecnolog\u00eda se enmarca dentro de las l\u00edneas de trabajo del Programa Especial de Actividades Cient\u00edficas y Tecnol\u00f3gicas Educativas (ACTE), dependiente de la Direcci\u00f3n Provincial de Pol\u00edtica Socioeducativa de la Direcci\u00f3n General de Cultura y Educaci\u00f3n de la Provincia de Buenos Aires.<\/p>\n\n\n\n<p>Con ACTE se apunta a poner en di\u00e1logo lo curricular, las pr\u00e1cticas docentes, la organizaci\u00f3n del trabajo escolar y los modos de ense\u00f1ar, de aprender y de evaluar cada trayecto, de las actividades de las y los docentes y estudiantes, y de estas y estos entre s\u00ed, con la finalidad de garantizar mejores trayectorias educativas.<\/p>\n\n\n\n<p>Tambi\u00e9n participaron de la actividad el director general de Educaci\u00f3n local, Leonardo Casazza; las y los concejales Florencia Hern\u00e1ndez, Florencia Esteche, Ezequiel Arauz y Marino Casado, y el director de CGPC de Solano, Ram\u00f3n Arce, entre otros funcionarios y autoridades.<\/p>\n","protected":false},"excerpt":{"rendered":"<p>La intendenta de Quilmes, Mayra Mendoza, recorri\u00f3 este jueves la 16\u00aa edici\u00f3n de la Feria Distrital de Educaci\u00f3n, Arte, Ciencia y Tecnolog\u00eda, que tuvo lugar en los distintos espacios que&hellip;<\/p>\n","protected":false},"author":3,"featured_media":6719,"comment_status":"closed","ping_status":"closed","sticky":false,"template":"","format":"standard","meta":{"footnotes":""},"categories":[4,9],"tags":[],"class_list":["post-6718","post","type-post","status-publish","format-standard","has-post-thumbnail","hentry","category-destacados","category-informacion-general"],"rttpg_featured_image_url":{"full":["http:\/\/magazineweb.com.ar\/wp-content\/uploads\/2024\/06\/Imagen-de-WhatsApp-2024-06-06-a-las-17.01.41_92e9a353.jpg",720,479,false],"landscape":["http:\/\/magazineweb.com.ar\/wp-content\/uploads\/2024\/06\/Imagen-de-WhatsApp-2024-06-06-a-las-17.01.41_92e9a353.jpg",720,479,false],"portraits":["http:\/\/magazineweb.com.ar\/wp-content\/uploads\/2024\/06\/Imagen-de-WhatsApp-2024-06-06-a-las-17.01.41_92e9a353.jpg",720,479,false],"thumbnail":["http:\/\/magazineweb.com.ar\/wp-content\/uploads\/2024\/06\/Imagen-de-WhatsApp-2024-06-06-a-las-17.01.41_92e9a353-150x150.jpg",150,150,true],"medium":["http:\/\/magazineweb.com.ar\/wp-content\/uploads\/2024\/06\/Imagen-de-WhatsApp-2024-06-06-a-las-17.01.41_92e9a353-300x200.jpg",300,200,true],"large":["http:\/\/magazineweb.com.ar\/wp-content\/uploads\/2024\/06\/Imagen-de-WhatsApp-2024-06-06-a-las-17.01.41_92e9a353.jpg",720,479,false],"1536x1536":["http:\/\/magazineweb.com.ar\/wp-content\/uploads\/2024\/06\/Imagen-de-WhatsApp-2024-06-06-a-las-17.01.41_92e9a353.jpg",720,479,false],"2048x2048":["http:\/\/magazineweb.com.ar\/wp-content\/uploads\/2024\/06\/Imagen-de-WhatsApp-2024-06-06-a-las-17.01.41_92e9a353.jpg",720,479,false],"ultp_layout_landscape_large":["http:\/\/magazineweb.com.ar\/wp-content\/uploads\/2024\/06\/Imagen-de-WhatsApp-2024-06-06-a-las-17.01.41_92e9a353.jpg",720,479,false],"ultp_layout_landscape":["http:\/\/magazineweb.com.ar\/wp-content\/uploads\/2024\/06\/Imagen-de-WhatsApp-2024-06-06-a-las-17.01.41_92e9a353.jpg",720,479,false],"ultp_layout_portrait":["http:\/\/magazineweb.com.ar\/wp-content\/uploads\/2024\/06\/Imagen-de-WhatsApp-2024-06-06-a-las-17.01.41_92e9a353-600x479.jpg",600,479,true],"ultp_layout_square":["http:\/\/magazineweb.com.ar\/wp-content\/uploads\/2024\/06\/Imagen-de-WhatsApp-2024-06-06-a-las-17.01.41_92e9a353-600x479.jpg",600,479,true]},"rttpg_author":{"display_name":"Redacci\u00f3n Magazine Web","author_link":"http:\/\/magazineweb.com.ar\/?author=3"},"rttpg_comment":0,"rttpg_category":"<a href=\"http:\/\/magazineweb.com.ar\/?cat=4\" rel=\"category\">Destacados<\/a> <a href=\"http:\/\/magazineweb.com.ar\/?cat=9\" rel=\"category\">Informaci\u00f3n General<\/a>","rttpg_excerpt":"La intendenta de Quilmes, Mayra Mendoza, recorri\u00f3 este jueves la 16\u00aa edici\u00f3n de la Feria Distrital de Educaci\u00f3n, Arte, Ciencia y Tecnolog\u00eda, que tuvo lugar en los distintos espacios que&hellip;","_links":{"self":[{"href":"http:\/\/magazineweb.com.ar\/index.php?rest_route=\/wp\/v2\/posts\/6718","targetHints":{"allow":["GET"]}}],"collection":[{"href":"http:\/\/magazineweb.com.ar\/index.php?rest_route=\/wp\/v2\/posts"}],"about":[{"href":"http:\/\/magazineweb.com.ar\/index.php?rest_route=\/wp\/v2\/types\/post"}],"author":[{"embeddable":true,"href":"http:\/\/magazineweb.com.ar\/index.php?rest_route=\/wp\/v2\/users\/3"}],"replies":[{"embeddable":true,"href":"http:\/\/magazineweb.com.ar\/index.php?rest_route=%2Fwp%2Fv2%2Fcomments&post=6718"}],"version-history":[{"count":1,"href":"http:\/\/magazineweb.com.ar\/index.php?rest_route=\/wp\/v2\/posts\/6718\/revisions"}],"predecessor-version":[{"id":6720,"href":"http:\/\/magazineweb.com.ar\/index.php?rest_route=\/wp\/v2\/posts\/6718\/revisions\/6720"}],"wp:featuredmedia":[{"embeddable":true,"href":"http:\/\/magazineweb.com.ar\/index.php?rest_route=\/wp\/v2\/media\/6719"}],"wp:attachment":[{"href":"http:\/\/magazineweb.com.ar\/index.php?rest_route=%2Fwp%2Fv2%2Fmedia&parent=6718"}],"wp:term":[{"taxonomy":"category","embeddable":true,"href":"http:\/\/magazineweb.com.ar\/index.php?rest_route=%2Fwp%2Fv2%2Fcategories&post=6718"},{"taxonomy":"post_tag","embeddable":true,"href":"http:\/\/magazineweb.com.ar\/index.php?rest_route=%2Fwp%2Fv2%2Ftags&post=6718"}],"curies":[{"name":"wp","href":"https:\/\/api.w.org\/{rel}","templated":true}]}}