{"id":6751,"date":"2024-06-13T01:06:00","date_gmt":"2024-06-13T04:06:00","guid":{"rendered":"https:\/\/magazineweb.com.ar\/?p=6751"},"modified":"2024-06-10T21:13:25","modified_gmt":"2024-06-11T00:13:25","slug":"jornada-de-reflexion-sobre-el-maltrato-a-la-vejez-en-varela","status":"publish","type":"post","link":"http:\/\/magazineweb.com.ar\/?p=6751","title":{"rendered":"Jornada de reflexi\u00f3n sobre el maltrato a la vejez en Varela"},"content":{"rendered":"\n<p>La Comuna prepara actividades multitem\u00e1ticas a fin de sensibilizar respecto a una problem\u00e1tica que afecta tanto a adultos como adultas mayores este viernes 14 del corriente mes desde las 10 hs. en el parque recreativo, deportivo y cultural de calle Thevenet esquina Storni.<\/p>\n\n\n\n<p>Durante una entrevista en la Radio Municipal, la coordinadora de la propuesta -Evangelista Pereyra- detalla: \u201cEn 2006, la Organizaci\u00f3n de las Naciones Unidas establece el 15 de junio como fecha para tomar conciencia del abuso y el maltrato en la vejez, a partir de la cual incentiva a los pa\u00edses a conformar pol\u00edticas activas de inclusi\u00f3n y participaci\u00f3n\u201d. \u00abArgentina tiene su legislaci\u00f3n y la Intendencia de Florencio Varela siempre pone en agenda a este grupo etario\u00bb, remarca.<\/p>\n\n\n\n<p>Sobre el evento, destaca \u00abla importancia de visibilizar los derechos de las personas de la tercera edad\u00bb. Por otra parte, adelanta un cronograma con \u00abjuegos, shows musicales, charlas con material informativo y talleres, como el de ejercitar la memoria\u201d.<\/p>\n\n\n\n<p>Ante inclemencias clim\u00e1ticas, la iniciativa ser\u00e1 reprogramada para el mi\u00e9rcoles 19 de junio.<\/p>\n","protected":false},"excerpt":{"rendered":"<p>La Comuna prepara actividades multitem\u00e1ticas a fin de sensibilizar respecto a una problem\u00e1tica que afecta tanto a adultos como adultas mayores este viernes 14 del corriente mes desde las 10&hellip;<\/p>\n","protected":false},"author":3,"featured_media":6752,"comment_status":"closed","ping_status":"closed","sticky":false,"template":"","format":"standard","meta":{"footnotes":""},"categories":[9],"tags":[],"class_list":["post-6751","post","type-post","status-publish","format-standard","has-post-thumbnail","hentry","category-informacion-general"],"rttpg_featured_image_url":{"full":["http:\/\/magazineweb.com.ar\/wp-content\/uploads\/2024\/06\/varela-vejez.jpg",850,1063,false],"landscape":["http:\/\/magazineweb.com.ar\/wp-content\/uploads\/2024\/06\/varela-vejez.jpg",850,1063,false],"portraits":["http:\/\/magazineweb.com.ar\/wp-content\/uploads\/2024\/06\/varela-vejez.jpg",850,1063,false],"thumbnail":["http:\/\/magazineweb.com.ar\/wp-content\/uploads\/2024\/06\/varela-vejez-150x150.jpg",150,150,true],"medium":["http:\/\/magazineweb.com.ar\/wp-content\/uploads\/2024\/06\/varela-vejez-240x300.jpg",240,300,true],"large":["http:\/\/magazineweb.com.ar\/wp-content\/uploads\/2024\/06\/varela-vejez-819x1024.jpg",819,1024,true],"1536x1536":["http:\/\/magazineweb.com.ar\/wp-content\/uploads\/2024\/06\/varela-vejez.jpg",850,1063,false],"2048x2048":["http:\/\/magazineweb.com.ar\/wp-content\/uploads\/2024\/06\/varela-vejez.jpg",850,1063,false],"ultp_layout_landscape_large":["http:\/\/magazineweb.com.ar\/wp-content\/uploads\/2024\/06\/varela-vejez-850x800.jpg",850,800,true],"ultp_layout_landscape":["http:\/\/magazineweb.com.ar\/wp-content\/uploads\/2024\/06\/varela-vejez-850x570.jpg",850,570,true],"ultp_layout_portrait":["http:\/\/magazineweb.com.ar\/wp-content\/uploads\/2024\/06\/varela-vejez-600x900.jpg",600,900,true],"ultp_layout_square":["http:\/\/magazineweb.com.ar\/wp-content\/uploads\/2024\/06\/varela-vejez-600x600.jpg",600,600,true]},"rttpg_author":{"display_name":"Redacci\u00f3n Magazine Web","author_link":"http:\/\/magazineweb.com.ar\/?author=3"},"rttpg_comment":0,"rttpg_category":"<a href=\"http:\/\/magazineweb.com.ar\/?cat=9\" rel=\"category\">Informaci\u00f3n General<\/a>","rttpg_excerpt":"La Comuna prepara actividades multitem\u00e1ticas a fin de sensibilizar respecto a una problem\u00e1tica que afecta tanto a adultos como adultas mayores este viernes 14 del corriente mes desde las 10&hellip;","_links":{"self":[{"href":"http:\/\/magazineweb.com.ar\/index.php?rest_route=\/wp\/v2\/posts\/6751","targetHints":{"allow":["GET"]}}],"collection":[{"href":"http:\/\/magazineweb.com.ar\/index.php?rest_route=\/wp\/v2\/posts"}],"about":[{"href":"http:\/\/magazineweb.com.ar\/index.php?rest_route=\/wp\/v2\/types\/post"}],"author":[{"embeddable":true,"href":"http:\/\/magazineweb.com.ar\/index.php?rest_route=\/wp\/v2\/users\/3"}],"replies":[{"embeddable":true,"href":"http:\/\/magazineweb.com.ar\/index.php?rest_route=%2Fwp%2Fv2%2Fcomments&post=6751"}],"version-history":[{"count":1,"href":"http:\/\/magazineweb.com.ar\/index.php?rest_route=\/wp\/v2\/posts\/6751\/revisions"}],"predecessor-version":[{"id":6753,"href":"http:\/\/magazineweb.com.ar\/index.php?rest_route=\/wp\/v2\/posts\/6751\/revisions\/6753"}],"wp:featuredmedia":[{"embeddable":true,"href":"http:\/\/magazineweb.com.ar\/index.php?rest_route=\/wp\/v2\/media\/6752"}],"wp:attachment":[{"href":"http:\/\/magazineweb.com.ar\/index.php?rest_route=%2Fwp%2Fv2%2Fmedia&parent=6751"}],"wp:term":[{"taxonomy":"category","embeddable":true,"href":"http:\/\/magazineweb.com.ar\/index.php?rest_route=%2Fwp%2Fv2%2Fcategories&post=6751"},{"taxonomy":"post_tag","embeddable":true,"href":"http:\/\/magazineweb.com.ar\/index.php?rest_route=%2Fwp%2Fv2%2Ftags&post=6751"}],"curies":[{"name":"wp","href":"https:\/\/api.w.org\/{rel}","templated":true}]}}