{"id":6760,"date":"2024-06-13T01:07:00","date_gmt":"2024-06-13T04:07:00","guid":{"rendered":"https:\/\/magazineweb.com.ar\/?p=6760"},"modified":"2024-06-11T16:53:45","modified_gmt":"2024-06-11T19:53:45","slug":"importante-proyecto-de-urbanizacion-para-el-barrio-once-de-el-pato-en-berazategui","status":"publish","type":"post","link":"http:\/\/magazineweb.com.ar\/?p=6760","title":{"rendered":"Importante proyecto de urbanizaci\u00f3n para el Barrio Once de El Pato en Berazategui"},"content":{"rendered":"\n<p><strong>Se est\u00e1 ejecutando una obra de urbanizaci\u00f3n en el barrio Once del Centro Agr\u00edcola El Pato, a trav\u00e9s del Programa de Integraci\u00f3n Social y Urbana de la provincia de Buenos Aires. La primera etapa de los trabajos incluye la construcci\u00f3n de un Polo Educativo Integral, un Sal\u00f3n de Usos M\u00faltiples (SUM), una plaza y un circuito deportivo. Beneficiar\u00e1 a m\u00e1s de 4500 vecinos y vecinas.<\/strong><\/p>\n\n\n\n<p>Estas obras son ejecutadas mediante un convenio firmado con el OPISU (Organismo Provincial de Integraci\u00f3n Social y Urbana); con el financiamiento del Banco Interamericano de Desarrollo (BID); el impulso del gobernador bonaerense, Axel Kicillof; y los proyectos presentados por el Municipio, a cargo del intendente Juan Jos\u00e9 Mussi.<\/p>\n\n\n\n<p>El Polo Educativo Integral contempla la construcci\u00f3n de una Escuela Primaria (12 aulas), una Secundaria (12 aulas) y un Jard\u00edn de Infantes (6 aulas), en el predio municipal ubicado en las calles 513, 622, 623 y 514.<\/p>\n","protected":false},"excerpt":{"rendered":"<p>Se est\u00e1 ejecutando una obra de urbanizaci\u00f3n en el barrio Once del Centro Agr\u00edcola El Pato, a trav\u00e9s del Programa de Integraci\u00f3n Social y Urbana de la provincia de Buenos&hellip;<\/p>\n","protected":false},"author":3,"featured_media":6761,"comment_status":"closed","ping_status":"closed","sticky":false,"template":"","format":"standard","meta":{"footnotes":""},"categories":[9],"tags":[],"class_list":["post-6760","post","type-post","status-publish","format-standard","has-post-thumbnail","hentry","category-informacion-general"],"rttpg_featured_image_url":{"full":["http:\/\/magazineweb.com.ar\/wp-content\/uploads\/2024\/06\/IMPORTANTE-PROYECTO-DE-URBANIZACION-PARA-EL-BARRIO-ONCE-DE-EL-PATO-EN-BERAZATEGUI-3.jpeg",1600,1200,false],"landscape":["http:\/\/magazineweb.com.ar\/wp-content\/uploads\/2024\/06\/IMPORTANTE-PROYECTO-DE-URBANIZACION-PARA-EL-BARRIO-ONCE-DE-EL-PATO-EN-BERAZATEGUI-3.jpeg",1600,1200,false],"portraits":["http:\/\/magazineweb.com.ar\/wp-content\/uploads\/2024\/06\/IMPORTANTE-PROYECTO-DE-URBANIZACION-PARA-EL-BARRIO-ONCE-DE-EL-PATO-EN-BERAZATEGUI-3.jpeg",1600,1200,false],"thumbnail":["http:\/\/magazineweb.com.ar\/wp-content\/uploads\/2024\/06\/IMPORTANTE-PROYECTO-DE-URBANIZACION-PARA-EL-BARRIO-ONCE-DE-EL-PATO-EN-BERAZATEGUI-3-150x150.jpeg",150,150,true],"medium":["http:\/\/magazineweb.com.ar\/wp-content\/uploads\/2024\/06\/IMPORTANTE-PROYECTO-DE-URBANIZACION-PARA-EL-BARRIO-ONCE-DE-EL-PATO-EN-BERAZATEGUI-3-300x225.jpeg",300,225,true],"large":["http:\/\/magazineweb.com.ar\/wp-content\/uploads\/2024\/06\/IMPORTANTE-PROYECTO-DE-URBANIZACION-PARA-EL-BARRIO-ONCE-DE-EL-PATO-EN-BERAZATEGUI-3-1024x768.jpeg",1024,768,true],"1536x1536":["http:\/\/magazineweb.com.ar\/wp-content\/uploads\/2024\/06\/IMPORTANTE-PROYECTO-DE-URBANIZACION-PARA-EL-BARRIO-ONCE-DE-EL-PATO-EN-BERAZATEGUI-3-1536x1152.jpeg",1536,1152,true],"2048x2048":["http:\/\/magazineweb.com.ar\/wp-content\/uploads\/2024\/06\/IMPORTANTE-PROYECTO-DE-URBANIZACION-PARA-EL-BARRIO-ONCE-DE-EL-PATO-EN-BERAZATEGUI-3.jpeg",1600,1200,false],"ultp_layout_landscape_large":["http:\/\/magazineweb.com.ar\/wp-content\/uploads\/2024\/06\/IMPORTANTE-PROYECTO-DE-URBANIZACION-PARA-EL-BARRIO-ONCE-DE-EL-PATO-EN-BERAZATEGUI-3-1200x800.jpeg",1200,800,true],"ultp_layout_landscape":["http:\/\/magazineweb.com.ar\/wp-content\/uploads\/2024\/06\/IMPORTANTE-PROYECTO-DE-URBANIZACION-PARA-EL-BARRIO-ONCE-DE-EL-PATO-EN-BERAZATEGUI-3-870x570.jpeg",870,570,true],"ultp_layout_portrait":["http:\/\/magazineweb.com.ar\/wp-content\/uploads\/2024\/06\/IMPORTANTE-PROYECTO-DE-URBANIZACION-PARA-EL-BARRIO-ONCE-DE-EL-PATO-EN-BERAZATEGUI-3-600x900.jpeg",600,900,true],"ultp_layout_square":["http:\/\/magazineweb.com.ar\/wp-content\/uploads\/2024\/06\/IMPORTANTE-PROYECTO-DE-URBANIZACION-PARA-EL-BARRIO-ONCE-DE-EL-PATO-EN-BERAZATEGUI-3-600x600.jpeg",600,600,true]},"rttpg_author":{"display_name":"Redacci\u00f3n Magazine Web","author_link":"http:\/\/magazineweb.com.ar\/?author=3"},"rttpg_comment":0,"rttpg_category":"<a href=\"http:\/\/magazineweb.com.ar\/?cat=9\" rel=\"category\">Informaci\u00f3n General<\/a>","rttpg_excerpt":"Se est\u00e1 ejecutando una obra de urbanizaci\u00f3n en el barrio Once del Centro Agr\u00edcola El Pato, a trav\u00e9s del Programa de Integraci\u00f3n Social y Urbana de la provincia de Buenos&hellip;","_links":{"self":[{"href":"http:\/\/magazineweb.com.ar\/index.php?rest_route=\/wp\/v2\/posts\/6760","targetHints":{"allow":["GET"]}}],"collection":[{"href":"http:\/\/magazineweb.com.ar\/index.php?rest_route=\/wp\/v2\/posts"}],"about":[{"href":"http:\/\/magazineweb.com.ar\/index.php?rest_route=\/wp\/v2\/types\/post"}],"author":[{"embeddable":true,"href":"http:\/\/magazineweb.com.ar\/index.php?rest_route=\/wp\/v2\/users\/3"}],"replies":[{"embeddable":true,"href":"http:\/\/magazineweb.com.ar\/index.php?rest_route=%2Fwp%2Fv2%2Fcomments&post=6760"}],"version-history":[{"count":1,"href":"http:\/\/magazineweb.com.ar\/index.php?rest_route=\/wp\/v2\/posts\/6760\/revisions"}],"predecessor-version":[{"id":6762,"href":"http:\/\/magazineweb.com.ar\/index.php?rest_route=\/wp\/v2\/posts\/6760\/revisions\/6762"}],"wp:featuredmedia":[{"embeddable":true,"href":"http:\/\/magazineweb.com.ar\/index.php?rest_route=\/wp\/v2\/media\/6761"}],"wp:attachment":[{"href":"http:\/\/magazineweb.com.ar\/index.php?rest_route=%2Fwp%2Fv2%2Fmedia&parent=6760"}],"wp:term":[{"taxonomy":"category","embeddable":true,"href":"http:\/\/magazineweb.com.ar\/index.php?rest_route=%2Fwp%2Fv2%2Fcategories&post=6760"},{"taxonomy":"post_tag","embeddable":true,"href":"http:\/\/magazineweb.com.ar\/index.php?rest_route=%2Fwp%2Fv2%2Ftags&post=6760"}],"curies":[{"name":"wp","href":"https:\/\/api.w.org\/{rel}","templated":true}]}}