{"id":6802,"date":"2024-06-24T01:07:00","date_gmt":"2024-06-24T04:07:00","guid":{"rendered":"https:\/\/magazineweb.com.ar\/?p=6802"},"modified":"2024-06-23T14:59:35","modified_gmt":"2024-06-23T17:59:35","slug":"teresa-garcia-el-presidente-de-ypf-extorsiona-a-la-provincia-de-buenos-aires","status":"publish","type":"post","link":"http:\/\/magazineweb.com.ar\/?p=6802","title":{"rendered":"Teresa Garc\u00eda: \u00abEl presidente de YPF extorsiona a la Provincia de Buenos Aires\u00bb"},"content":{"rendered":"\n<p>La presidenta del bloque de senadores bonaerense de Uni\u00f3n por la Patria (UxP),&nbsp;Mar\u00eda Teresa Garc\u00eda, asegur\u00f3 el s\u00e1bado que el presidente de YPF, Horacio&nbsp;Mar\u00edn, busca \u201cextorsionar\u201d al gobernador Axel Kicillof, al expresar que para comenzar las negociaciones para instalar la planta de GNL en Bah\u00eda Blanca, la provincia de Buenos Aires deber\u00e1 adherirse al R\u00e9gimen de Incentivo para las Grandes Inversiones (RIGI)&nbsp;incluido en la Ley Bases.<\/p>\n\n\n\n<p>Las declaraciones de la legisladora surgieron luego de que el ejecutivo de la petrolera le advirtiera al gobernador que si la provincia de Buenos Aires no adhiere al RIGI, la planta de gas natural licuado que se proyecta construir junto a Petronas, para potenciar la exportaci\u00f3n del gas de Vaca Muerta, se instalar\u00e1 en Punta Colorada, en la provincia de R\u00edo Negro.<\/p>\n\n\n\n<p>Por ello, en una entrevista con Radio Provincia AM 1.270, la dirigente pol\u00edtica consider\u00f3 que&nbsp;el funcionario de Javier Milei \u201cest\u00e1 extorsionando al gobierno de Axel Kicillof con el proyecto para construir una planta de GNL en Bah\u00eda Blanca\u201d que permita vender el gas no convencional de Vaca Muerta al exterior.<\/p>\n\n\n\n<p>En ese marco, cont\u00f3 que d\u00edas atr\u00e1s recibi\u00f3 \u201cen la Legislatura bonaerense al intendente de Bah\u00eda Blanca (Federico Susbielles) y a todos los actores sociales de la ciudad por lo que significa esta inversi\u00f3n\u201d y asegur\u00f3 que \u201clos t\u00e9cnicos explicaron que&nbsp;R\u00edo Negro no tiene infraestructura y otras cuestiones necesarias que Bah\u00eda Blanca tiene resueltas\u201d.&nbsp;<\/p>\n\n\n\n<p>Consider\u00f3 que \u201clo del presidente de YPF es una extorsi\u00f3n clara y abierta\u201d y aclar\u00f3 que \u201cla Provincia va a resistir ser reh\u00e9n y seguir\u00e1 peleando por la atribuci\u00f3n que tiene Bah\u00eda Blanca para quedarse con este emprendimiento\u201d.&nbsp;<\/p>\n\n\n\n<p>Garc\u00eda denunci\u00f3 que \u201chay una manipulaci\u00f3n de la informaci\u00f3n y una sobreactuaci\u00f3n con el&nbsp;apriete a la Provincia, debido a que no solamente es la inversi\u00f3n en materia de infraestructura que se deber\u00eda realizar en R\u00edo Negro, sino tambi\u00e9n la necesidad de contar con recursos humanos que actualmente no dispone\u201d.<\/p>\n\n\n\n<p>En igual sentido se hab\u00eda pronunciado el exdiputado nacional de Consenso Federal,&nbsp;Alejandro \u201cTopo\u201d Rodr\u00edguez: \u201c\u00bfQui\u00e9n es el Presidente de YPF, Horacio Mar\u00edn, para apretar p\u00fablicamente a la Provincia de Buenos Aires? El se\u00f1or dice que si la Provincia no adhiere al RIGI, entonces \u2018se termin\u00f3 la discusi\u00f3n\u2019. Y agrega que si Buenos Aires no adhiere, las inversiones para la licuefacci\u00f3n del gas de Vaca Muerta no ir\u00e1n a Bah\u00eda Blanca sino \u2018a la provincia que adhiera al RIGI, es obvio\u2019\u201d.<\/p>\n\n\n\n<p>\u201cEl Presidente de YPF no tiene ninguna competencia, ni legitimidad para definir de antemano a d\u00f3nde ir\u00e1n las inversiones, pero es evidente que est\u00e1 ejerciendo una bruta e ilegal presi\u00f3n pol\u00edtica para que la Provincia de Buenos Aires se subordine a las pol\u00edticas del Presidente Javier Milei\u201d, denunci\u00f3 Rodr\u00edguez. \u201cEsta circunstancia hace opaco, arbitrario y ama\u00f1ado todo el proceso. Es grave\u201d, alert\u00f3 en su cuenta de X.<\/p>\n\n\n\n<h2 class=\"wp-block-heading\"><strong>Las palabras de Mar\u00edn<\/strong><\/h2>\n\n\n\n<p>\u201cSin el RIGI no hay GNL\u201d, expres\u00f3 Mar\u00edn en una entrevista con&nbsp;<em>LN+.&nbsp;<\/em><\/p>\n\n\n\n<p>Es que Kicillof&nbsp; promueve la instalaci\u00f3n de la planta en Bah\u00eda Blanca, y su par rionegrino, Alberto Weretilneck, busca que la iniciativa se traslade a Punta Colorada.<\/p>\n\n\n\n<p>En ese marco,&nbsp;Mar\u00edn aclar\u00f3 que si Buenos Aires no adhiere al RIGI no hay forma de que el proyecto se haga en Bah\u00eda Blanca.&nbsp;\u201cObviamente tienen que adherir al RIGI. Si no adhieren al RIGI ya se termin\u00f3 la discusi\u00f3n. Si no adhiere la Provincia no hay que discutir nada, ir\u00e1 a la provincia que adhiera al RIGI. Es obvio, \u00bfQui\u00e9n va a poner la plata si no?\u201d, dijo.<\/p>\n\n\n\n<p>\u201cCuando digamos d\u00f3nde es m\u00e1s rentable, la gente de YPF que trabaja en GNL se va a juntar con la gente de Petronas y, una vez que est\u00e1 la decisi\u00f3n, yo voy a ir personalmente con cada uno de los gobernadores, le voy a mostrar los n\u00fameros y luego lo voy a hacer p\u00fablico. Es el procedimiento y lo saben todos, ac\u00e1 nadie est\u00e1 jugando raro\u201d, expuso Mar\u00edn.<\/p>\n","protected":false},"excerpt":{"rendered":"<p>La presidenta del bloque de senadores bonaerense de Uni\u00f3n por la Patria (UxP),&nbsp;Mar\u00eda Teresa Garc\u00eda, asegur\u00f3 el s\u00e1bado que el presidente de YPF, Horacio&nbsp;Mar\u00edn, busca \u201cextorsionar\u201d al gobernador Axel Kicillof,&hellip;<\/p>\n","protected":false},"author":3,"featured_media":6803,"comment_status":"closed","ping_status":"closed","sticky":false,"template":"","format":"standard","meta":{"footnotes":""},"categories":[13,14],"tags":[],"class_list":["post-6802","post","type-post","status-publish","format-standard","has-post-thumbnail","hentry","category-politica","category-provincial"],"rttpg_featured_image_url":{"full":["http:\/\/magazineweb.com.ar\/wp-content\/uploads\/2024\/06\/546-1200x676-1.webp",1200,676,false],"landscape":["http:\/\/magazineweb.com.ar\/wp-content\/uploads\/2024\/06\/546-1200x676-1.webp",1200,676,false],"portraits":["http:\/\/magazineweb.com.ar\/wp-content\/uploads\/2024\/06\/546-1200x676-1.webp",1200,676,false],"thumbnail":["http:\/\/magazineweb.com.ar\/wp-content\/uploads\/2024\/06\/546-1200x676-1-150x150.webp",150,150,true],"medium":["http:\/\/magazineweb.com.ar\/wp-content\/uploads\/2024\/06\/546-1200x676-1-300x169.webp",300,169,true],"large":["http:\/\/magazineweb.com.ar\/wp-content\/uploads\/2024\/06\/546-1200x676-1-1024x577.webp",1024,577,true],"1536x1536":["http:\/\/magazineweb.com.ar\/wp-content\/uploads\/2024\/06\/546-1200x676-1.webp",1200,676,false],"2048x2048":["http:\/\/magazineweb.com.ar\/wp-content\/uploads\/2024\/06\/546-1200x676-1.webp",1200,676,false],"ultp_layout_landscape_large":["http:\/\/magazineweb.com.ar\/wp-content\/uploads\/2024\/06\/546-1200x676-1.webp",1200,676,false],"ultp_layout_landscape":["http:\/\/magazineweb.com.ar\/wp-content\/uploads\/2024\/06\/546-1200x676-1-870x570.webp",870,570,true],"ultp_layout_portrait":["http:\/\/magazineweb.com.ar\/wp-content\/uploads\/2024\/06\/546-1200x676-1-600x676.webp",600,676,true],"ultp_layout_square":["http:\/\/magazineweb.com.ar\/wp-content\/uploads\/2024\/06\/546-1200x676-1-600x600.webp",600,600,true]},"rttpg_author":{"display_name":"Redacci\u00f3n Magazine Web","author_link":"http:\/\/magazineweb.com.ar\/?author=3"},"rttpg_comment":0,"rttpg_category":"<a href=\"http:\/\/magazineweb.com.ar\/?cat=13\" rel=\"category\">Pol\u00edtica<\/a> <a href=\"http:\/\/magazineweb.com.ar\/?cat=14\" rel=\"category\">Provincial<\/a>","rttpg_excerpt":"La presidenta del bloque de senadores bonaerense de Uni\u00f3n por la Patria (UxP),&nbsp;Mar\u00eda Teresa Garc\u00eda, asegur\u00f3 el s\u00e1bado que el presidente de YPF, Horacio&nbsp;Mar\u00edn, busca \u201cextorsionar\u201d al gobernador Axel Kicillof,&hellip;","_links":{"self":[{"href":"http:\/\/magazineweb.com.ar\/index.php?rest_route=\/wp\/v2\/posts\/6802","targetHints":{"allow":["GET"]}}],"collection":[{"href":"http:\/\/magazineweb.com.ar\/index.php?rest_route=\/wp\/v2\/posts"}],"about":[{"href":"http:\/\/magazineweb.com.ar\/index.php?rest_route=\/wp\/v2\/types\/post"}],"author":[{"embeddable":true,"href":"http:\/\/magazineweb.com.ar\/index.php?rest_route=\/wp\/v2\/users\/3"}],"replies":[{"embeddable":true,"href":"http:\/\/magazineweb.com.ar\/index.php?rest_route=%2Fwp%2Fv2%2Fcomments&post=6802"}],"version-history":[{"count":1,"href":"http:\/\/magazineweb.com.ar\/index.php?rest_route=\/wp\/v2\/posts\/6802\/revisions"}],"predecessor-version":[{"id":6804,"href":"http:\/\/magazineweb.com.ar\/index.php?rest_route=\/wp\/v2\/posts\/6802\/revisions\/6804"}],"wp:featuredmedia":[{"embeddable":true,"href":"http:\/\/magazineweb.com.ar\/index.php?rest_route=\/wp\/v2\/media\/6803"}],"wp:attachment":[{"href":"http:\/\/magazineweb.com.ar\/index.php?rest_route=%2Fwp%2Fv2%2Fmedia&parent=6802"}],"wp:term":[{"taxonomy":"category","embeddable":true,"href":"http:\/\/magazineweb.com.ar\/index.php?rest_route=%2Fwp%2Fv2%2Fcategories&post=6802"},{"taxonomy":"post_tag","embeddable":true,"href":"http:\/\/magazineweb.com.ar\/index.php?rest_route=%2Fwp%2Fv2%2Ftags&post=6802"}],"curies":[{"name":"wp","href":"https:\/\/api.w.org\/{rel}","templated":true}]}}