{"id":6815,"date":"2024-06-24T01:08:00","date_gmt":"2024-06-24T04:08:00","guid":{"rendered":"https:\/\/magazineweb.com.ar\/?p=6815"},"modified":"2024-06-23T15:38:29","modified_gmt":"2024-06-23T18:38:29","slug":"aseguran-que-la-inflacion-de-alimentos-y-bebidas-fue-del-0-en-la-tercera-semana-de-junio","status":"publish","type":"post","link":"http:\/\/magazineweb.com.ar\/?p=6815","title":{"rendered":"Aseguran que la inflaci\u00f3n de alimentos y bebidas fue del 0% en la tercera semana de junio"},"content":{"rendered":"\n<p>Los precios de los alimentos y bebidas no habr\u00edan tenido variaciones durante la tercera semana de junio,&nbsp;al registrar una inflaci\u00f3n del 0%, seg\u00fan revel\u00f3 un estudio de la consultora Econom\u00e9trica.<\/p>\n\n\n\n<p>La medici\u00f3n realizada se centr\u00f3 en el estudio de 8.000 precios de supermercados online y registr\u00f3 que los valores de la categor\u00eda se mantuvieron iguales en la semana pasada respecto a los 7 d\u00edas previos, algo que&nbsp;no suced\u00eda hace 30 a\u00f1os.<\/p>\n\n\n\n<p>El informe detall\u00f3 que el rubro alimentos y bebidas tuvo un aumento del 0,1% en los \u00faltimos quince d\u00edas, al exhibir una suba de una d\u00e9cima en la segunda semana del sexto mes del a\u00f1o y no registrar variaciones (0,0%) en la tercera semana.<\/p>\n\n\n\n<p>En cuanto al dato de la primera semana, el reporte reflej\u00f3 que el costo de la categor\u00eda trep\u00f3 un 1,2%. De esta manera, la consultora estim\u00f3 que&nbsp;la inflaci\u00f3n del mes en alimentos y bebidas alcanza el 2,4%, a falta de una semana para que finalice.<\/p>\n\n\n\n<p>En este sentido, durante el mes pasado, los precios de los alimentos y bebidas no alcoh\u00f3licas se desaceleraron respecto de abril,&nbsp;al caer del 6% al 4,8%,&nbsp;mientras que los de las bebidas alcoh\u00f3licas y tabaco, treparon un 6,7%, seg\u00fan el INDEC. Ambas categor\u00edas se ubicaron por encima del IPC general que fue del 4,2%.<\/p>\n\n\n\n<p>En lo que va del a\u00f1o,&nbsp;los alimentos y bebidas acumulan una suba del 65,6%, mientras que las bebidas alcoh\u00f3licas y tabaco se encarecieron un 80% en los primeros cinco meses del a\u00f1o, de acuerdo a la medici\u00f3n oficial del INDEC.<\/p>\n\n\n\n<p>En la variaci\u00f3n interanual, en tanto, los alimentos y bebidas registraron en mayo&nbsp;un aumento de los precios del 289,4% a nivel nacional.&nbsp;En el caso de las bebidas alcoh\u00f3licas y el tabaco, la inflaci\u00f3n del quinto mes del a\u00f1o frente a la del mismo mes de 2023 fue del 266,3%.<\/p>\n","protected":false},"excerpt":{"rendered":"<p>Los precios de los alimentos y bebidas no habr\u00edan tenido variaciones durante la tercera semana de junio,&nbsp;al registrar una inflaci\u00f3n del 0%, seg\u00fan revel\u00f3 un estudio de la consultora Econom\u00e9trica.&hellip;<\/p>\n","protected":false},"author":3,"featured_media":6816,"comment_status":"closed","ping_status":"closed","sticky":false,"template":"","format":"standard","meta":{"footnotes":""},"categories":[5],"tags":[],"class_list":["post-6815","post","type-post","status-publish","format-standard","has-post-thumbnail","hentry","category-economia"],"rttpg_featured_image_url":{"full":["http:\/\/magazineweb.com.ar\/wp-content\/uploads\/2024\/06\/720-7-1.webp",1080,720,false],"landscape":["http:\/\/magazineweb.com.ar\/wp-content\/uploads\/2024\/06\/720-7-1.webp",1080,720,false],"portraits":["http:\/\/magazineweb.com.ar\/wp-content\/uploads\/2024\/06\/720-7-1.webp",1080,720,false],"thumbnail":["http:\/\/magazineweb.com.ar\/wp-content\/uploads\/2024\/06\/720-7-1-150x150.webp",150,150,true],"medium":["http:\/\/magazineweb.com.ar\/wp-content\/uploads\/2024\/06\/720-7-1-300x200.webp",300,200,true],"large":["http:\/\/magazineweb.com.ar\/wp-content\/uploads\/2024\/06\/720-7-1-1024x683.webp",1024,683,true],"1536x1536":["http:\/\/magazineweb.com.ar\/wp-content\/uploads\/2024\/06\/720-7-1.webp",1080,720,false],"2048x2048":["http:\/\/magazineweb.com.ar\/wp-content\/uploads\/2024\/06\/720-7-1.webp",1080,720,false],"ultp_layout_landscape_large":["http:\/\/magazineweb.com.ar\/wp-content\/uploads\/2024\/06\/720-7-1.webp",1080,720,false],"ultp_layout_landscape":["http:\/\/magazineweb.com.ar\/wp-content\/uploads\/2024\/06\/720-7-1-870x570.webp",870,570,true],"ultp_layout_portrait":["http:\/\/magazineweb.com.ar\/wp-content\/uploads\/2024\/06\/720-7-1-600x720.webp",600,720,true],"ultp_layout_square":["http:\/\/magazineweb.com.ar\/wp-content\/uploads\/2024\/06\/720-7-1-600x600.webp",600,600,true]},"rttpg_author":{"display_name":"Redacci\u00f3n Magazine Web","author_link":"http:\/\/magazineweb.com.ar\/?author=3"},"rttpg_comment":0,"rttpg_category":"<a href=\"http:\/\/magazineweb.com.ar\/?cat=5\" rel=\"category\">Econom\u00eda<\/a>","rttpg_excerpt":"Los precios de los alimentos y bebidas no habr\u00edan tenido variaciones durante la tercera semana de junio,&nbsp;al registrar una inflaci\u00f3n del 0%, seg\u00fan revel\u00f3 un estudio de la consultora Econom\u00e9trica.&hellip;","_links":{"self":[{"href":"http:\/\/magazineweb.com.ar\/index.php?rest_route=\/wp\/v2\/posts\/6815","targetHints":{"allow":["GET"]}}],"collection":[{"href":"http:\/\/magazineweb.com.ar\/index.php?rest_route=\/wp\/v2\/posts"}],"about":[{"href":"http:\/\/magazineweb.com.ar\/index.php?rest_route=\/wp\/v2\/types\/post"}],"author":[{"embeddable":true,"href":"http:\/\/magazineweb.com.ar\/index.php?rest_route=\/wp\/v2\/users\/3"}],"replies":[{"embeddable":true,"href":"http:\/\/magazineweb.com.ar\/index.php?rest_route=%2Fwp%2Fv2%2Fcomments&post=6815"}],"version-history":[{"count":1,"href":"http:\/\/magazineweb.com.ar\/index.php?rest_route=\/wp\/v2\/posts\/6815\/revisions"}],"predecessor-version":[{"id":6817,"href":"http:\/\/magazineweb.com.ar\/index.php?rest_route=\/wp\/v2\/posts\/6815\/revisions\/6817"}],"wp:featuredmedia":[{"embeddable":true,"href":"http:\/\/magazineweb.com.ar\/index.php?rest_route=\/wp\/v2\/media\/6816"}],"wp:attachment":[{"href":"http:\/\/magazineweb.com.ar\/index.php?rest_route=%2Fwp%2Fv2%2Fmedia&parent=6815"}],"wp:term":[{"taxonomy":"category","embeddable":true,"href":"http:\/\/magazineweb.com.ar\/index.php?rest_route=%2Fwp%2Fv2%2Fcategories&post=6815"},{"taxonomy":"post_tag","embeddable":true,"href":"http:\/\/magazineweb.com.ar\/index.php?rest_route=%2Fwp%2Fv2%2Ftags&post=6815"}],"curies":[{"name":"wp","href":"https:\/\/api.w.org\/{rel}","templated":true}]}}