{"id":6818,"date":"2024-06-24T01:06:00","date_gmt":"2024-06-24T04:06:00","guid":{"rendered":"https:\/\/magazineweb.com.ar\/?p=6818"},"modified":"2024-06-23T15:46:39","modified_gmt":"2024-06-23T18:46:39","slug":"el-gobierno-bonaerense-ya-inauguro-162-centros-de-atencion-primaria-de-la-salud","status":"publish","type":"post","link":"http:\/\/magazineweb.com.ar\/?p=6818","title":{"rendered":"El Gobierno bonaerense ya inaugur\u00f3 162 centros de atenci\u00f3n primaria de la salud"},"content":{"rendered":"\n<p>El gobierno de la provincia de Buenos Aires ya inaugur\u00f3&nbsp;162 centros de atenci\u00f3n primaria de la salud (CAPS), inform\u00f3 el s\u00e1bado el gobernador Axel Kicillof y destac\u00f3 que los problemas de los habitantes de esa jurisdicci\u00f3n \u201clos resuelve el Estado y no el mercado\u201d.<\/p>\n\n\n\n<p>\u201c\u00a1Llevamos inaugurados 162 Centros de Atenci\u00f3n Primaria de la Salud!\u201d, poste\u00f3 en su cuenta de la red social X el mandatario bonaerense.}<\/p>\n\n\n\n<p>El economista sostuvo que ello \u201ces el&nbsp;resultado de una pol\u00edtica que impulsamos desde el primer d\u00eda para reconstruir y transformar el sistema sanitario de la provincia de Buenos Aires y que garantiza que el acceso a la salud est\u00e9 al alcance de todos y todas\u201d.<\/p>\n\n\n\n<p>\u201cA los problemas de los bonaerenses no los resuelve el mercado, los resuelve el Estado con inversi\u00f3n y solidaridad\u201d, cerr\u00f3 en su posteo.<\/p>\n\n\n\n<p>Los Centro de Atenci\u00f3n Primaria de la Salud implementan&nbsp;programas de promoci\u00f3n y prevenci\u00f3n, ofrecen prestaciones sanitarias b\u00e1sicas y cuentan con consultorios de atenci\u00f3n general, odontolog\u00eda y ginecolog\u00eda y vacunatorio.<\/p>\n\n\n\n<p>Con su implementaci\u00f3n, en la que se atienden consultas de mediana y baja complejidad, se contribuye a descomprimir el sistema de salud.<\/p>\n","protected":false},"excerpt":{"rendered":"<p>El gobierno de la provincia de Buenos Aires ya inaugur\u00f3&nbsp;162 centros de atenci\u00f3n primaria de la salud (CAPS), inform\u00f3 el s\u00e1bado el gobernador Axel Kicillof y destac\u00f3 que los problemas&hellip;<\/p>\n","protected":false},"author":3,"featured_media":6819,"comment_status":"closed","ping_status":"closed","sticky":false,"template":"","format":"standard","meta":{"footnotes":""},"categories":[16],"tags":[],"class_list":["post-6818","post","type-post","status-publish","format-standard","has-post-thumbnail","hentry","category-salud-y-medio-ambiente"],"rttpg_featured_image_url":{"full":["http:\/\/magazineweb.com.ar\/wp-content\/uploads\/2024\/06\/GQmx9YXW4AArIPA-1200x675-1.webp",1200,675,false],"landscape":["http:\/\/magazineweb.com.ar\/wp-content\/uploads\/2024\/06\/GQmx9YXW4AArIPA-1200x675-1.webp",1200,675,false],"portraits":["http:\/\/magazineweb.com.ar\/wp-content\/uploads\/2024\/06\/GQmx9YXW4AArIPA-1200x675-1.webp",1200,675,false],"thumbnail":["http:\/\/magazineweb.com.ar\/wp-content\/uploads\/2024\/06\/GQmx9YXW4AArIPA-1200x675-1-150x150.webp",150,150,true],"medium":["http:\/\/magazineweb.com.ar\/wp-content\/uploads\/2024\/06\/GQmx9YXW4AArIPA-1200x675-1-300x169.webp",300,169,true],"large":["http:\/\/magazineweb.com.ar\/wp-content\/uploads\/2024\/06\/GQmx9YXW4AArIPA-1200x675-1-1024x576.webp",1024,576,true],"1536x1536":["http:\/\/magazineweb.com.ar\/wp-content\/uploads\/2024\/06\/GQmx9YXW4AArIPA-1200x675-1.webp",1200,675,false],"2048x2048":["http:\/\/magazineweb.com.ar\/wp-content\/uploads\/2024\/06\/GQmx9YXW4AArIPA-1200x675-1.webp",1200,675,false],"ultp_layout_landscape_large":["http:\/\/magazineweb.com.ar\/wp-content\/uploads\/2024\/06\/GQmx9YXW4AArIPA-1200x675-1.webp",1200,675,false],"ultp_layout_landscape":["http:\/\/magazineweb.com.ar\/wp-content\/uploads\/2024\/06\/GQmx9YXW4AArIPA-1200x675-1-870x570.webp",870,570,true],"ultp_layout_portrait":["http:\/\/magazineweb.com.ar\/wp-content\/uploads\/2024\/06\/GQmx9YXW4AArIPA-1200x675-1-600x675.webp",600,675,true],"ultp_layout_square":["http:\/\/magazineweb.com.ar\/wp-content\/uploads\/2024\/06\/GQmx9YXW4AArIPA-1200x675-1-600x600.webp",600,600,true]},"rttpg_author":{"display_name":"Redacci\u00f3n Magazine Web","author_link":"http:\/\/magazineweb.com.ar\/?author=3"},"rttpg_comment":0,"rttpg_category":"<a href=\"http:\/\/magazineweb.com.ar\/?cat=16\" rel=\"category\">Salud y Medio Ambiente<\/a>","rttpg_excerpt":"El gobierno de la provincia de Buenos Aires ya inaugur\u00f3&nbsp;162 centros de atenci\u00f3n primaria de la salud (CAPS), inform\u00f3 el s\u00e1bado el gobernador Axel Kicillof y destac\u00f3 que los problemas&hellip;","_links":{"self":[{"href":"http:\/\/magazineweb.com.ar\/index.php?rest_route=\/wp\/v2\/posts\/6818","targetHints":{"allow":["GET"]}}],"collection":[{"href":"http:\/\/magazineweb.com.ar\/index.php?rest_route=\/wp\/v2\/posts"}],"about":[{"href":"http:\/\/magazineweb.com.ar\/index.php?rest_route=\/wp\/v2\/types\/post"}],"author":[{"embeddable":true,"href":"http:\/\/magazineweb.com.ar\/index.php?rest_route=\/wp\/v2\/users\/3"}],"replies":[{"embeddable":true,"href":"http:\/\/magazineweb.com.ar\/index.php?rest_route=%2Fwp%2Fv2%2Fcomments&post=6818"}],"version-history":[{"count":1,"href":"http:\/\/magazineweb.com.ar\/index.php?rest_route=\/wp\/v2\/posts\/6818\/revisions"}],"predecessor-version":[{"id":6820,"href":"http:\/\/magazineweb.com.ar\/index.php?rest_route=\/wp\/v2\/posts\/6818\/revisions\/6820"}],"wp:featuredmedia":[{"embeddable":true,"href":"http:\/\/magazineweb.com.ar\/index.php?rest_route=\/wp\/v2\/media\/6819"}],"wp:attachment":[{"href":"http:\/\/magazineweb.com.ar\/index.php?rest_route=%2Fwp%2Fv2%2Fmedia&parent=6818"}],"wp:term":[{"taxonomy":"category","embeddable":true,"href":"http:\/\/magazineweb.com.ar\/index.php?rest_route=%2Fwp%2Fv2%2Fcategories&post=6818"},{"taxonomy":"post_tag","embeddable":true,"href":"http:\/\/magazineweb.com.ar\/index.php?rest_route=%2Fwp%2Fv2%2Ftags&post=6818"}],"curies":[{"name":"wp","href":"https:\/\/api.w.org\/{rel}","templated":true}]}}