{"id":6821,"date":"2024-06-24T01:06:00","date_gmt":"2024-06-24T04:06:00","guid":{"rendered":"https:\/\/magazineweb.com.ar\/?p=6821"},"modified":"2024-06-23T15:55:00","modified_gmt":"2024-06-23T18:55:00","slug":"se-frenan-las-compras-en-los-supermercados-mayoristas","status":"publish","type":"post","link":"http:\/\/magazineweb.com.ar\/?p=6821","title":{"rendered":"Se frenan las compras en los supermercados mayoristas"},"content":{"rendered":"\n<p>En medio de una recesi\u00f3n que no cede, las&nbsp;ventas al por mayor de productos esenciales cayeron 6% en abril, lo cual refleja como la crisis impacta en todos los niveles de la cadena de comercializaci\u00f3n.<\/p>\n\n\n\n<p>El dato fue informado por la&nbsp;C\u00e1mara Argentina de Distribuidores y Autoservicios Mayoristas (CADAM).<\/p>\n\n\n\n<p>En cuanto a los h\u00e1bitos de consumo,&nbsp;en abril se consolid\u00f3 la tendencia de buscar marcas m\u00e1s econ\u00f3micas y se pospuso la compra de productos no esenciales.&nbsp;<\/p>\n\n\n\n<p>Los sectores m\u00e1s afectados incluyen el cuidado personal, cosm\u00e9tica y perfumer\u00eda.<\/p>\n\n\n\n<p>El Instituto Nacional de Estad\u00edstica y Censos (INDEC)&nbsp;public\u00f3 la \u201cEncuesta de autoservicios mayoristas\u201d, que abarca desde alimentos hasta electr\u00f3nicos, indumentaria y textiles para el hogar.&nbsp;<\/p>\n\n\n\n<p>Pero la &nbsp;CADAM confecciona un monitor espec\u00edfico para productos de consumo masivo esenciales, como bebidas, almac\u00e9n, panader\u00eda, l\u00e1cteos y art\u00edculos de limpieza y perfumer\u00eda, para proporcionar datos m\u00e1s detallados.<\/p>\n\n\n\n<p>Los resultados indican una ca\u00edda del 6% en las ventas comparadas mes a mes a precios corrientes.<\/p>\n\n\n\n<p>Seg\u00fan CADAM, adem\u00e1s la disminuci\u00f3n de las expectativas inflacionarias y la reducci\u00f3n de ventas han generado un proceso de desinflaci\u00f3n debido a la competencia entre mayoristas y grandes cadenas.&nbsp;<\/p>\n\n\n\n<p>En ese contexto, los minoristas ya no est\u00e1n haciendo grandes compras, lo que podr\u00eda explicar la baja del 6% en abril respecto de marzo.&nbsp;<\/p>\n\n\n\n<p>Tambi\u00e9n se observa una menor cantidad de unidades por ticket y una menor frecuencia de compras.<\/p>\n\n\n\n<p>En cuanto a los h\u00e1bitos de consumo, sigue disminuyendo la venta de postres, yogures, dulces, chacinados y bebidas en general, mientras que aumentan las compras de productos b\u00e1sicos como aceites, harinas y az\u00facar.&nbsp;<\/p>\n\n\n\n<p>En limpieza, se reduce la variedad de productos y se enfoca el consumo en lo esencial como lavandina, con la mayor ca\u00edda en cosm\u00e9tica y perfumer\u00eda.&nbsp;<\/p>\n\n\n\n<p>En el cuidado oral, se nota una disminuci\u00f3n en la compra de enjuague bucal, por ejemplo.<\/p>\n\n\n\n<p>Para mayo y junio, los mayoristas est\u00e1n recibiendo listas de precios con aumentos desde las industrias y tratan de ajustar los costos para no trasladar los incrementos a los precios finales, aunque los feriados largos de junio generan una baja en ventas y aumentan los costos de personal.<\/p>\n\n\n\n<p>El 61% de las ventas se realizan a trav\u00e9s del canal tradicional de comercio, compuesto por mayoristas que abastecen a una red de 140 mil almacenes, farmacias, perfumer\u00edas y 13 mil autoservicios en todo el pa\u00eds.&nbsp;<\/p>\n\n\n\n<p>Este tipo de tiendas atiende principalmente a las compras diarias de familias de menores recursos, llegando a los m\u00e1s necesitados a trav\u00e9s de este canal.<\/p>\n","protected":false},"excerpt":{"rendered":"<p>En medio de una recesi\u00f3n que no cede, las&nbsp;ventas al por mayor de productos esenciales cayeron 6% en abril, lo cual refleja como la crisis impacta en todos los niveles&hellip;<\/p>\n","protected":false},"author":3,"featured_media":6822,"comment_status":"closed","ping_status":"closed","sticky":false,"template":"","format":"standard","meta":{"footnotes":""},"categories":[5],"tags":[],"class_list":["post-6821","post","type-post","status-publish","format-standard","has-post-thumbnail","hentry","category-economia"],"rttpg_featured_image_url":{"full":["http:\/\/magazineweb.com.ar\/wp-content\/uploads\/2024\/06\/autoservicio_mayorista-1024x576-1.webp",1024,576,false],"landscape":["http:\/\/magazineweb.com.ar\/wp-content\/uploads\/2024\/06\/autoservicio_mayorista-1024x576-1.webp",1024,576,false],"portraits":["http:\/\/magazineweb.com.ar\/wp-content\/uploads\/2024\/06\/autoservicio_mayorista-1024x576-1.webp",1024,576,false],"thumbnail":["http:\/\/magazineweb.com.ar\/wp-content\/uploads\/2024\/06\/autoservicio_mayorista-1024x576-1-150x150.webp",150,150,true],"medium":["http:\/\/magazineweb.com.ar\/wp-content\/uploads\/2024\/06\/autoservicio_mayorista-1024x576-1-300x169.webp",300,169,true],"large":["http:\/\/magazineweb.com.ar\/wp-content\/uploads\/2024\/06\/autoservicio_mayorista-1024x576-1.webp",1024,576,false],"1536x1536":["http:\/\/magazineweb.com.ar\/wp-content\/uploads\/2024\/06\/autoservicio_mayorista-1024x576-1.webp",1024,576,false],"2048x2048":["http:\/\/magazineweb.com.ar\/wp-content\/uploads\/2024\/06\/autoservicio_mayorista-1024x576-1.webp",1024,576,false],"ultp_layout_landscape_large":["http:\/\/magazineweb.com.ar\/wp-content\/uploads\/2024\/06\/autoservicio_mayorista-1024x576-1.webp",1024,576,false],"ultp_layout_landscape":["http:\/\/magazineweb.com.ar\/wp-content\/uploads\/2024\/06\/autoservicio_mayorista-1024x576-1-870x570.webp",870,570,true],"ultp_layout_portrait":["http:\/\/magazineweb.com.ar\/wp-content\/uploads\/2024\/06\/autoservicio_mayorista-1024x576-1-600x576.webp",600,576,true],"ultp_layout_square":["http:\/\/magazineweb.com.ar\/wp-content\/uploads\/2024\/06\/autoservicio_mayorista-1024x576-1-600x576.webp",600,576,true]},"rttpg_author":{"display_name":"Redacci\u00f3n Magazine Web","author_link":"http:\/\/magazineweb.com.ar\/?author=3"},"rttpg_comment":0,"rttpg_category":"<a href=\"http:\/\/magazineweb.com.ar\/?cat=5\" rel=\"category\">Econom\u00eda<\/a>","rttpg_excerpt":"En medio de una recesi\u00f3n que no cede, las&nbsp;ventas al por mayor de productos esenciales cayeron 6% en abril, lo cual refleja como la crisis impacta en todos los niveles&hellip;","_links":{"self":[{"href":"http:\/\/magazineweb.com.ar\/index.php?rest_route=\/wp\/v2\/posts\/6821","targetHints":{"allow":["GET"]}}],"collection":[{"href":"http:\/\/magazineweb.com.ar\/index.php?rest_route=\/wp\/v2\/posts"}],"about":[{"href":"http:\/\/magazineweb.com.ar\/index.php?rest_route=\/wp\/v2\/types\/post"}],"author":[{"embeddable":true,"href":"http:\/\/magazineweb.com.ar\/index.php?rest_route=\/wp\/v2\/users\/3"}],"replies":[{"embeddable":true,"href":"http:\/\/magazineweb.com.ar\/index.php?rest_route=%2Fwp%2Fv2%2Fcomments&post=6821"}],"version-history":[{"count":1,"href":"http:\/\/magazineweb.com.ar\/index.php?rest_route=\/wp\/v2\/posts\/6821\/revisions"}],"predecessor-version":[{"id":6823,"href":"http:\/\/magazineweb.com.ar\/index.php?rest_route=\/wp\/v2\/posts\/6821\/revisions\/6823"}],"wp:featuredmedia":[{"embeddable":true,"href":"http:\/\/magazineweb.com.ar\/index.php?rest_route=\/wp\/v2\/media\/6822"}],"wp:attachment":[{"href":"http:\/\/magazineweb.com.ar\/index.php?rest_route=%2Fwp%2Fv2%2Fmedia&parent=6821"}],"wp:term":[{"taxonomy":"category","embeddable":true,"href":"http:\/\/magazineweb.com.ar\/index.php?rest_route=%2Fwp%2Fv2%2Fcategories&post=6821"},{"taxonomy":"post_tag","embeddable":true,"href":"http:\/\/magazineweb.com.ar\/index.php?rest_route=%2Fwp%2Fv2%2Ftags&post=6821"}],"curies":[{"name":"wp","href":"https:\/\/api.w.org\/{rel}","templated":true}]}}