{"id":6877,"date":"2024-06-27T01:09:00","date_gmt":"2024-06-27T04:09:00","guid":{"rendered":"https:\/\/magazineweb.com.ar\/?p=6877"},"modified":"2024-06-26T19:13:53","modified_gmt":"2024-06-26T22:13:53","slug":"la-desocupacion-entre-los-menores-de-30-anos-duplica-al-desempleo-general","status":"publish","type":"post","link":"http:\/\/magazineweb.com.ar\/?p=6877","title":{"rendered":"La desocupaci\u00f3n entre los menores de 30 a\u00f1os duplica al desempleo general"},"content":{"rendered":"\n<p>El Instituto Nacional de Estad\u00edsticas y Censos (Indec) public\u00f3 recientemente los \u00faltimos datos de desempleo correspondientes al primer trimestre del a\u00f1o. Seg\u00fan el informe, la tasa de desocupaci\u00f3n aument\u00f3 al 7,7%, empeorando en comparaci\u00f3n con el 6,9% registrado en el mismo per\u00edodo del a\u00f1o anterior.<\/p>\n\n\n\n<p>Entre los j\u00f3venes menores de 30 a\u00f1os, la situaci\u00f3n es considerablemente m\u00e1s grave, superando ampliamente el promedio general. La situaci\u00f3n de las mujeres de 14 a 29 a\u00f1os, es alarmante, quienes enfrentan una tasa de desempleo del 17,3%, m\u00e1s del doble del \u00edndice general. Por su parte, los hombres menores de 30 a\u00f1os registraron un desempleo del 14,1%, tambi\u00e9n muy por encima del promedio nacional.<\/p>\n\n\n\n<p>A partir de los 30 a\u00f1os, las cifras muestran un cambio significativo. Las mujeres de este grupo etario presentaron una tasa de desocupaci\u00f3n del 5,8%, mientras que los hombres alcanzaron el 4,8%. No obstante, todos los segmentos analizados experimentaron un aumento en sus tasas de desempleo en comparaci\u00f3n con el a\u00f1o anterior.<\/p>\n\n\n\n<p>El t\u00e9rmino \u00abdesocupaci\u00f3n\u00bb se refiere a las personas que se encuentran activamente buscando empleo y que no lo encuentran, excluyendo a quienes no est\u00e1n activos en el mercado laboral. En cuanto a la tasa de empleo, se observa una marcada diferencia entre los j\u00f3venes y los adultos mayores de 30 a\u00f1os.<\/p>\n\n\n\n<p>Las mujeres de 14 a 29 a\u00f1os muestran una tasa de empleo del 34%, considerablemente menor que el promedio general del 44,3%. Por encima de los 30 a\u00f1os, la tasa de empleo entre las mujeres asciende al 68,1%. En el caso de los hombres, los menores de 30 a\u00f1os tienen una tasa de empleo del 45,2%, superior al promedio pero significativamente menor que la tasa del 86,1% registrada entre los hombres de 30 a 64 a\u00f1os.<\/p>\n","protected":false},"excerpt":{"rendered":"<p>El Instituto Nacional de Estad\u00edsticas y Censos (Indec) public\u00f3 recientemente los \u00faltimos datos de desempleo correspondientes al primer trimestre del a\u00f1o. Seg\u00fan el informe, la tasa de desocupaci\u00f3n aument\u00f3 al&hellip;<\/p>\n","protected":false},"author":3,"featured_media":6878,"comment_status":"closed","ping_status":"closed","sticky":false,"template":"","format":"standard","meta":{"footnotes":""},"categories":[5],"tags":[],"class_list":["post-6877","post","type-post","status-publish","format-standard","has-post-thumbnail","hentry","category-economia"],"rttpg_featured_image_url":{"full":["http:\/\/magazineweb.com.ar\/wp-content\/uploads\/2024\/06\/127-la-cifra-del-desempleo-el-gran-buenos-aires.webp",790,444,false],"landscape":["http:\/\/magazineweb.com.ar\/wp-content\/uploads\/2024\/06\/127-la-cifra-del-desempleo-el-gran-buenos-aires.webp",790,444,false],"portraits":["http:\/\/magazineweb.com.ar\/wp-content\/uploads\/2024\/06\/127-la-cifra-del-desempleo-el-gran-buenos-aires.webp",790,444,false],"thumbnail":["http:\/\/magazineweb.com.ar\/wp-content\/uploads\/2024\/06\/127-la-cifra-del-desempleo-el-gran-buenos-aires-150x150.webp",150,150,true],"medium":["http:\/\/magazineweb.com.ar\/wp-content\/uploads\/2024\/06\/127-la-cifra-del-desempleo-el-gran-buenos-aires-300x169.webp",300,169,true],"large":["http:\/\/magazineweb.com.ar\/wp-content\/uploads\/2024\/06\/127-la-cifra-del-desempleo-el-gran-buenos-aires.webp",790,444,false],"1536x1536":["http:\/\/magazineweb.com.ar\/wp-content\/uploads\/2024\/06\/127-la-cifra-del-desempleo-el-gran-buenos-aires.webp",790,444,false],"2048x2048":["http:\/\/magazineweb.com.ar\/wp-content\/uploads\/2024\/06\/127-la-cifra-del-desempleo-el-gran-buenos-aires.webp",790,444,false],"ultp_layout_landscape_large":["http:\/\/magazineweb.com.ar\/wp-content\/uploads\/2024\/06\/127-la-cifra-del-desempleo-el-gran-buenos-aires.webp",790,444,false],"ultp_layout_landscape":["http:\/\/magazineweb.com.ar\/wp-content\/uploads\/2024\/06\/127-la-cifra-del-desempleo-el-gran-buenos-aires.webp",790,444,false],"ultp_layout_portrait":["http:\/\/magazineweb.com.ar\/wp-content\/uploads\/2024\/06\/127-la-cifra-del-desempleo-el-gran-buenos-aires-600x444.webp",600,444,true],"ultp_layout_square":["http:\/\/magazineweb.com.ar\/wp-content\/uploads\/2024\/06\/127-la-cifra-del-desempleo-el-gran-buenos-aires-600x444.webp",600,444,true]},"rttpg_author":{"display_name":"Redacci\u00f3n Magazine Web","author_link":"http:\/\/magazineweb.com.ar\/?author=3"},"rttpg_comment":0,"rttpg_category":"<a href=\"http:\/\/magazineweb.com.ar\/?cat=5\" rel=\"category\">Econom\u00eda<\/a>","rttpg_excerpt":"El Instituto Nacional de Estad\u00edsticas y Censos (Indec) public\u00f3 recientemente los \u00faltimos datos de desempleo correspondientes al primer trimestre del a\u00f1o. Seg\u00fan el informe, la tasa de desocupaci\u00f3n aument\u00f3 al&hellip;","_links":{"self":[{"href":"http:\/\/magazineweb.com.ar\/index.php?rest_route=\/wp\/v2\/posts\/6877","targetHints":{"allow":["GET"]}}],"collection":[{"href":"http:\/\/magazineweb.com.ar\/index.php?rest_route=\/wp\/v2\/posts"}],"about":[{"href":"http:\/\/magazineweb.com.ar\/index.php?rest_route=\/wp\/v2\/types\/post"}],"author":[{"embeddable":true,"href":"http:\/\/magazineweb.com.ar\/index.php?rest_route=\/wp\/v2\/users\/3"}],"replies":[{"embeddable":true,"href":"http:\/\/magazineweb.com.ar\/index.php?rest_route=%2Fwp%2Fv2%2Fcomments&post=6877"}],"version-history":[{"count":1,"href":"http:\/\/magazineweb.com.ar\/index.php?rest_route=\/wp\/v2\/posts\/6877\/revisions"}],"predecessor-version":[{"id":6879,"href":"http:\/\/magazineweb.com.ar\/index.php?rest_route=\/wp\/v2\/posts\/6877\/revisions\/6879"}],"wp:featuredmedia":[{"embeddable":true,"href":"http:\/\/magazineweb.com.ar\/index.php?rest_route=\/wp\/v2\/media\/6878"}],"wp:attachment":[{"href":"http:\/\/magazineweb.com.ar\/index.php?rest_route=%2Fwp%2Fv2%2Fmedia&parent=6877"}],"wp:term":[{"taxonomy":"category","embeddable":true,"href":"http:\/\/magazineweb.com.ar\/index.php?rest_route=%2Fwp%2Fv2%2Fcategories&post=6877"},{"taxonomy":"post_tag","embeddable":true,"href":"http:\/\/magazineweb.com.ar\/index.php?rest_route=%2Fwp%2Fv2%2Ftags&post=6877"}],"curies":[{"name":"wp","href":"https:\/\/api.w.org\/{rel}","templated":true}]}}