{"id":6892,"date":"2024-06-27T01:01:00","date_gmt":"2024-06-27T04:01:00","guid":{"rendered":"https:\/\/magazineweb.com.ar\/?p=6892"},"modified":"2024-06-26T20:31:57","modified_gmt":"2024-06-26T23:31:57","slug":"el-gobierno-bonaerense-amplia-la-cobertura-de-la-tarifa-social-de-energia-electrica-que-alcanzara-a-3-millones-de-beneficiarios","status":"publish","type":"post","link":"http:\/\/magazineweb.com.ar\/?p=6892","title":{"rendered":"El Gobierno bonaerense ampl\u00eda la cobertura de la Tarifa Social de energ\u00eda el\u00e9ctrica, que alcanzar\u00e1 a 3 millones de beneficiarios"},"content":{"rendered":"\n<p>El gobierno de la provincia de Buenos Aires ampliar\u00e1 el universo de beneficiarias y beneficiarios de la tarifa social el\u00e9ctrica para incluir a 1,3 millones de bonaerenses perjudicados por la quita de subsidios impulsada por el Gobierno Nacional.<\/p>\n\n\n\n<p>La decisi\u00f3n fue publicada este mi\u00e9rcoles en el Bolet\u00edn Oficial del distrito y se ejecutar\u00e1 de forma autom\u00e1tica, sin ning\u00fan tipo de inscripci\u00f3n.<\/p>\n\n\n\n<p>Desde el Poder Ejecutivo se precis\u00f3 que esa decisi\u00f3n implica que la tarifa social pasar\u00e1 a aplicarse a todos los hogares con ingresos menores a los $870.000, pertenecientes al grupo N2 del padr\u00f3n de segmentaci\u00f3n nacional. De esta forma, se incrementa la cobertura desde los 1,7 millones de beneficiarios actuales a 3 millones.<\/p>\n\n\n\n<p>Para ello, se invertir\u00e1n $53.600 millones en concepto de tarifa social el\u00e9ctrica provincial, aumentando un 184% el presupuesto utilizado el a\u00f1o pasado.<\/p>\n\n\n\n<p>Con el nuevo esquema se apunta tambi\u00e9n a reducir las disparidades en las tarifas finales a nivel regional, beneficiando a las y los bonaerenses que viven en el interior de la provincia.<\/p>\n","protected":false},"excerpt":{"rendered":"<p>El gobierno de la provincia de Buenos Aires ampliar\u00e1 el universo de beneficiarias y beneficiarios de la tarifa social el\u00e9ctrica para incluir a 1,3 millones de bonaerenses perjudicados por la&hellip;<\/p>\n","protected":false},"author":3,"featured_media":6893,"comment_status":"closed","ping_status":"closed","sticky":false,"template":"","format":"standard","meta":{"footnotes":""},"categories":[4,9],"tags":[],"class_list":["post-6892","post","type-post","status-publish","format-standard","has-post-thumbnail","hentry","category-destacados","category-informacion-general"],"rttpg_featured_image_url":{"full":["http:\/\/magazineweb.com.ar\/wp-content\/uploads\/2024\/06\/169-medidor-energia-electrica-foto-prensa-Enel-1200x675-1.webp",1200,675,false],"landscape":["http:\/\/magazineweb.com.ar\/wp-content\/uploads\/2024\/06\/169-medidor-energia-electrica-foto-prensa-Enel-1200x675-1.webp",1200,675,false],"portraits":["http:\/\/magazineweb.com.ar\/wp-content\/uploads\/2024\/06\/169-medidor-energia-electrica-foto-prensa-Enel-1200x675-1.webp",1200,675,false],"thumbnail":["http:\/\/magazineweb.com.ar\/wp-content\/uploads\/2024\/06\/169-medidor-energia-electrica-foto-prensa-Enel-1200x675-1-150x150.webp",150,150,true],"medium":["http:\/\/magazineweb.com.ar\/wp-content\/uploads\/2024\/06\/169-medidor-energia-electrica-foto-prensa-Enel-1200x675-1-300x169.webp",300,169,true],"large":["http:\/\/magazineweb.com.ar\/wp-content\/uploads\/2024\/06\/169-medidor-energia-electrica-foto-prensa-Enel-1200x675-1-1024x576.webp",1024,576,true],"1536x1536":["http:\/\/magazineweb.com.ar\/wp-content\/uploads\/2024\/06\/169-medidor-energia-electrica-foto-prensa-Enel-1200x675-1.webp",1200,675,false],"2048x2048":["http:\/\/magazineweb.com.ar\/wp-content\/uploads\/2024\/06\/169-medidor-energia-electrica-foto-prensa-Enel-1200x675-1.webp",1200,675,false],"ultp_layout_landscape_large":["http:\/\/magazineweb.com.ar\/wp-content\/uploads\/2024\/06\/169-medidor-energia-electrica-foto-prensa-Enel-1200x675-1.webp",1200,675,false],"ultp_layout_landscape":["http:\/\/magazineweb.com.ar\/wp-content\/uploads\/2024\/06\/169-medidor-energia-electrica-foto-prensa-Enel-1200x675-1-870x570.webp",870,570,true],"ultp_layout_portrait":["http:\/\/magazineweb.com.ar\/wp-content\/uploads\/2024\/06\/169-medidor-energia-electrica-foto-prensa-Enel-1200x675-1-600x675.webp",600,675,true],"ultp_layout_square":["http:\/\/magazineweb.com.ar\/wp-content\/uploads\/2024\/06\/169-medidor-energia-electrica-foto-prensa-Enel-1200x675-1-600x600.webp",600,600,true]},"rttpg_author":{"display_name":"Redacci\u00f3n Magazine Web","author_link":"http:\/\/magazineweb.com.ar\/?author=3"},"rttpg_comment":0,"rttpg_category":"<a href=\"http:\/\/magazineweb.com.ar\/?cat=4\" rel=\"category\">Destacados<\/a> <a href=\"http:\/\/magazineweb.com.ar\/?cat=9\" rel=\"category\">Informaci\u00f3n General<\/a>","rttpg_excerpt":"El gobierno de la provincia de Buenos Aires ampliar\u00e1 el universo de beneficiarias y beneficiarios de la tarifa social el\u00e9ctrica para incluir a 1,3 millones de bonaerenses perjudicados por la&hellip;","_links":{"self":[{"href":"http:\/\/magazineweb.com.ar\/index.php?rest_route=\/wp\/v2\/posts\/6892","targetHints":{"allow":["GET"]}}],"collection":[{"href":"http:\/\/magazineweb.com.ar\/index.php?rest_route=\/wp\/v2\/posts"}],"about":[{"href":"http:\/\/magazineweb.com.ar\/index.php?rest_route=\/wp\/v2\/types\/post"}],"author":[{"embeddable":true,"href":"http:\/\/magazineweb.com.ar\/index.php?rest_route=\/wp\/v2\/users\/3"}],"replies":[{"embeddable":true,"href":"http:\/\/magazineweb.com.ar\/index.php?rest_route=%2Fwp%2Fv2%2Fcomments&post=6892"}],"version-history":[{"count":1,"href":"http:\/\/magazineweb.com.ar\/index.php?rest_route=\/wp\/v2\/posts\/6892\/revisions"}],"predecessor-version":[{"id":6894,"href":"http:\/\/magazineweb.com.ar\/index.php?rest_route=\/wp\/v2\/posts\/6892\/revisions\/6894"}],"wp:featuredmedia":[{"embeddable":true,"href":"http:\/\/magazineweb.com.ar\/index.php?rest_route=\/wp\/v2\/media\/6893"}],"wp:attachment":[{"href":"http:\/\/magazineweb.com.ar\/index.php?rest_route=%2Fwp%2Fv2%2Fmedia&parent=6892"}],"wp:term":[{"taxonomy":"category","embeddable":true,"href":"http:\/\/magazineweb.com.ar\/index.php?rest_route=%2Fwp%2Fv2%2Fcategories&post=6892"},{"taxonomy":"post_tag","embeddable":true,"href":"http:\/\/magazineweb.com.ar\/index.php?rest_route=%2Fwp%2Fv2%2Ftags&post=6892"}],"curies":[{"name":"wp","href":"https:\/\/api.w.org\/{rel}","templated":true}]}}