{"id":6931,"date":"2024-07-05T01:08:00","date_gmt":"2024-07-05T04:08:00","guid":{"rendered":"https:\/\/magazineweb.com.ar\/?p=6931"},"modified":"2024-07-03T19:06:52","modified_gmt":"2024-07-03T22:06:52","slug":"la-produccion-de-automoviles-cayo-un-40-frente-a-junio-del-2023","status":"publish","type":"post","link":"http:\/\/magazineweb.com.ar\/?p=6931","title":{"rendered":"La producci\u00f3n de autom\u00f3viles cay\u00f3 un 40% frente a junio del 2023"},"content":{"rendered":"\n<p>En junio el las terminales automotrices continuaron profundizando la crisis del sector. Los n\u00fameros que a se conoc\u00edan negativos contra su comparaci\u00f3n interanual, tambi\u00e9n cayeron en su mayor\u00eda frente a los de mayo, inform\u00f3 la Asociaci\u00f3n de F\u00e1bricas de Automotores (ADEFA) en su informe mensual.&nbsp;<\/p>\n\n\n\n<p>La producci\u00f3n nacional de veh\u00edculos en junio fue de 32.029 unidades, 16,7 % menos respecto de mayo y 40,2 % menos respecto del mismo mes del a\u00f1o pasado.<\/p>\n\n\n\n<p>El sector export\u00f3 20.884 unidades, es decir, registr\u00f3 una baja de 9,1% en su comparaci\u00f3n con el mes anterior, y 10,3 % menos respecto del volumen que se contabiliz\u00f3 en junio de 2023.<\/p>\n\n\n\n<p>En ventas mayoristas, el sector comercializ\u00f3 a la red de concesionarios 32.333 unidades en junio, volumen 16,1 % superior al registro de mayo, y 26,7 % por debajo del volumen de junio del a\u00f1o anterior.<\/p>\n\n\n\n<p>\u201cAl cierre del primer semestre y tal cual lo previsto, continua el proceso de&nbsp; adecuaci\u00f3n al nuevo contexto econ\u00f3mico y el ordenamiento de los programas productivos de las terminales que se reflejan en los vol\u00famenes de actividad del per\u00edodo\u201d, explic\u00f3 Mart\u00edn Zuppi, presidente de ADEFA.<\/p>\n\n\n\n<p>Al respecto, el directivo agreg\u00f3 que es un momento para \u201credoblar esfuerzos y continuar trabajando en conjunto con la cadena de valor y el gobierno en una agenda proactiva para que, junto a las medidas anunciadas, generen las condiciones para retornar a la senda del crecimiento lo m\u00e1s pronto posible\u201d.<\/p>\n\n\n\n<p>Con 15 d\u00edas h\u00e1biles de actividad (uno menos que mayo y cinco jornadas menos&nbsp; comparados con junio del 2023), las terminales automotrices produjeron 32.029 unidades en junio, 16,7 % por debajo del volumen del mes anterior y se redujo 40,2 % si se compara con las 53.522 unidades que se produjeron en junio del a\u00f1o pasado.&nbsp;<\/p>\n\n\n\n<p>En el acumulado de los primeros seis meses del 2024, las terminales produjeron 216.736 veh\u00edculos de pasajeros y utilitarios, 26,7% menos respecto de las 295.777 unidades que se produjeron en el mismo per\u00edodo del 2023.<\/p>\n\n\n\n<p>En&nbsp; materia de comercio exterior, el sector export\u00f3 20.884 unidades en junio, 9,1% menos respecto de mayo anterior y 10,3% menos en su comparaci\u00f3n con junio de 2023. En los primeros seis meses del a\u00f1o, el sector comercializ\u00f3 a diversos mercados un total de 126.839 veh\u00edculos, lo que arroj\u00f3 una baja de 16,6 %&nbsp;en su comparaci\u00f3n con el primer semestre de 2023.<\/p>\n\n\n\n<p>Finalmente, en ventas mayoristas, &nbsp;en junio el sector automotor comercializ\u00f3 a la red de concesionarios 32.333 &nbsp;unidades, un 16,1 % m\u00e1s respecto de las entregas de mayo y 26,7 % por debajo del volumen del mismo mes del a\u00f1o pasado.<\/p>\n\n\n\n<p>En el acumulado de enero a junio se comercializaron a la red un total de 161.986 veh\u00edculos, un 21,7 % menos respecto de las 206.861 unidades que se comercializaron en los primeros seis meses del 2023.<\/p>\n","protected":false},"excerpt":{"rendered":"<p>En junio el las terminales automotrices continuaron profundizando la crisis del sector. Los n\u00fameros que a se conoc\u00edan negativos contra su comparaci\u00f3n interanual, tambi\u00e9n cayeron en su mayor\u00eda frente a&hellip;<\/p>\n","protected":false},"author":3,"featured_media":6932,"comment_status":"closed","ping_status":"closed","sticky":false,"template":"","format":"standard","meta":{"footnotes":""},"categories":[5],"tags":[],"class_list":["post-6931","post","type-post","status-publish","format-standard","has-post-thumbnail","hentry","category-economia"],"rttpg_featured_image_url":{"full":["http:\/\/magazineweb.com.ar\/wp-content\/uploads\/2024\/07\/image-3.jpg",1024,597,false],"landscape":["http:\/\/magazineweb.com.ar\/wp-content\/uploads\/2024\/07\/image-3.jpg",1024,597,false],"portraits":["http:\/\/magazineweb.com.ar\/wp-content\/uploads\/2024\/07\/image-3.jpg",1024,597,false],"thumbnail":["http:\/\/magazineweb.com.ar\/wp-content\/uploads\/2024\/07\/image-3-150x150.jpg",150,150,true],"medium":["http:\/\/magazineweb.com.ar\/wp-content\/uploads\/2024\/07\/image-3-300x175.jpg",300,175,true],"large":["http:\/\/magazineweb.com.ar\/wp-content\/uploads\/2024\/07\/image-3.jpg",1024,597,false],"1536x1536":["http:\/\/magazineweb.com.ar\/wp-content\/uploads\/2024\/07\/image-3.jpg",1024,597,false],"2048x2048":["http:\/\/magazineweb.com.ar\/wp-content\/uploads\/2024\/07\/image-3.jpg",1024,597,false],"ultp_layout_landscape_large":["http:\/\/magazineweb.com.ar\/wp-content\/uploads\/2024\/07\/image-3.jpg",1024,597,false],"ultp_layout_landscape":["http:\/\/magazineweb.com.ar\/wp-content\/uploads\/2024\/07\/image-3-870x570.jpg",870,570,true],"ultp_layout_portrait":["http:\/\/magazineweb.com.ar\/wp-content\/uploads\/2024\/07\/image-3-600x597.jpg",600,597,true],"ultp_layout_square":["http:\/\/magazineweb.com.ar\/wp-content\/uploads\/2024\/07\/image-3-600x597.jpg",600,597,true]},"rttpg_author":{"display_name":"Redacci\u00f3n Magazine Web","author_link":"http:\/\/magazineweb.com.ar\/?author=3"},"rttpg_comment":0,"rttpg_category":"<a href=\"http:\/\/magazineweb.com.ar\/?cat=5\" rel=\"category\">Econom\u00eda<\/a>","rttpg_excerpt":"En junio el las terminales automotrices continuaron profundizando la crisis del sector. Los n\u00fameros que a se conoc\u00edan negativos contra su comparaci\u00f3n interanual, tambi\u00e9n cayeron en su mayor\u00eda frente a&hellip;","_links":{"self":[{"href":"http:\/\/magazineweb.com.ar\/index.php?rest_route=\/wp\/v2\/posts\/6931","targetHints":{"allow":["GET"]}}],"collection":[{"href":"http:\/\/magazineweb.com.ar\/index.php?rest_route=\/wp\/v2\/posts"}],"about":[{"href":"http:\/\/magazineweb.com.ar\/index.php?rest_route=\/wp\/v2\/types\/post"}],"author":[{"embeddable":true,"href":"http:\/\/magazineweb.com.ar\/index.php?rest_route=\/wp\/v2\/users\/3"}],"replies":[{"embeddable":true,"href":"http:\/\/magazineweb.com.ar\/index.php?rest_route=%2Fwp%2Fv2%2Fcomments&post=6931"}],"version-history":[{"count":1,"href":"http:\/\/magazineweb.com.ar\/index.php?rest_route=\/wp\/v2\/posts\/6931\/revisions"}],"predecessor-version":[{"id":6933,"href":"http:\/\/magazineweb.com.ar\/index.php?rest_route=\/wp\/v2\/posts\/6931\/revisions\/6933"}],"wp:featuredmedia":[{"embeddable":true,"href":"http:\/\/magazineweb.com.ar\/index.php?rest_route=\/wp\/v2\/media\/6932"}],"wp:attachment":[{"href":"http:\/\/magazineweb.com.ar\/index.php?rest_route=%2Fwp%2Fv2%2Fmedia&parent=6931"}],"wp:term":[{"taxonomy":"category","embeddable":true,"href":"http:\/\/magazineweb.com.ar\/index.php?rest_route=%2Fwp%2Fv2%2Fcategories&post=6931"},{"taxonomy":"post_tag","embeddable":true,"href":"http:\/\/magazineweb.com.ar\/index.php?rest_route=%2Fwp%2Fv2%2Ftags&post=6931"}],"curies":[{"name":"wp","href":"https:\/\/api.w.org\/{rel}","templated":true}]}}