{"id":7612,"date":"2024-10-22T16:55:04","date_gmt":"2024-10-22T19:55:04","guid":{"rendered":"https:\/\/magazineweb.com.ar\/?p=7612"},"modified":"2024-10-22T16:57:28","modified_gmt":"2024-10-22T19:57:28","slug":"los-concejos-deliberantes-de-la-region-sisionaron-de-manera-conjunta-en-la-unaj","status":"publish","type":"post","link":"http:\/\/magazineweb.com.ar\/?p=7612","title":{"rendered":"Los concejos deliberantes de la regi\u00f3n sisionaron de manera conjunta en la UNAJ"},"content":{"rendered":"\n<p class=\"has-black-color has-vivid-green-cyan-background-color has-text-color has-background has-link-color wp-elements-2285198081fa45b0d2af78ac600c04d3\"><strong>LOS CONCEJOS DELIBERANTES DE LA REGI\u00d3N SESIONARON DE MANERA CONJUNTA EN LA UNAJ<\/strong><\/p>\n\n\n\n<p><strong>Los integrantes de los Concejos Deliberantes de Berazategui, Florencio Varela, Quilmes, Almirante Brown y Lomas de Zamora sesionaron conjuntamente en la Universidad Nacional Arturo Jauretche (UNAJ). Fue una iniciativa de los diferentes Bloques Justicialistas que pronunciaron su en\u00e9rgico repudio frente al veto a la ley de financiamiento universitario, en defensa de la educaci\u00f3n p\u00fablica y gratuita.<\/strong><\/p>\n\n\n\n<p>Solo se presentaron los bloques oficialistas. Los otros bloques faltaron a la sesi\u00f3n. Estuvieron acompa\u00f1ando a los ediles, los alumnos de la misma universidad.<\/p>\n\n\n\n<figure class=\"wp-block-image size-large\"><img loading=\"lazy\" decoding=\"async\" width=\"1024\" height=\"683\" src=\"https:\/\/magazineweb.com.ar\/wp-content\/uploads\/2024\/10\/LOS-CONCEJOS-DELIBERANTES-DE-LA-REGION-SESIONARON-DE-MANERA-CONJUNTA-EN-LA-UNAJ-1024x683.jpg\" alt=\"\" class=\"wp-image-7615\" srcset=\"http:\/\/magazineweb.com.ar\/wp-content\/uploads\/2024\/10\/LOS-CONCEJOS-DELIBERANTES-DE-LA-REGION-SESIONARON-DE-MANERA-CONJUNTA-EN-LA-UNAJ-1024x683.jpg 1024w, http:\/\/magazineweb.com.ar\/wp-content\/uploads\/2024\/10\/LOS-CONCEJOS-DELIBERANTES-DE-LA-REGION-SESIONARON-DE-MANERA-CONJUNTA-EN-LA-UNAJ-300x200.jpg 300w, http:\/\/magazineweb.com.ar\/wp-content\/uploads\/2024\/10\/LOS-CONCEJOS-DELIBERANTES-DE-LA-REGION-SESIONARON-DE-MANERA-CONJUNTA-EN-LA-UNAJ-768x512.jpg 768w, http:\/\/magazineweb.com.ar\/wp-content\/uploads\/2024\/10\/LOS-CONCEJOS-DELIBERANTES-DE-LA-REGION-SESIONARON-DE-MANERA-CONJUNTA-EN-LA-UNAJ-1536x1024.jpg 1536w, http:\/\/magazineweb.com.ar\/wp-content\/uploads\/2024\/10\/LOS-CONCEJOS-DELIBERANTES-DE-LA-REGION-SESIONARON-DE-MANERA-CONJUNTA-EN-LA-UNAJ-1200x800.jpg 1200w, http:\/\/magazineweb.com.ar\/wp-content\/uploads\/2024\/10\/LOS-CONCEJOS-DELIBERANTES-DE-LA-REGION-SESIONARON-DE-MANERA-CONJUNTA-EN-LA-UNAJ.jpg 1920w\" sizes=\"auto, (max-width: 1024px) 100vw, 1024px\" \/><\/figure>\n\n\n\n<p><br>Arnaldo Medina, rector de la UNAJ, manifest\u00f3: \u201cAnte la afirmaci\u00f3n de que a las Universidades P\u00fablicas asisten solo los ricos y de clase alta, tenemos para decirle al Presidente que los datos oficiales del INDEC, de la encuesta permanente de hogares, dicen que el 48,5 % de los estudiantes universitarios -que son m\u00e1s de 2 millones en nuestro pa\u00eds- est\u00e1n por debajo de la l\u00ednea de pobreza. Todas las clases sociales est\u00e1n representadas en nuestras universidades\u201d.<\/p>\n\n\n\n<p><br>De esta manera, los presentes expresaron su oposici\u00f3n al veto presidencial a la Ley 27.757 de Financiamiento Universitario, dispuesto en relaci\u00f3n al desfinanciamiento de estas Instituciones de la Democracia.<\/p>\n","protected":false},"excerpt":{"rendered":"<p>LOS CONCEJOS DELIBERANTES DE LA REGI\u00d3N SESIONARON DE MANERA CONJUNTA EN LA UNAJ Los integrantes de los Concejos Deliberantes de Berazategui, Florencio Varela, Quilmes, Almirante Brown y Lomas de Zamora&hellip;<\/p>\n","protected":false},"author":2,"featured_media":7613,"comment_status":"closed","ping_status":"closed","sticky":false,"template":"","format":"standard","meta":{"footnotes":""},"categories":[4,13,15],"tags":[167,169,166,168,165,158],"class_list":["post-7612","post","type-post","status-publish","format-standard","has-post-thumbnail","hentry","category-destacados","category-politica","category-regional","tag-arnaldo-medina","tag-ley","tag-rector","tag-repudio","tag-unaj","tag-veto"],"rttpg_featured_image_url":{"full":["http:\/\/magazineweb.com.ar\/wp-content\/uploads\/2024\/10\/LOS-CONCEJOS-DELIBERANTES-DE-LA-REGION-SESIONARON-DE-MANERA-CONJUNTA-EN-LA-UNAJ-1.jpg",1920,1280,false],"landscape":["http:\/\/magazineweb.com.ar\/wp-content\/uploads\/2024\/10\/LOS-CONCEJOS-DELIBERANTES-DE-LA-REGION-SESIONARON-DE-MANERA-CONJUNTA-EN-LA-UNAJ-1.jpg",1920,1280,false],"portraits":["http:\/\/magazineweb.com.ar\/wp-content\/uploads\/2024\/10\/LOS-CONCEJOS-DELIBERANTES-DE-LA-REGION-SESIONARON-DE-MANERA-CONJUNTA-EN-LA-UNAJ-1.jpg",1920,1280,false],"thumbnail":["http:\/\/magazineweb.com.ar\/wp-content\/uploads\/2024\/10\/LOS-CONCEJOS-DELIBERANTES-DE-LA-REGION-SESIONARON-DE-MANERA-CONJUNTA-EN-LA-UNAJ-1-150x150.jpg",150,150,true],"medium":["http:\/\/magazineweb.com.ar\/wp-content\/uploads\/2024\/10\/LOS-CONCEJOS-DELIBERANTES-DE-LA-REGION-SESIONARON-DE-MANERA-CONJUNTA-EN-LA-UNAJ-1-300x200.jpg",300,200,true],"large":["http:\/\/magazineweb.com.ar\/wp-content\/uploads\/2024\/10\/LOS-CONCEJOS-DELIBERANTES-DE-LA-REGION-SESIONARON-DE-MANERA-CONJUNTA-EN-LA-UNAJ-1-1024x683.jpg",1024,683,true],"1536x1536":["http:\/\/magazineweb.com.ar\/wp-content\/uploads\/2024\/10\/LOS-CONCEJOS-DELIBERANTES-DE-LA-REGION-SESIONARON-DE-MANERA-CONJUNTA-EN-LA-UNAJ-1-1536x1024.jpg",1536,1024,true],"2048x2048":["http:\/\/magazineweb.com.ar\/wp-content\/uploads\/2024\/10\/LOS-CONCEJOS-DELIBERANTES-DE-LA-REGION-SESIONARON-DE-MANERA-CONJUNTA-EN-LA-UNAJ-1.jpg",1920,1280,false],"ultp_layout_landscape_large":["http:\/\/magazineweb.com.ar\/wp-content\/uploads\/2024\/10\/LOS-CONCEJOS-DELIBERANTES-DE-LA-REGION-SESIONARON-DE-MANERA-CONJUNTA-EN-LA-UNAJ-1-1200x800.jpg",1200,800,true],"ultp_layout_landscape":["http:\/\/magazineweb.com.ar\/wp-content\/uploads\/2024\/10\/LOS-CONCEJOS-DELIBERANTES-DE-LA-REGION-SESIONARON-DE-MANERA-CONJUNTA-EN-LA-UNAJ-1-870x570.jpg",870,570,true],"ultp_layout_portrait":["http:\/\/magazineweb.com.ar\/wp-content\/uploads\/2024\/10\/LOS-CONCEJOS-DELIBERANTES-DE-LA-REGION-SESIONARON-DE-MANERA-CONJUNTA-EN-LA-UNAJ-1-600x900.jpg",600,900,true],"ultp_layout_square":["http:\/\/magazineweb.com.ar\/wp-content\/uploads\/2024\/10\/LOS-CONCEJOS-DELIBERANTES-DE-LA-REGION-SESIONARON-DE-MANERA-CONJUNTA-EN-LA-UNAJ-1-600x600.jpg",600,600,true]},"rttpg_author":{"display_name":"Roxana Reinoso","author_link":"http:\/\/magazineweb.com.ar\/?author=2"},"rttpg_comment":0,"rttpg_category":"<a href=\"http:\/\/magazineweb.com.ar\/?cat=4\" rel=\"category\">Destacados<\/a> <a href=\"http:\/\/magazineweb.com.ar\/?cat=13\" rel=\"category\">Pol\u00edtica<\/a> <a href=\"http:\/\/magazineweb.com.ar\/?cat=15\" rel=\"category\">Regional<\/a>","rttpg_excerpt":"LOS CONCEJOS DELIBERANTES DE LA REGI\u00d3N SESIONARON DE MANERA CONJUNTA EN LA UNAJ Los integrantes de los Concejos Deliberantes de Berazategui, Florencio Varela, Quilmes, Almirante Brown y Lomas de Zamora&hellip;","_links":{"self":[{"href":"http:\/\/magazineweb.com.ar\/index.php?rest_route=\/wp\/v2\/posts\/7612","targetHints":{"allow":["GET"]}}],"collection":[{"href":"http:\/\/magazineweb.com.ar\/index.php?rest_route=\/wp\/v2\/posts"}],"about":[{"href":"http:\/\/magazineweb.com.ar\/index.php?rest_route=\/wp\/v2\/types\/post"}],"author":[{"embeddable":true,"href":"http:\/\/magazineweb.com.ar\/index.php?rest_route=\/wp\/v2\/users\/2"}],"replies":[{"embeddable":true,"href":"http:\/\/magazineweb.com.ar\/index.php?rest_route=%2Fwp%2Fv2%2Fcomments&post=7612"}],"version-history":[{"count":2,"href":"http:\/\/magazineweb.com.ar\/index.php?rest_route=\/wp\/v2\/posts\/7612\/revisions"}],"predecessor-version":[{"id":7616,"href":"http:\/\/magazineweb.com.ar\/index.php?rest_route=\/wp\/v2\/posts\/7612\/revisions\/7616"}],"wp:featuredmedia":[{"embeddable":true,"href":"http:\/\/magazineweb.com.ar\/index.php?rest_route=\/wp\/v2\/media\/7613"}],"wp:attachment":[{"href":"http:\/\/magazineweb.com.ar\/index.php?rest_route=%2Fwp%2Fv2%2Fmedia&parent=7612"}],"wp:term":[{"taxonomy":"category","embeddable":true,"href":"http:\/\/magazineweb.com.ar\/index.php?rest_route=%2Fwp%2Fv2%2Fcategories&post=7612"},{"taxonomy":"post_tag","embeddable":true,"href":"http:\/\/magazineweb.com.ar\/index.php?rest_route=%2Fwp%2Fv2%2Ftags&post=7612"}],"curies":[{"name":"wp","href":"https:\/\/api.w.org\/{rel}","templated":true}]}}