{"id":7953,"date":"2024-12-26T15:18:02","date_gmt":"2024-12-26T18:18:02","guid":{"rendered":"https:\/\/magazineweb.com.ar\/?p=7953"},"modified":"2024-12-26T15:18:03","modified_gmt":"2024-12-26T18:18:03","slug":"el-gobierno-despidio-a-100-trabajadores-de-la-defensoria-del-publico-de-servicios-de-comunicacion-audiovisual","status":"publish","type":"post","link":"http:\/\/magazineweb.com.ar\/?p=7953","title":{"rendered":"El Gobierno despidi\u00f3 a 100 trabajadores de la Defensor\u00eda del P\u00fablico de Servicios de Comunicaci\u00f3n Audiovisual"},"content":{"rendered":"\n<p>El Gobierno resolvi\u00f3 despedir a 100 trabajadores estatales de la Defensor\u00eda del P\u00fablico de Servicios de Comunicaci\u00f3n Audiovisual (DPSCA), que quedar\u00e1 reducida a unos 40 empleados, seg\u00fan lo inform\u00f3 el ministro de Desregulaci\u00f3n y Transformaci\u00f3n del Estado, Federico Sturzenegger, quien se\u00f1al\u00f3 adem\u00e1s que el organismo fue creado \u201cpor el kirchnerismo para doblegar al periodismo independiente\u201d.<\/p>\n\n\n\n<p>El funcionario, a trav\u00e9s de su cuenta en la red social X, dijo que \u201cdesde su creaci\u00f3n en 2009, los argentinos hemos contribuido 70 millones de d\u00f3lares para sostener este organismo que juntaba denuncias (muchas repetidas con el mismo texto por centenas) en contra de periodistas cr\u00edticos del kirchnerismo\u201d.<\/p>\n\n\n\n<p>Sturzenegger puntualiz\u00f3 que \u201centre otros dislates, este cuerpo ten\u00eda un estudio de televisi\u00f3n port\u00e1til con el que se recorr\u00eda la costa en temporada estival, invitando a los chicos a participar en un adoctrinamiento en contra de los cr\u00edticos del kirchnerismo\u201d.<\/p>\n\n\n\n<p>La DPSCA fue creada por la Ley 26.522 de Servicios de Comunicaci\u00f3n Audiovisual, conocida como Ley de Medios, y entre sus funciones est\u00e1 el \u201cRecibir y canalizar las consultas, reclamos y denuncias del p\u00fablico de radio, televisi\u00f3n y otros medios\u201d.<\/p>\n\n\n\n<p>\u201cLa resoluci\u00f3n 107 baja la planta de 144 empleados a 40, aliviana la estructura, remata el estudio de televisi\u00f3n y restringe el uso del organismo como herramienta de persecuci\u00f3n\u201d, afirm\u00f3 el ministro.<\/p>\n\n\n\n<p>La Defensor\u00eda -que est\u00e1 a cargo de la funcionaria Soher El Sukaria- depende del Poder Legislativo, por lo que Sturzenegger destac\u00f3 los esfuerzos que desde la C\u00e1mara de Diputados \u201cest\u00e1 haciendo @MenemMartin (Mart\u00edn Menem) para bajar el gasto pol\u00edtico en el Congreso\u201d.<\/p>\n\n\n\n<p>Asegur\u00f3 que la Defensor\u00eda \u201cdio cobijo a una nutrida concurrencia de militancia rentada\u201d, y puntualiz\u00f3 que \u201caproximadamente la mitad de los empleados eran del partido de La Matanza\u201d.<\/p>\n\n\n\n<p>Adem\u00e1s, el ministro dej\u00f3 abierta la puerta para una decisi\u00f3n m\u00e1s profunda, al advertir que \u201cel Congreso se debe el debate sobre si queremos este tipo de instituciones\u201d.<\/p>\n","protected":false},"excerpt":{"rendered":"<p>El Gobierno resolvi\u00f3 despedir a 100 trabajadores estatales de la Defensor\u00eda del P\u00fablico de Servicios de Comunicaci\u00f3n Audiovisual (DPSCA), que quedar\u00e1 reducida a unos 40 empleados, seg\u00fan lo inform\u00f3 el&hellip;<\/p>\n","protected":false},"author":3,"featured_media":7954,"comment_status":"closed","ping_status":"closed","sticky":false,"template":"","format":"standard","meta":{"footnotes":""},"categories":[17,13],"tags":[],"class_list":["post-7953","post","type-post","status-publish","format-standard","has-post-thumbnail","hentry","category-nacional","category-politica"],"rttpg_featured_image_url":{"full":["http:\/\/magazineweb.com.ar\/wp-content\/uploads\/2024\/12\/GfrQzA8WkAArA_k.jpeg",1600,902,false],"landscape":["http:\/\/magazineweb.com.ar\/wp-content\/uploads\/2024\/12\/GfrQzA8WkAArA_k.jpeg",1600,902,false],"portraits":["http:\/\/magazineweb.com.ar\/wp-content\/uploads\/2024\/12\/GfrQzA8WkAArA_k.jpeg",1600,902,false],"thumbnail":["http:\/\/magazineweb.com.ar\/wp-content\/uploads\/2024\/12\/GfrQzA8WkAArA_k-150x150.jpeg",150,150,true],"medium":["http:\/\/magazineweb.com.ar\/wp-content\/uploads\/2024\/12\/GfrQzA8WkAArA_k-300x169.jpeg",300,169,true],"large":["http:\/\/magazineweb.com.ar\/wp-content\/uploads\/2024\/12\/GfrQzA8WkAArA_k-1024x577.jpeg",1024,577,true],"1536x1536":["http:\/\/magazineweb.com.ar\/wp-content\/uploads\/2024\/12\/GfrQzA8WkAArA_k-1536x866.jpeg",1536,866,true],"2048x2048":["http:\/\/magazineweb.com.ar\/wp-content\/uploads\/2024\/12\/GfrQzA8WkAArA_k.jpeg",1600,902,false],"ultp_layout_landscape_large":["http:\/\/magazineweb.com.ar\/wp-content\/uploads\/2024\/12\/GfrQzA8WkAArA_k-1200x800.jpeg",1200,800,true],"ultp_layout_landscape":["http:\/\/magazineweb.com.ar\/wp-content\/uploads\/2024\/12\/GfrQzA8WkAArA_k-870x570.jpeg",870,570,true],"ultp_layout_portrait":["http:\/\/magazineweb.com.ar\/wp-content\/uploads\/2024\/12\/GfrQzA8WkAArA_k-600x900.jpeg",600,900,true],"ultp_layout_square":["http:\/\/magazineweb.com.ar\/wp-content\/uploads\/2024\/12\/GfrQzA8WkAArA_k-600x600.jpeg",600,600,true]},"rttpg_author":{"display_name":"Redacci\u00f3n Magazine Web","author_link":"http:\/\/magazineweb.com.ar\/?author=3"},"rttpg_comment":0,"rttpg_category":"<a href=\"http:\/\/magazineweb.com.ar\/?cat=17\" rel=\"category\">Nacional<\/a> <a href=\"http:\/\/magazineweb.com.ar\/?cat=13\" rel=\"category\">Pol\u00edtica<\/a>","rttpg_excerpt":"El Gobierno resolvi\u00f3 despedir a 100 trabajadores estatales de la Defensor\u00eda del P\u00fablico de Servicios de Comunicaci\u00f3n Audiovisual (DPSCA), que quedar\u00e1 reducida a unos 40 empleados, seg\u00fan lo inform\u00f3 el&hellip;","_links":{"self":[{"href":"http:\/\/magazineweb.com.ar\/index.php?rest_route=\/wp\/v2\/posts\/7953","targetHints":{"allow":["GET"]}}],"collection":[{"href":"http:\/\/magazineweb.com.ar\/index.php?rest_route=\/wp\/v2\/posts"}],"about":[{"href":"http:\/\/magazineweb.com.ar\/index.php?rest_route=\/wp\/v2\/types\/post"}],"author":[{"embeddable":true,"href":"http:\/\/magazineweb.com.ar\/index.php?rest_route=\/wp\/v2\/users\/3"}],"replies":[{"embeddable":true,"href":"http:\/\/magazineweb.com.ar\/index.php?rest_route=%2Fwp%2Fv2%2Fcomments&post=7953"}],"version-history":[{"count":1,"href":"http:\/\/magazineweb.com.ar\/index.php?rest_route=\/wp\/v2\/posts\/7953\/revisions"}],"predecessor-version":[{"id":7955,"href":"http:\/\/magazineweb.com.ar\/index.php?rest_route=\/wp\/v2\/posts\/7953\/revisions\/7955"}],"wp:featuredmedia":[{"embeddable":true,"href":"http:\/\/magazineweb.com.ar\/index.php?rest_route=\/wp\/v2\/media\/7954"}],"wp:attachment":[{"href":"http:\/\/magazineweb.com.ar\/index.php?rest_route=%2Fwp%2Fv2%2Fmedia&parent=7953"}],"wp:term":[{"taxonomy":"category","embeddable":true,"href":"http:\/\/magazineweb.com.ar\/index.php?rest_route=%2Fwp%2Fv2%2Fcategories&post=7953"},{"taxonomy":"post_tag","embeddable":true,"href":"http:\/\/magazineweb.com.ar\/index.php?rest_route=%2Fwp%2Fv2%2Ftags&post=7953"}],"curies":[{"name":"wp","href":"https:\/\/api.w.org\/{rel}","templated":true}]}}