{"id":7962,"date":"2024-12-26T16:42:31","date_gmt":"2024-12-26T19:42:31","guid":{"rendered":"https:\/\/magazineweb.com.ar\/?p=7962"},"modified":"2024-12-26T16:42:31","modified_gmt":"2024-12-26T19:42:31","slug":"pedro-troglio-fue-presentado-como-nuevo-tecnico-de-instituto-de-cordoba","status":"publish","type":"post","link":"http:\/\/magazineweb.com.ar\/?p=7962","title":{"rendered":"Pedro Troglio fue presentado como nuevo t\u00e9cnico de Instituto de C\u00f3rdoba"},"content":{"rendered":"\n<p>Instituto de C\u00f3rdoba inaugur\u00f3 una nueva etapa con la presentaci\u00f3n oficial de Pedro Troglio como su flamante director t\u00e9cnico. En una conferencia de prensa realizada en el bar Mi Barrio, ubicado en la sede del club, el entrenador expres\u00f3 su entusiasmo por asumir este desaf\u00edo en su regreso al f\u00fatbol argentino tras un exitoso ciclo en Olimpia de Honduras, donde conquist\u00f3 nueve t\u00edtulos.<\/p>\n\n\n\n<p>Acompa\u00f1ado por Claudio Caniggia, su representante, y en presencia del presidente Juan Manuel Cavagliatto y el manager Federico Bessone, Troglio asegur\u00f3 estar listo para llevar a \u201cLa Gloria\u201d a nuevos horizontes.<\/p>\n\n\n\n<p>\u201cEstoy contento de estar ac\u00e1. Fue todo muy r\u00e1pido desde el llamado de Juan (Cavagliatto) y la visita de Fede (Bessone). Este club tiene ambici\u00f3n y ganas de progresar, y para m\u00ed es una gran oportunidad a mis 59 a\u00f1os. Espero no defraudar y llevar a Instituto al lugar donde merece estar\u201d, declar\u00f3 Troglio.<\/p>\n\n\n\n<p>Sobre su visi\u00f3n de juego, adelant\u00f3: \u201cQuiero un equipo intenso, que recupere r\u00e1pido la pelota, sea protagonista y directo en sus acciones. Pero, sobre todo, que deje el alma en cada pelota\u201d.<\/p>\n\n\n\n<p>El t\u00e9cnico destac\u00f3 el buen trabajo realizado por el equipo en la \u00faltima temporada y asegur\u00f3 que su intenci\u00f3n es mantener la base del plantel, reforzarlo y consolidar la identidad del equipo: \u201cMir\u00e9 todo desde Honduras. La intenci\u00f3n es mantener el plantel, evaluar a los que regresan, retener a los necesarios y reforzarnos en las posiciones que hagan falta para tener un plantel equilibrado\u201d, coment\u00f3.<\/p>\n\n\n\n<p>Por su parte, Bessone se\u00f1al\u00f3: \u201cEstamos trabajando en renovaciones y scouting. Ser\u00e1 un mercado corto, pero confiamos en cerrar nombres la semana pr\u00f3xima para arrancar bien la pretemporada\u201d.<\/p>\n\n\n\n<p>Troglio comenzar\u00e1 los entrenamientos el 2 de enero y tendr\u00e1 su debut oficial el 26 del mismo mes frente a Gimnasia y Esgrima La Plata, un rival especial por su fuerte v\u00ednculo afectivo con el club. Sobre el desaf\u00edo, afirm\u00f3: \u201cLo importante es que los hinchas vean un equipo que los represente, que les genere sensaciones lindas. Mi criterio es consolidar lo bueno que se hizo este a\u00f1o y mejorar lo necesario\u201d.<\/p>\n\n\n\n<p>Adem\u00e1s, mencion\u00f3 la relevancia de jugadores como Fernando Alarc\u00f3n: \u201cEs un referente y me encantar\u00eda que siga, pero a veces hay ofertas que no se pueden rechazar ni para el club ni para el jugador\u201d.<\/p>\n\n\n\n<p>Con un contrato de un a\u00f1o, Pedro Troglio llega a Alta C\u00f3rdoba con la misi\u00f3n de consolidar a Instituto en la Primera Divisi\u00f3n y luchar por objetivos m\u00e1s ambiciosos, como la clasificaci\u00f3n a una copa internacional. Su regreso al f\u00fatbol argentino genera expectativas entre los hinchas de \u201cLa Gloria\u201d, quienes sue\u00f1an con un equipo que recupere su protagonismo y los represente dentro y fuera de la cancha.<\/p>\n","protected":false},"excerpt":{"rendered":"<p>Instituto de C\u00f3rdoba inaugur\u00f3 una nueva etapa con la presentaci\u00f3n oficial de Pedro Troglio como su flamante director t\u00e9cnico. En una conferencia de prensa realizada en el bar Mi Barrio,&hellip;<\/p>\n","protected":false},"author":3,"featured_media":7963,"comment_status":"closed","ping_status":"closed","sticky":false,"template":"","format":"standard","meta":{"footnotes":""},"categories":[3],"tags":[],"class_list":["post-7962","post","type-post","status-publish","format-standard","has-post-thumbnail","hentry","category-deportes"],"rttpg_featured_image_url":{"full":["http:\/\/magazineweb.com.ar\/wp-content\/uploads\/2024\/12\/R6M22272-scaled-1.jpg",2560,1707,false],"landscape":["http:\/\/magazineweb.com.ar\/wp-content\/uploads\/2024\/12\/R6M22272-scaled-1.jpg",2560,1707,false],"portraits":["http:\/\/magazineweb.com.ar\/wp-content\/uploads\/2024\/12\/R6M22272-scaled-1.jpg",2560,1707,false],"thumbnail":["http:\/\/magazineweb.com.ar\/wp-content\/uploads\/2024\/12\/R6M22272-scaled-1-150x150.jpg",150,150,true],"medium":["http:\/\/magazineweb.com.ar\/wp-content\/uploads\/2024\/12\/R6M22272-scaled-1-300x200.jpg",300,200,true],"large":["http:\/\/magazineweb.com.ar\/wp-content\/uploads\/2024\/12\/R6M22272-scaled-1-1024x683.jpg",1024,683,true],"1536x1536":["http:\/\/magazineweb.com.ar\/wp-content\/uploads\/2024\/12\/R6M22272-scaled-1-1536x1024.jpg",1536,1024,true],"2048x2048":["http:\/\/magazineweb.com.ar\/wp-content\/uploads\/2024\/12\/R6M22272-scaled-1-2048x1366.jpg",2048,1366,true],"ultp_layout_landscape_large":["http:\/\/magazineweb.com.ar\/wp-content\/uploads\/2024\/12\/R6M22272-scaled-1-1200x800.jpg",1200,800,true],"ultp_layout_landscape":["http:\/\/magazineweb.com.ar\/wp-content\/uploads\/2024\/12\/R6M22272-scaled-1-870x570.jpg",870,570,true],"ultp_layout_portrait":["http:\/\/magazineweb.com.ar\/wp-content\/uploads\/2024\/12\/R6M22272-scaled-1-600x900.jpg",600,900,true],"ultp_layout_square":["http:\/\/magazineweb.com.ar\/wp-content\/uploads\/2024\/12\/R6M22272-scaled-1-600x600.jpg",600,600,true]},"rttpg_author":{"display_name":"Redacci\u00f3n Magazine Web","author_link":"http:\/\/magazineweb.com.ar\/?author=3"},"rttpg_comment":0,"rttpg_category":"<a href=\"http:\/\/magazineweb.com.ar\/?cat=3\" rel=\"category\">Deportes<\/a>","rttpg_excerpt":"Instituto de C\u00f3rdoba inaugur\u00f3 una nueva etapa con la presentaci\u00f3n oficial de Pedro Troglio como su flamante director t\u00e9cnico. En una conferencia de prensa realizada en el bar Mi Barrio,&hellip;","_links":{"self":[{"href":"http:\/\/magazineweb.com.ar\/index.php?rest_route=\/wp\/v2\/posts\/7962","targetHints":{"allow":["GET"]}}],"collection":[{"href":"http:\/\/magazineweb.com.ar\/index.php?rest_route=\/wp\/v2\/posts"}],"about":[{"href":"http:\/\/magazineweb.com.ar\/index.php?rest_route=\/wp\/v2\/types\/post"}],"author":[{"embeddable":true,"href":"http:\/\/magazineweb.com.ar\/index.php?rest_route=\/wp\/v2\/users\/3"}],"replies":[{"embeddable":true,"href":"http:\/\/magazineweb.com.ar\/index.php?rest_route=%2Fwp%2Fv2%2Fcomments&post=7962"}],"version-history":[{"count":1,"href":"http:\/\/magazineweb.com.ar\/index.php?rest_route=\/wp\/v2\/posts\/7962\/revisions"}],"predecessor-version":[{"id":7964,"href":"http:\/\/magazineweb.com.ar\/index.php?rest_route=\/wp\/v2\/posts\/7962\/revisions\/7964"}],"wp:featuredmedia":[{"embeddable":true,"href":"http:\/\/magazineweb.com.ar\/index.php?rest_route=\/wp\/v2\/media\/7963"}],"wp:attachment":[{"href":"http:\/\/magazineweb.com.ar\/index.php?rest_route=%2Fwp%2Fv2%2Fmedia&parent=7962"}],"wp:term":[{"taxonomy":"category","embeddable":true,"href":"http:\/\/magazineweb.com.ar\/index.php?rest_route=%2Fwp%2Fv2%2Fcategories&post=7962"},{"taxonomy":"post_tag","embeddable":true,"href":"http:\/\/magazineweb.com.ar\/index.php?rest_route=%2Fwp%2Fv2%2Ftags&post=7962"}],"curies":[{"name":"wp","href":"https:\/\/api.w.org\/{rel}","templated":true}]}}