{"id":7965,"date":"2024-12-26T17:38:34","date_gmt":"2024-12-26T20:38:34","guid":{"rendered":"https:\/\/magazineweb.com.ar\/?p=7965"},"modified":"2024-12-26T17:38:34","modified_gmt":"2024-12-26T20:38:34","slug":"en-tres-meses-se-termina-la-moratoria-y-advierten-que-seran-muy-pocos-los-que-podran-jubilarse","status":"publish","type":"post","link":"http:\/\/magazineweb.com.ar\/?p=7965","title":{"rendered":"En tres meses se termina la moratoria y advierten que ser\u00e1n muy pocos los que podr\u00e1n jubilarse"},"content":{"rendered":"\n<p>En marzo pr\u00f3ximo concluir\u00e1 la posibilidad de acceder a una jubilaci\u00f3n mediante el beneficio de una moratoria, por lo que se teme que la mayor\u00eda de la poblaci\u00f3n no podr\u00e1 acceder a ese beneficio a futuro, en medio de un sistema previsional en crisis.<\/p>\n\n\n\n<p>Hasta ahora, nueve de cada 10 nuevas jubilaciones se otorgaron por la moratoria, y como ese beneficio vencer\u00e1 en marzo de 2025 y no ser\u00e1 prorrogado, a partir de esa fecha muy pocos podr\u00e1n jubilarse, alertan expertos en el sistema previsional.<\/p>\n\n\n\n<p>El trabajo en negro, que superar\u00eda el 30%, y la inestabilidad laboral en las \u00faltimas d\u00e9cadas explican las dificultades de la poblaci\u00f3n para acceder a un haber previsional.<\/p>\n\n\n\n<p>En un a\u00f1o, aument\u00f3 en 260.349 el padr\u00f3n o la cantidad de jubilados y pensionados del sistema previsional nacional.<\/p>\n\n\n\n<p>De ese total, 230.390 (88,5%) corresponden a los que accedieron por moratoria y 29.959 (11,5%) por el tr\u00e1mite general porque contaban con los a\u00f1os de aportes.<\/p>\n\n\n\n<p>De acuerdo a datos oficiales, las jubilaciones y pensiones ordinarias registran un incremento de 29.959 casos (1%), mientras que los beneficios otorgados por moratoria evidencian un aumento mayor con 230.390 casos m\u00e1s (8%).<\/p>\n\n\n\n<p>Este incremento se explica principalmente por un aumento interanual de 234.015 casos de jubilaciones por moratoria (8,2%), se\u00f1ala el \u00faltimo Informe de la Seguridad Social con datos a agosto de 2024.<\/p>\n\n\n\n<p>Con la derogaci\u00f3n de la moratoria previsional (ley 27.705) el pr\u00f3ximo 25 de marzo, por la enorme informalidad laboral, la inmensa mayor\u00eda de los adultos mayores no podr\u00e1 acceder al beneficio previsional ordinario.<\/p>\n\n\n\n<p>Y en adelante solo podr\u00e1n acceder a la PUAM (Prestaci\u00f3n Universal al Adulto Mayor) a los 65 a\u00f1os, (tanto varones como mujeres) con el 80% del haber m\u00ednimo, sin derecho a la pensi\u00f3n por viudez, al margen de los a\u00f1os efectivamente aportados, y si demuestran encontrarse en situaci\u00f3n de vulnerabilidad social.<\/p>\n\n\n\n<p>De esta manera, en lugar de los 60 a\u00f1os, para las mujeres que no tienen los 30 a\u00f1os de aportes representa un alargue de la edad jubilatoria con el agravante de que acceder\u00edan a un beneficio menor (80% del haber m\u00ednimo) y si integran un hogar vulnerable.<\/p>\n\n\n\n<p>El valor de la PUAM en diciembre es de $ 277.679 ($ 207.679 m\u00e1s los $ 70.000 del bono).<\/p>\n\n\n\n<p>Del padr\u00f3n total del Sistema SIPA\/ANSeS 6.045.774, los que accedieron por moratoria suman 3.107.665 y por el beneficio ordinario 2.938.109.<\/p>\n\n\n\n<p>Expertos se\u00f1alan que la crisis del sistema de jubilaciones y pensiones va m\u00e1s all\u00e1 de lo previsional y se alimenta de la enorme informalidad laboral que abarca al 40% de la fuerza de trabajo ocupada.<\/p>\n\n\n\n<p>Esa informalidad es responsabilidad primaria de los empleadores y del Estado que no fiscaliz\u00f3 ni fiscaliza la registraci\u00f3n laboral.<\/p>\n\n\n\n<p>El Informe de Seguridad Social se\u00f1ala que el haber medio de los haberes sin apelar a la moratoria fue en septiembre de 2024 de $ 507.540 y con moratoria de $ 294.240, un 57% del haber medio sin moratoria.<\/p>\n\n\n\n<p>Este porcentaje se reduce por el descuento de la cuota de moratoria que puede alcanzar hasta 120 meses.<\/p>\n\n\n\n<p>En agosto de 2024, las Pensiones No Contributivas (PNC) alcanzan a 1,9 millones de beneficiarios.<\/p>\n\n\n\n<p>De estos, 1,2 millones de personas se encuentran cubiertas por una PNC por invalidez, 271.714 son beneficiarias de la Pensi\u00f3n Universal para el Adulto Mayor (PUAM) y 271.347 reciben una PNC por Madre de 7 o m\u00e1s hijos.<\/p>\n\n\n\n<p>Adem\u00e1s, hay 87.388 personas que reciben una Pensi\u00f3n por Ex Combatientes, una Pensi\u00f3n Graciable del Congreso de la Naci\u00f3n o una Pensi\u00f3n por Leyes Especiales, agrupadas dentro de la categor\u00eda \u201cOtras\u201d.<\/p>\n","protected":false},"excerpt":{"rendered":"<p>En marzo pr\u00f3ximo concluir\u00e1 la posibilidad de acceder a una jubilaci\u00f3n mediante el beneficio de una moratoria, por lo que se teme que la mayor\u00eda de la poblaci\u00f3n no podr\u00e1&hellip;<\/p>\n","protected":false},"author":3,"featured_media":7966,"comment_status":"closed","ping_status":"closed","sticky":false,"template":"","format":"standard","meta":{"footnotes":""},"categories":[9,17],"tags":[],"class_list":["post-7965","post","type-post","status-publish","format-standard","has-post-thumbnail","hentry","category-informacion-general","category-nacional"],"rttpg_featured_image_url":{"full":["http:\/\/magazineweb.com.ar\/wp-content\/uploads\/2024\/12\/720-13.webp",1026,720,false],"landscape":["http:\/\/magazineweb.com.ar\/wp-content\/uploads\/2024\/12\/720-13.webp",1026,720,false],"portraits":["http:\/\/magazineweb.com.ar\/wp-content\/uploads\/2024\/12\/720-13.webp",1026,720,false],"thumbnail":["http:\/\/magazineweb.com.ar\/wp-content\/uploads\/2024\/12\/720-13-150x150.webp",150,150,true],"medium":["http:\/\/magazineweb.com.ar\/wp-content\/uploads\/2024\/12\/720-13-300x211.webp",300,211,true],"large":["http:\/\/magazineweb.com.ar\/wp-content\/uploads\/2024\/12\/720-13-1024x719.webp",1024,719,true],"1536x1536":["http:\/\/magazineweb.com.ar\/wp-content\/uploads\/2024\/12\/720-13.webp",1026,720,false],"2048x2048":["http:\/\/magazineweb.com.ar\/wp-content\/uploads\/2024\/12\/720-13.webp",1026,720,false],"ultp_layout_landscape_large":["http:\/\/magazineweb.com.ar\/wp-content\/uploads\/2024\/12\/720-13.webp",1026,720,false],"ultp_layout_landscape":["http:\/\/magazineweb.com.ar\/wp-content\/uploads\/2024\/12\/720-13-870x570.webp",870,570,true],"ultp_layout_portrait":["http:\/\/magazineweb.com.ar\/wp-content\/uploads\/2024\/12\/720-13-600x720.webp",600,720,true],"ultp_layout_square":["http:\/\/magazineweb.com.ar\/wp-content\/uploads\/2024\/12\/720-13-600x600.webp",600,600,true]},"rttpg_author":{"display_name":"Redacci\u00f3n Magazine Web","author_link":"http:\/\/magazineweb.com.ar\/?author=3"},"rttpg_comment":0,"rttpg_category":"<a href=\"http:\/\/magazineweb.com.ar\/?cat=9\" rel=\"category\">Informaci\u00f3n General<\/a> <a href=\"http:\/\/magazineweb.com.ar\/?cat=17\" rel=\"category\">Nacional<\/a>","rttpg_excerpt":"En marzo pr\u00f3ximo concluir\u00e1 la posibilidad de acceder a una jubilaci\u00f3n mediante el beneficio de una moratoria, por lo que se teme que la mayor\u00eda de la poblaci\u00f3n no podr\u00e1&hellip;","_links":{"self":[{"href":"http:\/\/magazineweb.com.ar\/index.php?rest_route=\/wp\/v2\/posts\/7965","targetHints":{"allow":["GET"]}}],"collection":[{"href":"http:\/\/magazineweb.com.ar\/index.php?rest_route=\/wp\/v2\/posts"}],"about":[{"href":"http:\/\/magazineweb.com.ar\/index.php?rest_route=\/wp\/v2\/types\/post"}],"author":[{"embeddable":true,"href":"http:\/\/magazineweb.com.ar\/index.php?rest_route=\/wp\/v2\/users\/3"}],"replies":[{"embeddable":true,"href":"http:\/\/magazineweb.com.ar\/index.php?rest_route=%2Fwp%2Fv2%2Fcomments&post=7965"}],"version-history":[{"count":1,"href":"http:\/\/magazineweb.com.ar\/index.php?rest_route=\/wp\/v2\/posts\/7965\/revisions"}],"predecessor-version":[{"id":7967,"href":"http:\/\/magazineweb.com.ar\/index.php?rest_route=\/wp\/v2\/posts\/7965\/revisions\/7967"}],"wp:featuredmedia":[{"embeddable":true,"href":"http:\/\/magazineweb.com.ar\/index.php?rest_route=\/wp\/v2\/media\/7966"}],"wp:attachment":[{"href":"http:\/\/magazineweb.com.ar\/index.php?rest_route=%2Fwp%2Fv2%2Fmedia&parent=7965"}],"wp:term":[{"taxonomy":"category","embeddable":true,"href":"http:\/\/magazineweb.com.ar\/index.php?rest_route=%2Fwp%2Fv2%2Fcategories&post=7965"},{"taxonomy":"post_tag","embeddable":true,"href":"http:\/\/magazineweb.com.ar\/index.php?rest_route=%2Fwp%2Fv2%2Ftags&post=7965"}],"curies":[{"name":"wp","href":"https:\/\/api.w.org\/{rel}","templated":true}]}}