{"id":8099,"date":"2025-01-10T01:09:00","date_gmt":"2025-01-10T04:09:00","guid":{"rendered":"https:\/\/magazineweb.com.ar\/?p=8099"},"modified":"2025-01-09T17:22:57","modified_gmt":"2025-01-09T20:22:57","slug":"las-mejores-ofertas-estan-en-mercado-vecino","status":"publish","type":"post","link":"http:\/\/magazineweb.com.ar\/?p=8099","title":{"rendered":"Las mejores ofertas est\u00e1n en Mercado Vecino"},"content":{"rendered":"\n<p><strong>La feria itinerante municipal de Berazategui sigue ofreciendo, durante el verano, los mejores productos frescos a precios especiales. En enero, estar\u00e1 los lunes en la Plaza Rigolleau (Av. 14 y Lisandro de la Torre) y los s\u00e1bados en el Barrio Federal N\u00e9stor Kirchner de El Pato (calle 635 e\/ 531 y 532), de 8.00 a 13.00. En ambos casos, se suspende si hay malas condiciones clim\u00e1ticas.<\/strong><\/p>\n\n\n\n<p>All\u00ed, los vecinos y vecinas podr\u00e1n encontrar frutas y verduras de estaci\u00f3n, l\u00e1cteos, panificados, carne, pescados, plantas y flores, directo de productores y productoras locales.<\/p>\n\n\n\n<p>Myriam Rodr\u00edguez, vecina del Centro, afirm\u00f3: \u201cVengo a Mercado Vecino todos los lunes desde que se inaugur\u00f3. En esta oportunidad, compr\u00e9 l\u00e1cteos para hacer chocotorta, tambi\u00e9n cosas para la ensalada de frutas, el pollo para hacer pollo relleno, pescado\u2026 La verdura es la mejor que hay, dura un mont\u00f3n. Todo es muy econ\u00f3mico y excelente\u201d.<\/p>\n\n\n\n<p>Mercado Vecino se desarrolla desde 2016 y cada semana acerca mercader\u00eda fresca, saludable y de calidad, a precios especiales, a toda la comunidad. Es una de las iniciativas del intendente, Juan Jos\u00e9 Mussi -a trav\u00e9s de la Secretar\u00eda de Trabajo municipal-, para fomentar el consumo local e impulsar a los productores y microemprendedores.<\/p>\n\n\n\n<p>Para m\u00e1s informaci\u00f3n, se puede ingresar en&nbsp;<a href=\"http:\/\/berazategui.gob.ar\/mercadovecino\" target=\"_blank\" rel=\"noreferrer noopener\">berazategui.gob.ar\/mercadovecino<\/a>.<\/p>\n","protected":false},"excerpt":{"rendered":"<p>La feria itinerante municipal de Berazategui sigue ofreciendo, durante el verano, los mejores productos frescos a precios especiales. En enero, estar\u00e1 los lunes en la Plaza Rigolleau (Av. 14 y&hellip;<\/p>\n","protected":false},"author":3,"featured_media":8100,"comment_status":"closed","ping_status":"closed","sticky":false,"template":"","format":"standard","meta":{"footnotes":""},"categories":[9],"tags":[],"class_list":["post-8099","post","type-post","status-publish","format-standard","has-post-thumbnail","hentry","category-informacion-general"],"rttpg_featured_image_url":{"full":["http:\/\/magazineweb.com.ar\/wp-content\/uploads\/2025\/01\/LAS-MEJORES-OFERTAS-ESTAN-EN-MERCADO-VECINO-2.jpg",1920,1280,false],"landscape":["http:\/\/magazineweb.com.ar\/wp-content\/uploads\/2025\/01\/LAS-MEJORES-OFERTAS-ESTAN-EN-MERCADO-VECINO-2.jpg",1920,1280,false],"portraits":["http:\/\/magazineweb.com.ar\/wp-content\/uploads\/2025\/01\/LAS-MEJORES-OFERTAS-ESTAN-EN-MERCADO-VECINO-2.jpg",1920,1280,false],"thumbnail":["http:\/\/magazineweb.com.ar\/wp-content\/uploads\/2025\/01\/LAS-MEJORES-OFERTAS-ESTAN-EN-MERCADO-VECINO-2-150x150.jpg",150,150,true],"medium":["http:\/\/magazineweb.com.ar\/wp-content\/uploads\/2025\/01\/LAS-MEJORES-OFERTAS-ESTAN-EN-MERCADO-VECINO-2-300x200.jpg",300,200,true],"large":["http:\/\/magazineweb.com.ar\/wp-content\/uploads\/2025\/01\/LAS-MEJORES-OFERTAS-ESTAN-EN-MERCADO-VECINO-2-1024x683.jpg",1024,683,true],"1536x1536":["http:\/\/magazineweb.com.ar\/wp-content\/uploads\/2025\/01\/LAS-MEJORES-OFERTAS-ESTAN-EN-MERCADO-VECINO-2-1536x1024.jpg",1536,1024,true],"2048x2048":["http:\/\/magazineweb.com.ar\/wp-content\/uploads\/2025\/01\/LAS-MEJORES-OFERTAS-ESTAN-EN-MERCADO-VECINO-2.jpg",1920,1280,false],"ultp_layout_landscape_large":["http:\/\/magazineweb.com.ar\/wp-content\/uploads\/2025\/01\/LAS-MEJORES-OFERTAS-ESTAN-EN-MERCADO-VECINO-2-1200x800.jpg",1200,800,true],"ultp_layout_landscape":["http:\/\/magazineweb.com.ar\/wp-content\/uploads\/2025\/01\/LAS-MEJORES-OFERTAS-ESTAN-EN-MERCADO-VECINO-2-870x570.jpg",870,570,true],"ultp_layout_portrait":["http:\/\/magazineweb.com.ar\/wp-content\/uploads\/2025\/01\/LAS-MEJORES-OFERTAS-ESTAN-EN-MERCADO-VECINO-2-600x900.jpg",600,900,true],"ultp_layout_square":["http:\/\/magazineweb.com.ar\/wp-content\/uploads\/2025\/01\/LAS-MEJORES-OFERTAS-ESTAN-EN-MERCADO-VECINO-2-600x600.jpg",600,600,true]},"rttpg_author":{"display_name":"Redacci\u00f3n Magazine Web","author_link":"http:\/\/magazineweb.com.ar\/?author=3"},"rttpg_comment":0,"rttpg_category":"<a href=\"http:\/\/magazineweb.com.ar\/?cat=9\" rel=\"category\">Informaci\u00f3n General<\/a>","rttpg_excerpt":"La feria itinerante municipal de Berazategui sigue ofreciendo, durante el verano, los mejores productos frescos a precios especiales. En enero, estar\u00e1 los lunes en la Plaza Rigolleau (Av. 14 y&hellip;","_links":{"self":[{"href":"http:\/\/magazineweb.com.ar\/index.php?rest_route=\/wp\/v2\/posts\/8099","targetHints":{"allow":["GET"]}}],"collection":[{"href":"http:\/\/magazineweb.com.ar\/index.php?rest_route=\/wp\/v2\/posts"}],"about":[{"href":"http:\/\/magazineweb.com.ar\/index.php?rest_route=\/wp\/v2\/types\/post"}],"author":[{"embeddable":true,"href":"http:\/\/magazineweb.com.ar\/index.php?rest_route=\/wp\/v2\/users\/3"}],"replies":[{"embeddable":true,"href":"http:\/\/magazineweb.com.ar\/index.php?rest_route=%2Fwp%2Fv2%2Fcomments&post=8099"}],"version-history":[{"count":1,"href":"http:\/\/magazineweb.com.ar\/index.php?rest_route=\/wp\/v2\/posts\/8099\/revisions"}],"predecessor-version":[{"id":8101,"href":"http:\/\/magazineweb.com.ar\/index.php?rest_route=\/wp\/v2\/posts\/8099\/revisions\/8101"}],"wp:featuredmedia":[{"embeddable":true,"href":"http:\/\/magazineweb.com.ar\/index.php?rest_route=\/wp\/v2\/media\/8100"}],"wp:attachment":[{"href":"http:\/\/magazineweb.com.ar\/index.php?rest_route=%2Fwp%2Fv2%2Fmedia&parent=8099"}],"wp:term":[{"taxonomy":"category","embeddable":true,"href":"http:\/\/magazineweb.com.ar\/index.php?rest_route=%2Fwp%2Fv2%2Fcategories&post=8099"},{"taxonomy":"post_tag","embeddable":true,"href":"http:\/\/magazineweb.com.ar\/index.php?rest_route=%2Fwp%2Fv2%2Ftags&post=8099"}],"curies":[{"name":"wp","href":"https:\/\/api.w.org\/{rel}","templated":true}]}}