{"id":8109,"date":"2025-01-20T01:08:00","date_gmt":"2025-01-20T04:08:00","guid":{"rendered":"https:\/\/magazineweb.com.ar\/?p=8109"},"modified":"2025-01-20T20:01:55","modified_gmt":"2025-01-20T23:01:55","slug":"berazategui-rescata-caballos-victimas-del-maltrato","status":"publish","type":"post","link":"http:\/\/magazineweb.com.ar\/?p=8109","title":{"rendered":"Berazategui rescata caballos v\u00edctimas del maltrato"},"content":{"rendered":"\n<p>Gracias a la constante labor de los y las profesionales de la Cl\u00ednica Veterinaria Municipal de Berazategui y las pol\u00edticas p\u00fablicas del intendente, Dr. Juan Jos\u00e9 Mussi, en los \u00faltimos diez a\u00f1os se rescataron m\u00e1s de 100 caballos y 13 en 2024. Uno de ellos es Garam, un petiso tobiano de cerca de 20 a\u00f1os que sufri\u00f3 maltrato y fue encontrado en la localidad de El Pato, en malas condiciones generales, con heridas causadas por mordidas de perros. Fue rescatado gracias al aviso de los vecinos que llamaron al Centro de Operaciones Municipal (COM).<\/p>\n\n\n\n<p>Hoy, Garam corre libre en el campo y disfruta del aroma de los pastizales h\u00famedos. Pero no siempre fue as\u00ed. Guillermo Val, m\u00e9dico de la Cl\u00ednica Veterinaria Municipal, relat\u00f3: \u201cLo encontramos abandonado y en condiciones sumamente deplorables, tras haber sufrido mucho maltrato. Fue hallado en p\u00e9simo estado nutricional y general, comiendo en basurales, con muchas heridas causadas por mordidas de perros, sin fuerzas para moverse\u201d.<\/p>\n\n\n\n<p>Afortunadamente, la suerte y el destino de Garam cambiaron. \u201cTras el tratamiento, Garam cambi\u00f3 much\u00edsimo\u201d, asegur\u00f3 Guillermo. \u201cSu cuerpo comenz\u00f3 a ganar peso y su pelaje mejor\u00f3. Sus heridas f\u00edsicas sanaron. Ahora disfruta de una mejor calidad de vida y de una alimentaci\u00f3n adecuada. Vive rodeado de personas que lo llenan de amor y cuidados para que, tambi\u00e9n, sus heridas emocionales sanen. Garam vive en el campo, come pasto, tal como debe ser en su estado natural. La alimentaci\u00f3n de los equinos en recuperaci\u00f3n tambi\u00e9n puede suplementarse con avena, fardo de buena calidad, alfalfa y rollos de pastura\u201d.<\/p>\n\n\n\n<p>\u201cEn Berazategui est\u00e1 prohibida la tracci\u00f3n a sangre desde 2019 (Ordenanza Municipal N\u00b0 5694), por lo que procedemos a rescatar a todos los caballos que est\u00e9n haciendo este tipo de actividad en la v\u00eda p\u00fablica, o que hayan sido abandonados, para brindarles los primeros auxilios y proceder luego a su traslado, cuidado y recuperaci\u00f3n\u201d, coment\u00f3 el m\u00e9dico veterinario.<\/p>\n\n\n\n<p>Los vecinos y vecinas que detecten alguna situaci\u00f3n que implique abandono o maltrato a los animales por tracci\u00f3n a sangre, pueden dar el aviso inmediato al COM, llamando al 0800-999-2525\/0247, las 24 horas, los 365 d\u00edas del a\u00f1o. Tambi\u00e9n pueden acercarse a la Fiscal\u00eda Descentralizada de Berazategui, ubicada en Av. 14 y 138, para hacer la denuncia correspondiente.<\/p>\n","protected":false},"excerpt":{"rendered":"<p>Gracias a la constante labor de los y las profesionales de la Cl\u00ednica Veterinaria Municipal de Berazategui y las pol\u00edticas p\u00fablicas del intendente, Dr. Juan Jos\u00e9 Mussi, en los \u00faltimos&hellip;<\/p>\n","protected":false},"author":3,"featured_media":8110,"comment_status":"closed","ping_status":"closed","sticky":false,"template":"","format":"standard","meta":{"footnotes":""},"categories":[4,16],"tags":[],"class_list":["post-8109","post","type-post","status-publish","format-standard","has-post-thumbnail","hentry","category-destacados","category-salud-y-medio-ambiente"],"rttpg_featured_image_url":{"full":["http:\/\/magazineweb.com.ar\/wp-content\/uploads\/2025\/01\/CABALLOS-VICTIMAS-DEL-MALTRATO.jpg",1920,1280,false],"landscape":["http:\/\/magazineweb.com.ar\/wp-content\/uploads\/2025\/01\/CABALLOS-VICTIMAS-DEL-MALTRATO.jpg",1920,1280,false],"portraits":["http:\/\/magazineweb.com.ar\/wp-content\/uploads\/2025\/01\/CABALLOS-VICTIMAS-DEL-MALTRATO.jpg",1920,1280,false],"thumbnail":["http:\/\/magazineweb.com.ar\/wp-content\/uploads\/2025\/01\/CABALLOS-VICTIMAS-DEL-MALTRATO-150x150.jpg",150,150,true],"medium":["http:\/\/magazineweb.com.ar\/wp-content\/uploads\/2025\/01\/CABALLOS-VICTIMAS-DEL-MALTRATO-300x200.jpg",300,200,true],"large":["http:\/\/magazineweb.com.ar\/wp-content\/uploads\/2025\/01\/CABALLOS-VICTIMAS-DEL-MALTRATO-1024x683.jpg",1024,683,true],"1536x1536":["http:\/\/magazineweb.com.ar\/wp-content\/uploads\/2025\/01\/CABALLOS-VICTIMAS-DEL-MALTRATO-1536x1024.jpg",1536,1024,true],"2048x2048":["http:\/\/magazineweb.com.ar\/wp-content\/uploads\/2025\/01\/CABALLOS-VICTIMAS-DEL-MALTRATO.jpg",1920,1280,false],"ultp_layout_landscape_large":["http:\/\/magazineweb.com.ar\/wp-content\/uploads\/2025\/01\/CABALLOS-VICTIMAS-DEL-MALTRATO-1200x800.jpg",1200,800,true],"ultp_layout_landscape":["http:\/\/magazineweb.com.ar\/wp-content\/uploads\/2025\/01\/CABALLOS-VICTIMAS-DEL-MALTRATO-870x570.jpg",870,570,true],"ultp_layout_portrait":["http:\/\/magazineweb.com.ar\/wp-content\/uploads\/2025\/01\/CABALLOS-VICTIMAS-DEL-MALTRATO-600x900.jpg",600,900,true],"ultp_layout_square":["http:\/\/magazineweb.com.ar\/wp-content\/uploads\/2025\/01\/CABALLOS-VICTIMAS-DEL-MALTRATO-600x600.jpg",600,600,true]},"rttpg_author":{"display_name":"Redacci\u00f3n Magazine Web","author_link":"http:\/\/magazineweb.com.ar\/?author=3"},"rttpg_comment":0,"rttpg_category":"<a href=\"http:\/\/magazineweb.com.ar\/?cat=4\" rel=\"category\">Destacados<\/a> <a href=\"http:\/\/magazineweb.com.ar\/?cat=16\" rel=\"category\">Salud y Medio Ambiente<\/a>","rttpg_excerpt":"Gracias a la constante labor de los y las profesionales de la Cl\u00ednica Veterinaria Municipal de Berazategui y las pol\u00edticas p\u00fablicas del intendente, Dr. Juan Jos\u00e9 Mussi, en los \u00faltimos&hellip;","_links":{"self":[{"href":"http:\/\/magazineweb.com.ar\/index.php?rest_route=\/wp\/v2\/posts\/8109","targetHints":{"allow":["GET"]}}],"collection":[{"href":"http:\/\/magazineweb.com.ar\/index.php?rest_route=\/wp\/v2\/posts"}],"about":[{"href":"http:\/\/magazineweb.com.ar\/index.php?rest_route=\/wp\/v2\/types\/post"}],"author":[{"embeddable":true,"href":"http:\/\/magazineweb.com.ar\/index.php?rest_route=\/wp\/v2\/users\/3"}],"replies":[{"embeddable":true,"href":"http:\/\/magazineweb.com.ar\/index.php?rest_route=%2Fwp%2Fv2%2Fcomments&post=8109"}],"version-history":[{"count":1,"href":"http:\/\/magazineweb.com.ar\/index.php?rest_route=\/wp\/v2\/posts\/8109\/revisions"}],"predecessor-version":[{"id":8111,"href":"http:\/\/magazineweb.com.ar\/index.php?rest_route=\/wp\/v2\/posts\/8109\/revisions\/8111"}],"wp:featuredmedia":[{"embeddable":true,"href":"http:\/\/magazineweb.com.ar\/index.php?rest_route=\/wp\/v2\/media\/8110"}],"wp:attachment":[{"href":"http:\/\/magazineweb.com.ar\/index.php?rest_route=%2Fwp%2Fv2%2Fmedia&parent=8109"}],"wp:term":[{"taxonomy":"category","embeddable":true,"href":"http:\/\/magazineweb.com.ar\/index.php?rest_route=%2Fwp%2Fv2%2Fcategories&post=8109"},{"taxonomy":"post_tag","embeddable":true,"href":"http:\/\/magazineweb.com.ar\/index.php?rest_route=%2Fwp%2Fv2%2Ftags&post=8109"}],"curies":[{"name":"wp","href":"https:\/\/api.w.org\/{rel}","templated":true}]}}