{"id":8125,"date":"2025-01-10T01:07:00","date_gmt":"2025-01-10T04:07:00","guid":{"rendered":"https:\/\/magazineweb.com.ar\/?p=8125"},"modified":"2025-01-09T16:39:49","modified_gmt":"2025-01-09T19:39:49","slug":"franco-colapinto-estara-en-la-formula-1-2025-alpine-lo-confirmo-como-nuevo-piloto","status":"publish","type":"post","link":"http:\/\/magazineweb.com.ar\/?p=8125","title":{"rendered":"Franco Colapinto estar\u00e1 en la F\u00f3rmula 1 2025: Alpine lo confirm\u00f3 como nuevo piloto"},"content":{"rendered":"\n<p>La escuder\u00eda francesa Alpine oficializ\u00f3 al argentino Franco Colapinto como uno de sus nuevos pilotos, por lo que est\u00e1 cada vez m\u00e1s cerca de volver a la&nbsp;F\u00f3rmula 1.<\/p>\n\n\n\n<p>Alpine, que en el 2024 termin\u00f3 sexto en el campeonato de Constructores, confirm\u00f3 la incorporaci\u00f3n de Colapinto a trav\u00e9s de un&nbsp;posteo en sus redes sociales.<\/p>\n\n\n\n<p>\u00abSe incorpora a nosotros con un contrato de varios a\u00f1os. Franco ser\u00e1 nuestro piloto de reserva para el 2025\u00bb, detall\u00f3 la escuder\u00eda en sus redes sociales.<\/p>\n\n\n\n<p>Todo indica que el argentino ser\u00e1 el&nbsp;\u00abPlan B\u00bb en caso de que el australiano Jack Doohan no obtenga los resultados deseados.<\/p>\n\n\n\n<p>De esta manera,&nbsp;Colapinto est\u00e1 m\u00e1s cerca que nunca de volver a la F\u00f3rmula 1, categor\u00eda en la que disput\u00f3 los \u00faltimos nueve Grandes Premios del 2024 con la escuder\u00eda Williams.<\/p>\n\n\n\n<p>Alpine actualmente tiene como pilotos titulares al franc\u00e9s Pierre Gasly, quien fue clave para que terminaran en la sexta colocaci\u00f3n del campeonato de Constructores del a\u00f1o pasado, y al australiano Jack Doohan, hijo Mick, el m\u00faltiple campe\u00f3n de MotoGP.<\/p>\n\n\n\n<p>Este jueves Alpine ya hab\u00eda confirmado al japon\u00e9s Rio Hirakawa, de 30 a\u00f1os, para ser el nuevo piloto de reserva del equipo junto al estonio Paul Aron.<\/p>\n\n\n\n<h4 class=\"wp-block-heading\">Los antecedentes de Colapinto con Gasly, quien podr\u00eda ser su pr\u00f3ximo compa\u00f1ero de equipo<\/h4>\n\n\n\n<p>Durante sus primeros Grandes Premios en la F\u00f3rmula 1, Colapinto tuvo muy buenas actuaciones y fue una constante verlo superar al franc\u00e9s Pierre Gasly, quien podr\u00eda ser su compa\u00f1ero en caso de que decidan colocarlo como titular en Alpine.<\/p>\n\n\n\n<h4 class=\"wp-block-heading\">El error de Colapinto que termin\u00f3 siendo una premonici\u00f3n<\/h4>\n\n\n\n<p>Durante el GP de Singapur se dio una graciosa situaci\u00f3n por un error de Colapinto, que termin\u00f3 siendo una premonici\u00f3n de lo que ocurrir\u00eda solo unos meses despu\u00e9s.<\/p>\n\n\n\n<p>Es que durante una de las sesiones, Colapinto se equivoc\u00f3 de box y fue al de Alpine, cuando tendr\u00eda que haber ido al de Williams. Ambos equipos se tomaron con risas esta situaci\u00f3n, sin imaginarse el futuro del argentino en el equipo franc\u00e9s.<\/p>\n\n\n\n<h4 class=\"wp-block-heading\">C\u00f3mo le fue a Colapinto en la F\u00f3rmula 1 en 2024:<\/h4>\n\n\n\n<ul class=\"wp-block-list\">\n<li>GP de Italia: 12\u00b0<\/li>\n\n\n\n<li>GP de Azerbaiy\u00e1n: 8\u00b0<\/li>\n\n\n\n<li>GP de Singapur: 11\u00b0<\/li>\n\n\n\n<li>GP de Estados Unidos: 10\u00b0<\/li>\n\n\n\n<li>GP de M\u00e9xico: 12\u00b0<\/li>\n\n\n\n<li>GP de Brasil: abandon\u00f3<\/li>\n\n\n\n<li>GP de Las Vegas: 14\u00b0<\/li>\n\n\n\n<li>GP de Qatar: abandon\u00f3<\/li>\n\n\n\n<li>GP de Abu Dhabi: abandon\u00f3<\/li>\n<\/ul>\n","protected":false},"excerpt":{"rendered":"<p>La escuder\u00eda francesa Alpine oficializ\u00f3 al argentino Franco Colapinto como uno de sus nuevos pilotos, por lo que est\u00e1 cada vez m\u00e1s cerca de volver a la&nbsp;F\u00f3rmula 1. Alpine, que&hellip;<\/p>\n","protected":false},"author":3,"featured_media":8126,"comment_status":"closed","ping_status":"closed","sticky":false,"template":"","format":"standard","meta":{"footnotes":""},"categories":[3],"tags":[],"class_list":["post-8125","post","type-post","status-publish","format-standard","has-post-thumbnail","hentry","category-deportes"],"rttpg_featured_image_url":{"full":["http:\/\/magazineweb.com.ar\/wp-content\/uploads\/2025\/01\/md.webp",992,561,false],"landscape":["http:\/\/magazineweb.com.ar\/wp-content\/uploads\/2025\/01\/md.webp",992,561,false],"portraits":["http:\/\/magazineweb.com.ar\/wp-content\/uploads\/2025\/01\/md.webp",992,561,false],"thumbnail":["http:\/\/magazineweb.com.ar\/wp-content\/uploads\/2025\/01\/md-150x150.webp",150,150,true],"medium":["http:\/\/magazineweb.com.ar\/wp-content\/uploads\/2025\/01\/md-300x170.webp",300,170,true],"large":["http:\/\/magazineweb.com.ar\/wp-content\/uploads\/2025\/01\/md.webp",992,561,false],"1536x1536":["http:\/\/magazineweb.com.ar\/wp-content\/uploads\/2025\/01\/md.webp",992,561,false],"2048x2048":["http:\/\/magazineweb.com.ar\/wp-content\/uploads\/2025\/01\/md.webp",992,561,false],"ultp_layout_landscape_large":["http:\/\/magazineweb.com.ar\/wp-content\/uploads\/2025\/01\/md.webp",992,561,false],"ultp_layout_landscape":["http:\/\/magazineweb.com.ar\/wp-content\/uploads\/2025\/01\/md-870x561.webp",870,561,true],"ultp_layout_portrait":["http:\/\/magazineweb.com.ar\/wp-content\/uploads\/2025\/01\/md-600x561.webp",600,561,true],"ultp_layout_square":["http:\/\/magazineweb.com.ar\/wp-content\/uploads\/2025\/01\/md-600x561.webp",600,561,true]},"rttpg_author":{"display_name":"Redacci\u00f3n Magazine Web","author_link":"http:\/\/magazineweb.com.ar\/?author=3"},"rttpg_comment":0,"rttpg_category":"<a href=\"http:\/\/magazineweb.com.ar\/?cat=3\" rel=\"category\">Deportes<\/a>","rttpg_excerpt":"La escuder\u00eda francesa Alpine oficializ\u00f3 al argentino Franco Colapinto como uno de sus nuevos pilotos, por lo que est\u00e1 cada vez m\u00e1s cerca de volver a la&nbsp;F\u00f3rmula 1. Alpine, que&hellip;","_links":{"self":[{"href":"http:\/\/magazineweb.com.ar\/index.php?rest_route=\/wp\/v2\/posts\/8125","targetHints":{"allow":["GET"]}}],"collection":[{"href":"http:\/\/magazineweb.com.ar\/index.php?rest_route=\/wp\/v2\/posts"}],"about":[{"href":"http:\/\/magazineweb.com.ar\/index.php?rest_route=\/wp\/v2\/types\/post"}],"author":[{"embeddable":true,"href":"http:\/\/magazineweb.com.ar\/index.php?rest_route=\/wp\/v2\/users\/3"}],"replies":[{"embeddable":true,"href":"http:\/\/magazineweb.com.ar\/index.php?rest_route=%2Fwp%2Fv2%2Fcomments&post=8125"}],"version-history":[{"count":1,"href":"http:\/\/magazineweb.com.ar\/index.php?rest_route=\/wp\/v2\/posts\/8125\/revisions"}],"predecessor-version":[{"id":8127,"href":"http:\/\/magazineweb.com.ar\/index.php?rest_route=\/wp\/v2\/posts\/8125\/revisions\/8127"}],"wp:featuredmedia":[{"embeddable":true,"href":"http:\/\/magazineweb.com.ar\/index.php?rest_route=\/wp\/v2\/media\/8126"}],"wp:attachment":[{"href":"http:\/\/magazineweb.com.ar\/index.php?rest_route=%2Fwp%2Fv2%2Fmedia&parent=8125"}],"wp:term":[{"taxonomy":"category","embeddable":true,"href":"http:\/\/magazineweb.com.ar\/index.php?rest_route=%2Fwp%2Fv2%2Fcategories&post=8125"},{"taxonomy":"post_tag","embeddable":true,"href":"http:\/\/magazineweb.com.ar\/index.php?rest_route=%2Fwp%2Fv2%2Ftags&post=8125"}],"curies":[{"name":"wp","href":"https:\/\/api.w.org\/{rel}","templated":true}]}}