{"id":8196,"date":"2025-01-24T01:05:00","date_gmt":"2025-01-24T04:05:00","guid":{"rendered":"https:\/\/magazineweb.com.ar\/?p=8196"},"modified":"2025-01-25T16:12:18","modified_gmt":"2025-01-25T19:12:18","slug":"herramientas-digitales-en-la-esmeralda","status":"publish","type":"post","link":"http:\/\/magazineweb.com.ar\/?p=8196","title":{"rendered":"Herramientas digitales en La Esmeralda"},"content":{"rendered":"\n<p>La Comuna impulsa clases sin costo de Word, Excel y Chat GPT con el objetivo de fomentar saberes sobre tecnolog\u00edas en el Centro Educativo Integral Municipal (CEIM) N\u00ba4 de La Esmeralda.<\/p>\n\n\n\n<p>Edgardo Moreno -coordinador del establecimiento- se\u00f1ala \u00abla importancia de un espacio de inclusi\u00f3n digital, en el cual brindamos una aproximaci\u00f3n a recursos indispensables vinculados a esta \u00e1rea\u00bb. \u00abEste abanico de herramientas sirven a los y las estudiantes no solo para nutrirse personalmente, sino tambi\u00e9n en su campo laboral\u00bb, sostiene.<\/p>\n\n\n\n<p>Camila -profesora- explica que, \u00aben los ocho encuentros, los temas var\u00edan: parten desde lo esencial a distintas f\u00f3rmulas, generaci\u00f3n de bases de datos y gr\u00e1ficos\u00bb. \u00abLos conocimientos son muy relevantes, ya que en cualquier empleo piden una m\u00ednima noci\u00f3n de estas aplicaciones\u00bb, afirma la docente.<\/p>\n\n\n\n<p>Eliana -vecina del barrio La Colorada- valora la gratuidad del programa porque \u00abde forma privada son muy caros los seminarios\u00bb. Por otro lado, relata que \u00abaprender ac\u00e1 me dar\u00e1 posibilidades de ser contratada en alg\u00fan lugar\u00bb.<\/p>\n\n\n\n<p>Mayra llega desde San Jorge y cuenta: \u00abConocer estos materiales me favorece en la parte administrativa, ya que tengo una cooperativa\u00bb. \u00abTener un mejor manejo me da una mano para ayudar a m\u00e1s gente\u00bb, sentencia la joven.&nbsp;&nbsp; &nbsp;<\/p>\n","protected":false},"excerpt":{"rendered":"<p>La Comuna impulsa clases sin costo de Word, Excel y Chat GPT con el objetivo de fomentar saberes sobre tecnolog\u00edas en el Centro Educativo Integral Municipal (CEIM) N\u00ba4 de La&hellip;<\/p>\n","protected":false},"author":3,"featured_media":8198,"comment_status":"closed","ping_status":"closed","sticky":false,"template":"","format":"standard","meta":{"footnotes":""},"categories":[4,9],"tags":[],"class_list":["post-8196","post","type-post","status-publish","format-standard","has-post-thumbnail","hentry","category-destacados","category-informacion-general"],"rttpg_featured_image_url":{"full":["http:\/\/magazineweb.com.ar\/wp-content\/uploads\/2025\/01\/herra-scaled.jpg",2560,1707,false],"landscape":["http:\/\/magazineweb.com.ar\/wp-content\/uploads\/2025\/01\/herra-scaled.jpg",2560,1707,false],"portraits":["http:\/\/magazineweb.com.ar\/wp-content\/uploads\/2025\/01\/herra-scaled.jpg",2560,1707,false],"thumbnail":["http:\/\/magazineweb.com.ar\/wp-content\/uploads\/2025\/01\/herra-150x150.jpg",150,150,true],"medium":["http:\/\/magazineweb.com.ar\/wp-content\/uploads\/2025\/01\/herra-300x200.jpg",300,200,true],"large":["http:\/\/magazineweb.com.ar\/wp-content\/uploads\/2025\/01\/herra-1024x683.jpg",1024,683,true],"1536x1536":["http:\/\/magazineweb.com.ar\/wp-content\/uploads\/2025\/01\/herra-1536x1024.jpg",1536,1024,true],"2048x2048":["http:\/\/magazineweb.com.ar\/wp-content\/uploads\/2025\/01\/herra-2048x1365.jpg",2048,1365,true],"ultp_layout_landscape_large":["http:\/\/magazineweb.com.ar\/wp-content\/uploads\/2025\/01\/herra-1200x800.jpg",1200,800,true],"ultp_layout_landscape":["http:\/\/magazineweb.com.ar\/wp-content\/uploads\/2025\/01\/herra-870x570.jpg",870,570,true],"ultp_layout_portrait":["http:\/\/magazineweb.com.ar\/wp-content\/uploads\/2025\/01\/herra-600x900.jpg",600,900,true],"ultp_layout_square":["http:\/\/magazineweb.com.ar\/wp-content\/uploads\/2025\/01\/herra-600x600.jpg",600,600,true]},"rttpg_author":{"display_name":"Redacci\u00f3n Magazine Web","author_link":"http:\/\/magazineweb.com.ar\/?author=3"},"rttpg_comment":0,"rttpg_category":"<a href=\"http:\/\/magazineweb.com.ar\/?cat=4\" rel=\"category\">Destacados<\/a> <a href=\"http:\/\/magazineweb.com.ar\/?cat=9\" rel=\"category\">Informaci\u00f3n General<\/a>","rttpg_excerpt":"La Comuna impulsa clases sin costo de Word, Excel y Chat GPT con el objetivo de fomentar saberes sobre tecnolog\u00edas en el Centro Educativo Integral Municipal (CEIM) N\u00ba4 de La&hellip;","_links":{"self":[{"href":"http:\/\/magazineweb.com.ar\/index.php?rest_route=\/wp\/v2\/posts\/8196","targetHints":{"allow":["GET"]}}],"collection":[{"href":"http:\/\/magazineweb.com.ar\/index.php?rest_route=\/wp\/v2\/posts"}],"about":[{"href":"http:\/\/magazineweb.com.ar\/index.php?rest_route=\/wp\/v2\/types\/post"}],"author":[{"embeddable":true,"href":"http:\/\/magazineweb.com.ar\/index.php?rest_route=\/wp\/v2\/users\/3"}],"replies":[{"embeddable":true,"href":"http:\/\/magazineweb.com.ar\/index.php?rest_route=%2Fwp%2Fv2%2Fcomments&post=8196"}],"version-history":[{"count":1,"href":"http:\/\/magazineweb.com.ar\/index.php?rest_route=\/wp\/v2\/posts\/8196\/revisions"}],"predecessor-version":[{"id":8199,"href":"http:\/\/magazineweb.com.ar\/index.php?rest_route=\/wp\/v2\/posts\/8196\/revisions\/8199"}],"wp:featuredmedia":[{"embeddable":true,"href":"http:\/\/magazineweb.com.ar\/index.php?rest_route=\/wp\/v2\/media\/8198"}],"wp:attachment":[{"href":"http:\/\/magazineweb.com.ar\/index.php?rest_route=%2Fwp%2Fv2%2Fmedia&parent=8196"}],"wp:term":[{"taxonomy":"category","embeddable":true,"href":"http:\/\/magazineweb.com.ar\/index.php?rest_route=%2Fwp%2Fv2%2Fcategories&post=8196"},{"taxonomy":"post_tag","embeddable":true,"href":"http:\/\/magazineweb.com.ar\/index.php?rest_route=%2Fwp%2Fv2%2Ftags&post=8196"}],"curies":[{"name":"wp","href":"https:\/\/api.w.org\/{rel}","templated":true}]}}