{"id":8320,"date":"2025-02-10T05:32:40","date_gmt":"2025-02-10T08:32:40","guid":{"rendered":"https:\/\/magazineweb.com.ar\/?p=8320"},"modified":"2025-02-10T05:32:41","modified_gmt":"2025-02-10T08:32:41","slug":"riestra-y-defensa-y-justicia-repartieron-puntos-en-el-bajo-flores","status":"publish","type":"post","link":"http:\/\/magazineweb.com.ar\/?p=8320","title":{"rendered":"Riestra y Defensa y Justicia repartieron puntos en el Bajo Flores"},"content":{"rendered":"\n<p>En el marco del duelo internacional por la cuarta fecha del Torneo Apertura, Deportivo Riestra y Defensa y Justicia igualaron 1 a 1 en el estadio Guillermo Laza.<\/p>\n\n\n\n<p>Ezequiel Cannavo, a los 4 minutos del complemento, adelant\u00f3 al equipo del sur bonaerense, mientras que Jonathan Herrera, a los 45 del mismo per\u00edodo, igual\u00f3 el marcador para el \u201cMalevo\u201d.<\/p>\n\n\n\n<p>El conjunto de Florencio Varela logr\u00f3 ponerse en ventaja a trav\u00e9s de Ezequiel Cannavo, ya que el defensor coron\u00f3 la jugada preparada del equipo de Pablo de Muner. El zaguero aprovech\u00f3 un despeje defensivo y dos cabezazos letales desarticularon a la \u00faltima l\u00ednea local, adem\u00e1s, la conquista cont\u00f3 con la floja reacci\u00f3n del arquero Ignacio Arce.<\/p>\n\n\n\n<p>&nbsp;Aunque el resultado lo hizo sentirse c\u00f3modo al \u00abHalc\u00f3n\u00bb, esto le fue corto en el tr\u00e1mite, ya que no supo aprovechar sus acciones y sobre el final del encuentro sufri\u00f3 la igualdad por medio de Jonathan Herrera, quien sell\u00f3 el 1 a 1 definitivo.<\/p>\n","protected":false},"excerpt":{"rendered":"<p>En el marco del duelo internacional por la cuarta fecha del Torneo Apertura, Deportivo Riestra y Defensa y Justicia igualaron 1 a 1 en el estadio Guillermo Laza. Ezequiel Cannavo,&hellip;<\/p>\n","protected":false},"author":3,"featured_media":8321,"comment_status":"closed","ping_status":"closed","sticky":false,"template":"","format":"standard","meta":{"footnotes":""},"categories":[3],"tags":[],"class_list":["post-8320","post","type-post","status-publish","format-standard","has-post-thumbnail","hentry","category-deportes"],"rttpg_featured_image_url":{"full":["http:\/\/magazineweb.com.ar\/wp-content\/uploads\/2025\/02\/720-63.webp",1089,720,false],"landscape":["http:\/\/magazineweb.com.ar\/wp-content\/uploads\/2025\/02\/720-63.webp",1089,720,false],"portraits":["http:\/\/magazineweb.com.ar\/wp-content\/uploads\/2025\/02\/720-63.webp",1089,720,false],"thumbnail":["http:\/\/magazineweb.com.ar\/wp-content\/uploads\/2025\/02\/720-63-150x150.webp",150,150,true],"medium":["http:\/\/magazineweb.com.ar\/wp-content\/uploads\/2025\/02\/720-63-300x198.webp",300,198,true],"large":["http:\/\/magazineweb.com.ar\/wp-content\/uploads\/2025\/02\/720-63-1024x677.webp",1024,677,true],"1536x1536":["http:\/\/magazineweb.com.ar\/wp-content\/uploads\/2025\/02\/720-63.webp",1089,720,false],"2048x2048":["http:\/\/magazineweb.com.ar\/wp-content\/uploads\/2025\/02\/720-63.webp",1089,720,false],"ultp_layout_landscape_large":["http:\/\/magazineweb.com.ar\/wp-content\/uploads\/2025\/02\/720-63.webp",1089,720,false],"ultp_layout_landscape":["http:\/\/magazineweb.com.ar\/wp-content\/uploads\/2025\/02\/720-63-870x570.webp",870,570,true],"ultp_layout_portrait":["http:\/\/magazineweb.com.ar\/wp-content\/uploads\/2025\/02\/720-63-600x720.webp",600,720,true],"ultp_layout_square":["http:\/\/magazineweb.com.ar\/wp-content\/uploads\/2025\/02\/720-63-600x600.webp",600,600,true]},"rttpg_author":{"display_name":"Redacci\u00f3n Magazine Web","author_link":"http:\/\/magazineweb.com.ar\/?author=3"},"rttpg_comment":0,"rttpg_category":"<a href=\"http:\/\/magazineweb.com.ar\/?cat=3\" rel=\"category\">Deportes<\/a>","rttpg_excerpt":"En el marco del duelo internacional por la cuarta fecha del Torneo Apertura, Deportivo Riestra y Defensa y Justicia igualaron 1 a 1 en el estadio Guillermo Laza. Ezequiel Cannavo,&hellip;","_links":{"self":[{"href":"http:\/\/magazineweb.com.ar\/index.php?rest_route=\/wp\/v2\/posts\/8320","targetHints":{"allow":["GET"]}}],"collection":[{"href":"http:\/\/magazineweb.com.ar\/index.php?rest_route=\/wp\/v2\/posts"}],"about":[{"href":"http:\/\/magazineweb.com.ar\/index.php?rest_route=\/wp\/v2\/types\/post"}],"author":[{"embeddable":true,"href":"http:\/\/magazineweb.com.ar\/index.php?rest_route=\/wp\/v2\/users\/3"}],"replies":[{"embeddable":true,"href":"http:\/\/magazineweb.com.ar\/index.php?rest_route=%2Fwp%2Fv2%2Fcomments&post=8320"}],"version-history":[{"count":1,"href":"http:\/\/magazineweb.com.ar\/index.php?rest_route=\/wp\/v2\/posts\/8320\/revisions"}],"predecessor-version":[{"id":8322,"href":"http:\/\/magazineweb.com.ar\/index.php?rest_route=\/wp\/v2\/posts\/8320\/revisions\/8322"}],"wp:featuredmedia":[{"embeddable":true,"href":"http:\/\/magazineweb.com.ar\/index.php?rest_route=\/wp\/v2\/media\/8321"}],"wp:attachment":[{"href":"http:\/\/magazineweb.com.ar\/index.php?rest_route=%2Fwp%2Fv2%2Fmedia&parent=8320"}],"wp:term":[{"taxonomy":"category","embeddable":true,"href":"http:\/\/magazineweb.com.ar\/index.php?rest_route=%2Fwp%2Fv2%2Fcategories&post=8320"},{"taxonomy":"post_tag","embeddable":true,"href":"http:\/\/magazineweb.com.ar\/index.php?rest_route=%2Fwp%2Fv2%2Ftags&post=8320"}],"curies":[{"name":"wp","href":"https:\/\/api.w.org\/{rel}","templated":true}]}}