{"id":8345,"date":"2025-02-10T04:33:34","date_gmt":"2025-02-10T07:33:34","guid":{"rendered":"https:\/\/magazineweb.com.ar\/?p=8345"},"modified":"2025-02-10T06:34:10","modified_gmt":"2025-02-10T09:34:10","slug":"la-sociedad-de-fomento-villa-chingolo-celebro-su-75-aniversario","status":"publish","type":"post","link":"http:\/\/magazineweb.com.ar\/?p=8345","title":{"rendered":"La Sociedad de Fomento Villa Chingolo celebr\u00f3 su 75\u00b0 aniversario"},"content":{"rendered":"\n<p>Se festejaron los 75 a\u00f1os de la Sociedad de Fomento Villa Chingolo, en un encuentro que se llev\u00f3 a cabo en su sede.<\/p>\n\n\n\n<p>El presidente de la Sociedad de Fomento, Guillermo Su\u00e1rez, expres\u00f3: \u201cGracias a todos por estar hoy y por participar de la Instituci\u00f3n. Queremos que todas las familias est\u00e9n en la Sociedad de Fomento. Por eso, tenemos muchos proyectos y expectativas para este 2025&#8243;.<\/p>\n\n\n\n<p>Asimismo, agreg\u00f3: \u00abAgradecemos a la Municipalidad de Berazategui y al intendente Juan Jos\u00e9 Mussi por su permanente acompa\u00f1amiento\u00bb.<\/p>\n\n\n\n<p>Estuvieron presentes los secretarios municipales de Organizaciones No Gubernamentales (ONG), Marcelo Benedetti; Desarrollo Social, Recreaci\u00f3n, Turismo y Deportes, Mar\u00eda Laura Lacava; de Gobierno, Antonio Amarilla; de Servicios P\u00fablicos, Sergio Faccenda; la titular de la Agencia de Tierras y H\u00e1bitat, Cecilia Rold\u00e1n; y la presidenta del Honorable Concejo Deliberante local, Andrea Canestro.<\/p>\n","protected":false},"excerpt":{"rendered":"<p>Se festejaron los 75 a\u00f1os de la Sociedad de Fomento Villa Chingolo, en un encuentro que se llev\u00f3 a cabo en su sede. El presidente de la Sociedad de Fomento,&hellip;<\/p>\n","protected":false},"author":3,"featured_media":8346,"comment_status":"closed","ping_status":"closed","sticky":false,"template":"","format":"standard","meta":{"footnotes":""},"categories":[9],"tags":[],"class_list":["post-8345","post","type-post","status-publish","format-standard","has-post-thumbnail","hentry","category-informacion-general"],"rttpg_featured_image_url":{"full":["http:\/\/magazineweb.com.ar\/wp-content\/uploads\/2025\/02\/LA-SOCIEDAD-DE-FOMENTO-VILLA-CHINGOLO-CELEBRO-SU-75\u00b0-ANIVERSARIO-1.jpg",1920,1280,false],"landscape":["http:\/\/magazineweb.com.ar\/wp-content\/uploads\/2025\/02\/LA-SOCIEDAD-DE-FOMENTO-VILLA-CHINGOLO-CELEBRO-SU-75\u00b0-ANIVERSARIO-1.jpg",1920,1280,false],"portraits":["http:\/\/magazineweb.com.ar\/wp-content\/uploads\/2025\/02\/LA-SOCIEDAD-DE-FOMENTO-VILLA-CHINGOLO-CELEBRO-SU-75\u00b0-ANIVERSARIO-1.jpg",1920,1280,false],"thumbnail":["http:\/\/magazineweb.com.ar\/wp-content\/uploads\/2025\/02\/LA-SOCIEDAD-DE-FOMENTO-VILLA-CHINGOLO-CELEBRO-SU-75\u00b0-ANIVERSARIO-1-150x150.jpg",150,150,true],"medium":["http:\/\/magazineweb.com.ar\/wp-content\/uploads\/2025\/02\/LA-SOCIEDAD-DE-FOMENTO-VILLA-CHINGOLO-CELEBRO-SU-75\u00b0-ANIVERSARIO-1-300x200.jpg",300,200,true],"large":["http:\/\/magazineweb.com.ar\/wp-content\/uploads\/2025\/02\/LA-SOCIEDAD-DE-FOMENTO-VILLA-CHINGOLO-CELEBRO-SU-75\u00b0-ANIVERSARIO-1-1024x683.jpg",1024,683,true],"1536x1536":["http:\/\/magazineweb.com.ar\/wp-content\/uploads\/2025\/02\/LA-SOCIEDAD-DE-FOMENTO-VILLA-CHINGOLO-CELEBRO-SU-75\u00b0-ANIVERSARIO-1-1536x1024.jpg",1536,1024,true],"2048x2048":["http:\/\/magazineweb.com.ar\/wp-content\/uploads\/2025\/02\/LA-SOCIEDAD-DE-FOMENTO-VILLA-CHINGOLO-CELEBRO-SU-75\u00b0-ANIVERSARIO-1.jpg",1920,1280,false],"ultp_layout_landscape_large":["http:\/\/magazineweb.com.ar\/wp-content\/uploads\/2025\/02\/LA-SOCIEDAD-DE-FOMENTO-VILLA-CHINGOLO-CELEBRO-SU-75\u00b0-ANIVERSARIO-1-1200x800.jpg",1200,800,true],"ultp_layout_landscape":["http:\/\/magazineweb.com.ar\/wp-content\/uploads\/2025\/02\/LA-SOCIEDAD-DE-FOMENTO-VILLA-CHINGOLO-CELEBRO-SU-75\u00b0-ANIVERSARIO-1-870x570.jpg",870,570,true],"ultp_layout_portrait":["http:\/\/magazineweb.com.ar\/wp-content\/uploads\/2025\/02\/LA-SOCIEDAD-DE-FOMENTO-VILLA-CHINGOLO-CELEBRO-SU-75\u00b0-ANIVERSARIO-1-600x900.jpg",600,900,true],"ultp_layout_square":["http:\/\/magazineweb.com.ar\/wp-content\/uploads\/2025\/02\/LA-SOCIEDAD-DE-FOMENTO-VILLA-CHINGOLO-CELEBRO-SU-75\u00b0-ANIVERSARIO-1-600x600.jpg",600,600,true]},"rttpg_author":{"display_name":"Redacci\u00f3n Magazine Web","author_link":"http:\/\/magazineweb.com.ar\/?author=3"},"rttpg_comment":0,"rttpg_category":"<a href=\"http:\/\/magazineweb.com.ar\/?cat=9\" rel=\"category\">Informaci\u00f3n General<\/a>","rttpg_excerpt":"Se festejaron los 75 a\u00f1os de la Sociedad de Fomento Villa Chingolo, en un encuentro que se llev\u00f3 a cabo en su sede. El presidente de la Sociedad de Fomento,&hellip;","_links":{"self":[{"href":"http:\/\/magazineweb.com.ar\/index.php?rest_route=\/wp\/v2\/posts\/8345","targetHints":{"allow":["GET"]}}],"collection":[{"href":"http:\/\/magazineweb.com.ar\/index.php?rest_route=\/wp\/v2\/posts"}],"about":[{"href":"http:\/\/magazineweb.com.ar\/index.php?rest_route=\/wp\/v2\/types\/post"}],"author":[{"embeddable":true,"href":"http:\/\/magazineweb.com.ar\/index.php?rest_route=\/wp\/v2\/users\/3"}],"replies":[{"embeddable":true,"href":"http:\/\/magazineweb.com.ar\/index.php?rest_route=%2Fwp%2Fv2%2Fcomments&post=8345"}],"version-history":[{"count":1,"href":"http:\/\/magazineweb.com.ar\/index.php?rest_route=\/wp\/v2\/posts\/8345\/revisions"}],"predecessor-version":[{"id":8347,"href":"http:\/\/magazineweb.com.ar\/index.php?rest_route=\/wp\/v2\/posts\/8345\/revisions\/8347"}],"wp:featuredmedia":[{"embeddable":true,"href":"http:\/\/magazineweb.com.ar\/index.php?rest_route=\/wp\/v2\/media\/8346"}],"wp:attachment":[{"href":"http:\/\/magazineweb.com.ar\/index.php?rest_route=%2Fwp%2Fv2%2Fmedia&parent=8345"}],"wp:term":[{"taxonomy":"category","embeddable":true,"href":"http:\/\/magazineweb.com.ar\/index.php?rest_route=%2Fwp%2Fv2%2Fcategories&post=8345"},{"taxonomy":"post_tag","embeddable":true,"href":"http:\/\/magazineweb.com.ar\/index.php?rest_route=%2Fwp%2Fv2%2Ftags&post=8345"}],"curies":[{"name":"wp","href":"https:\/\/api.w.org\/{rel}","templated":true}]}}