{"id":8651,"date":"2025-03-06T01:06:00","date_gmt":"2025-03-06T04:06:00","guid":{"rendered":"https:\/\/magazineweb.com.ar\/?p=8651"},"modified":"2025-02-27T20:41:34","modified_gmt":"2025-02-27T23:41:34","slug":"consejos-de-la-municipalidad-de-berazategui-para-una-alimentacion-saludable-en-verano","status":"publish","type":"post","link":"http:\/\/magazineweb.com.ar\/?p=8651","title":{"rendered":"Consejos de la Municipalidad de Berazategui para una alimentaci\u00f3n saludable en verano"},"content":{"rendered":"\n<p>Mantener una alimentaci\u00f3n variada y saludable es fundamental para asegurar el bienestar f\u00edsico y mental, adem\u00e1s de contar con todos los nutrientes necesarios para llevar adelante las actividades cotidianas. Por esta raz\u00f3n, desde la Municipalidad de Berazategui se brindan una serie de recomendaciones para una nutrici\u00f3n adecuada en verano.<\/p>\n\n\n\n<p>La Lic. Silvina Lescinskas (MP 224 \/ MN 2008), nutricionista de la Secretar\u00eda de Salud P\u00fablica e Higiene municipal, informa: \u201cLo m\u00e1s importante es tener una buena hidrataci\u00f3n, bebiendo como m\u00ednimo 3 litros de agua por d\u00eda. A su vez, aconsejamos consumir frutas y verduras de estaci\u00f3n, aprovechando la variedad que hay en esta \u00e9poca\u201d.<\/p>\n\n\n\n<p>Con respecto a los alimentos a evitar, la nutricionista incluye \u201caquellos que son industrializados, procesados o ultraprocesados. Tambi\u00e9n hay que limitar el consumo de az\u00facar y sal. Es preferible una comida sana, casera y natural; pero que no sea abundante ni excesiva\u201d.<\/p>\n","protected":false},"excerpt":{"rendered":"<p>Mantener una alimentaci\u00f3n variada y saludable es fundamental para asegurar el bienestar f\u00edsico y mental, adem\u00e1s de contar con todos los nutrientes necesarios para llevar adelante las actividades cotidianas. Por&hellip;<\/p>\n","protected":false},"author":3,"featured_media":8652,"comment_status":"closed","ping_status":"closed","sticky":false,"template":"","format":"standard","meta":{"footnotes":""},"categories":[16],"tags":[],"class_list":["post-8651","post","type-post","status-publish","format-standard","has-post-thumbnail","hentry","category-salud-y-medio-ambiente"],"rttpg_featured_image_url":{"full":["http:\/\/magazineweb.com.ar\/wp-content\/uploads\/2025\/02\/ALIMENTACION-SALUDABLE-EN-VERANO-1.jpg",1920,1280,false],"landscape":["http:\/\/magazineweb.com.ar\/wp-content\/uploads\/2025\/02\/ALIMENTACION-SALUDABLE-EN-VERANO-1.jpg",1920,1280,false],"portraits":["http:\/\/magazineweb.com.ar\/wp-content\/uploads\/2025\/02\/ALIMENTACION-SALUDABLE-EN-VERANO-1.jpg",1920,1280,false],"thumbnail":["http:\/\/magazineweb.com.ar\/wp-content\/uploads\/2025\/02\/ALIMENTACION-SALUDABLE-EN-VERANO-1-150x150.jpg",150,150,true],"medium":["http:\/\/magazineweb.com.ar\/wp-content\/uploads\/2025\/02\/ALIMENTACION-SALUDABLE-EN-VERANO-1-300x200.jpg",300,200,true],"large":["http:\/\/magazineweb.com.ar\/wp-content\/uploads\/2025\/02\/ALIMENTACION-SALUDABLE-EN-VERANO-1-1024x683.jpg",1024,683,true],"1536x1536":["http:\/\/magazineweb.com.ar\/wp-content\/uploads\/2025\/02\/ALIMENTACION-SALUDABLE-EN-VERANO-1-1536x1024.jpg",1536,1024,true],"2048x2048":["http:\/\/magazineweb.com.ar\/wp-content\/uploads\/2025\/02\/ALIMENTACION-SALUDABLE-EN-VERANO-1.jpg",1920,1280,false],"ultp_layout_landscape_large":["http:\/\/magazineweb.com.ar\/wp-content\/uploads\/2025\/02\/ALIMENTACION-SALUDABLE-EN-VERANO-1-1200x800.jpg",1200,800,true],"ultp_layout_landscape":["http:\/\/magazineweb.com.ar\/wp-content\/uploads\/2025\/02\/ALIMENTACION-SALUDABLE-EN-VERANO-1-870x570.jpg",870,570,true],"ultp_layout_portrait":["http:\/\/magazineweb.com.ar\/wp-content\/uploads\/2025\/02\/ALIMENTACION-SALUDABLE-EN-VERANO-1-600x900.jpg",600,900,true],"ultp_layout_square":["http:\/\/magazineweb.com.ar\/wp-content\/uploads\/2025\/02\/ALIMENTACION-SALUDABLE-EN-VERANO-1-600x600.jpg",600,600,true]},"rttpg_author":{"display_name":"Redacci\u00f3n Magazine Web","author_link":"http:\/\/magazineweb.com.ar\/?author=3"},"rttpg_comment":0,"rttpg_category":"<a href=\"http:\/\/magazineweb.com.ar\/?cat=16\" rel=\"category\">Salud y Medio Ambiente<\/a>","rttpg_excerpt":"Mantener una alimentaci\u00f3n variada y saludable es fundamental para asegurar el bienestar f\u00edsico y mental, adem\u00e1s de contar con todos los nutrientes necesarios para llevar adelante las actividades cotidianas. Por&hellip;","_links":{"self":[{"href":"http:\/\/magazineweb.com.ar\/index.php?rest_route=\/wp\/v2\/posts\/8651","targetHints":{"allow":["GET"]}}],"collection":[{"href":"http:\/\/magazineweb.com.ar\/index.php?rest_route=\/wp\/v2\/posts"}],"about":[{"href":"http:\/\/magazineweb.com.ar\/index.php?rest_route=\/wp\/v2\/types\/post"}],"author":[{"embeddable":true,"href":"http:\/\/magazineweb.com.ar\/index.php?rest_route=\/wp\/v2\/users\/3"}],"replies":[{"embeddable":true,"href":"http:\/\/magazineweb.com.ar\/index.php?rest_route=%2Fwp%2Fv2%2Fcomments&post=8651"}],"version-history":[{"count":1,"href":"http:\/\/magazineweb.com.ar\/index.php?rest_route=\/wp\/v2\/posts\/8651\/revisions"}],"predecessor-version":[{"id":8653,"href":"http:\/\/magazineweb.com.ar\/index.php?rest_route=\/wp\/v2\/posts\/8651\/revisions\/8653"}],"wp:featuredmedia":[{"embeddable":true,"href":"http:\/\/magazineweb.com.ar\/index.php?rest_route=\/wp\/v2\/media\/8652"}],"wp:attachment":[{"href":"http:\/\/magazineweb.com.ar\/index.php?rest_route=%2Fwp%2Fv2%2Fmedia&parent=8651"}],"wp:term":[{"taxonomy":"category","embeddable":true,"href":"http:\/\/magazineweb.com.ar\/index.php?rest_route=%2Fwp%2Fv2%2Fcategories&post=8651"},{"taxonomy":"post_tag","embeddable":true,"href":"http:\/\/magazineweb.com.ar\/index.php?rest_route=%2Fwp%2Fv2%2Ftags&post=8651"}],"curies":[{"name":"wp","href":"https:\/\/api.w.org\/{rel}","templated":true}]}}