{"id":8681,"date":"2025-03-06T01:06:00","date_gmt":"2025-03-06T04:06:00","guid":{"rendered":"https:\/\/magazineweb.com.ar\/?p=8681"},"modified":"2025-03-05T19:37:50","modified_gmt":"2025-03-05T22:37:50","slug":"crecio-la-venta-de-autos-usados","status":"publish","type":"post","link":"http:\/\/magazineweb.com.ar\/?p=8681","title":{"rendered":"Creci\u00f3 la venta de autos usados"},"content":{"rendered":"\n<p>La venta de autos usados se dispar\u00f3 40,3% interanual en febrero y los concesionarios confirman las perspectivas de fuerte recuperaci\u00f3n del sector.<\/p>\n\n\n\n<p>La C\u00e1mara del Comercio Automotor (CCA) inform\u00f3 que en febrero se comercializaron 149.004 veh\u00edculos usados, cuando en igual mes de 2024 se hab\u00edan vendido 106.228 unidades.<\/p>\n\n\n\n<p>\u201cEstabilidad cambiaria, quita y reducci\u00f3n de impuestos, mayor oferta y variedad de unidades, tasas de financiaci\u00f3n a la baja, y una pol\u00edtica de ventas agresiva de parte de terminales e importadores, explican en gran medida esta recuperaci\u00f3n\u201d, destac\u00f3 el secretario de esa entidad, Alejandro Lamas.<\/p>\n\n\n\n<p>Si se compara con enero (170.036 unidades), hay una baja del 12,37%.<\/p>\n\n\n\n<p>En el per\u00edodo enero-febrero 2025 se vendieron 319.040 unidades, lo que represent\u00f3 un aumento del 43,5% con respecto a igual per\u00edodo de 2024 (222.363 veh\u00edculos).<\/p>\n\n\n\n<p>Febrero mostr\u00f3 tambi\u00e9n que el Volkswagen Gol sigue encabezando la preferencia de la gente al adquirir un auto usado. Se comercializaron 8.089 unidades.<\/p>\n\n\n\n<p>Lamas explic\u00f3 que febrero \u00abmostr\u00f3 un crecimiento importante en la comercializaci\u00f3n de autos usados, consolidando de esta manera un primer bimestre auspicioso para la venta de veh\u00edculos usados\u201d.<\/p>\n\n\n\n<p>\u201cLa actividad sigue en alza, mostrando una buena asistencia de p\u00fablico en las agencias, tanto en el AMBA como en el interior del pa\u00eds\u201d, destac\u00f3.<\/p>\n\n\n\n<p>Dijo que \u00abde continuar por esta senda, y de no mediar ning\u00fan cisne negro en el camino, podremos sorprendernos con los resultados de ventas cuando finalice el a\u00f1o\u201d.<\/p>\n\n\n\n<p><strong>RANKING 10 AUTOS USADOS M\u00c1S VENDIDOS EN FEBRERO<br><\/strong>VW Gol y Trend: 8.089<br>Toyota Hilux: 5.310<br>Corsa y Classic: 4.243<br>VW Amarok: 3.891<br>Ford Ranger: 3.860<br>Ford EcoSport: 2.992<br>Peugeot 208: 2.977<br>Toyota Corolla: 2.871<br>Fiat Palio: 2.791<br>Ford Ka: 2.638<\/p>\n\n\n\n<p><strong>PROVINCIAS QUE CRECIERON EN ENERO-FEBRERO<br><\/strong>La Rioja: 82,44%<br>Chaco: 80,29%<br>Neuqu\u00e9n: 78,90%<br>Salta: 76,56%<br>Santa Cruz: 76,25%<br>Catamarca: 71,59%<br>Formosa: 70,83%<br>Jujuy: 68,59%<br>Corrientes: 65,63%<br>Misiones: 62,07%<br>Chubut: 58,75%<br>Santiago del Estero: 56,27%<br>R\u00edo Negro: 55,58%<br>Tucum\u00e1n: 54,45%<br>La Pampa: 51,20%<br>Tierra del Fuego: 49,88%<br>Santa Fe: 46,60%<br>San Juan: 41,96%<br>C\u00f3rdoba: 41,69%<br>San Luis: 40,33%<br>Mendoza: 39,79%<br>Pcia. Buenos Aires: 38,27%<br>Entre R\u00edos: 37,75%<br>CABA: 28,85%<\/p>\n","protected":false},"excerpt":{"rendered":"<p>La venta de autos usados se dispar\u00f3 40,3% interanual en febrero y los concesionarios confirman las perspectivas de fuerte recuperaci\u00f3n del sector. La C\u00e1mara del Comercio Automotor (CCA) inform\u00f3 que&hellip;<\/p>\n","protected":false},"author":3,"featured_media":8682,"comment_status":"closed","ping_status":"closed","sticky":false,"template":"","format":"standard","meta":{"footnotes":""},"categories":[5],"tags":[],"class_list":["post-8681","post","type-post","status-publish","format-standard","has-post-thumbnail","hentry","category-economia"],"rttpg_featured_image_url":{"full":["http:\/\/magazineweb.com.ar\/wp-content\/uploads\/2025\/03\/360-4.webp",640,360,false],"landscape":["http:\/\/magazineweb.com.ar\/wp-content\/uploads\/2025\/03\/360-4.webp",640,360,false],"portraits":["http:\/\/magazineweb.com.ar\/wp-content\/uploads\/2025\/03\/360-4.webp",640,360,false],"thumbnail":["http:\/\/magazineweb.com.ar\/wp-content\/uploads\/2025\/03\/360-4-150x150.webp",150,150,true],"medium":["http:\/\/magazineweb.com.ar\/wp-content\/uploads\/2025\/03\/360-4-300x169.webp",300,169,true],"large":["http:\/\/magazineweb.com.ar\/wp-content\/uploads\/2025\/03\/360-4.webp",640,360,false],"1536x1536":["http:\/\/magazineweb.com.ar\/wp-content\/uploads\/2025\/03\/360-4.webp",640,360,false],"2048x2048":["http:\/\/magazineweb.com.ar\/wp-content\/uploads\/2025\/03\/360-4.webp",640,360,false],"ultp_layout_landscape_large":["http:\/\/magazineweb.com.ar\/wp-content\/uploads\/2025\/03\/360-4.webp",640,360,false],"ultp_layout_landscape":["http:\/\/magazineweb.com.ar\/wp-content\/uploads\/2025\/03\/360-4.webp",640,360,false],"ultp_layout_portrait":["http:\/\/magazineweb.com.ar\/wp-content\/uploads\/2025\/03\/360-4-600x360.webp",600,360,true],"ultp_layout_square":["http:\/\/magazineweb.com.ar\/wp-content\/uploads\/2025\/03\/360-4-600x360.webp",600,360,true]},"rttpg_author":{"display_name":"Redacci\u00f3n Magazine Web","author_link":"http:\/\/magazineweb.com.ar\/?author=3"},"rttpg_comment":0,"rttpg_category":"<a href=\"http:\/\/magazineweb.com.ar\/?cat=5\" rel=\"category\">Econom\u00eda<\/a>","rttpg_excerpt":"La venta de autos usados se dispar\u00f3 40,3% interanual en febrero y los concesionarios confirman las perspectivas de fuerte recuperaci\u00f3n del sector. La C\u00e1mara del Comercio Automotor (CCA) inform\u00f3 que&hellip;","_links":{"self":[{"href":"http:\/\/magazineweb.com.ar\/index.php?rest_route=\/wp\/v2\/posts\/8681","targetHints":{"allow":["GET"]}}],"collection":[{"href":"http:\/\/magazineweb.com.ar\/index.php?rest_route=\/wp\/v2\/posts"}],"about":[{"href":"http:\/\/magazineweb.com.ar\/index.php?rest_route=\/wp\/v2\/types\/post"}],"author":[{"embeddable":true,"href":"http:\/\/magazineweb.com.ar\/index.php?rest_route=\/wp\/v2\/users\/3"}],"replies":[{"embeddable":true,"href":"http:\/\/magazineweb.com.ar\/index.php?rest_route=%2Fwp%2Fv2%2Fcomments&post=8681"}],"version-history":[{"count":1,"href":"http:\/\/magazineweb.com.ar\/index.php?rest_route=\/wp\/v2\/posts\/8681\/revisions"}],"predecessor-version":[{"id":8683,"href":"http:\/\/magazineweb.com.ar\/index.php?rest_route=\/wp\/v2\/posts\/8681\/revisions\/8683"}],"wp:featuredmedia":[{"embeddable":true,"href":"http:\/\/magazineweb.com.ar\/index.php?rest_route=\/wp\/v2\/media\/8682"}],"wp:attachment":[{"href":"http:\/\/magazineweb.com.ar\/index.php?rest_route=%2Fwp%2Fv2%2Fmedia&parent=8681"}],"wp:term":[{"taxonomy":"category","embeddable":true,"href":"http:\/\/magazineweb.com.ar\/index.php?rest_route=%2Fwp%2Fv2%2Fcategories&post=8681"},{"taxonomy":"post_tag","embeddable":true,"href":"http:\/\/magazineweb.com.ar\/index.php?rest_route=%2Fwp%2Fv2%2Ftags&post=8681"}],"curies":[{"name":"wp","href":"https:\/\/api.w.org\/{rel}","templated":true}]}}