{"id":8687,"date":"2025-03-06T01:05:00","date_gmt":"2025-03-06T04:05:00","guid":{"rendered":"https:\/\/magazineweb.com.ar\/?p=8687"},"modified":"2025-03-05T19:55:06","modified_gmt":"2025-03-05T22:55:06","slug":"mauricio-macri-le-reclamo-a-patricia-bullrich-por-el-traslado-de-presos-las-comisarias-no-son-carceles","status":"publish","type":"post","link":"http:\/\/magazineweb.com.ar\/?p=8687","title":{"rendered":"Mauricio Macri le reclam\u00f3 a Patricia Bullrich por el traslado de presos: \u00abLas comisar\u00edas no son c\u00e1rceles\u00bb"},"content":{"rendered":"\n<p>El ex presidente Mauricio Macri se meti\u00f3 en la interna del Gobierno de Javier Milei y la Jefatura de Gobierno porte\u00f1o por el traslado de presos del sistema federal y le pidi\u00f3 al Ministerio de Seguridad nacional que cumpla con su \u00abresponsabilidad\u00bb porque \u00ablas comisar\u00edas no son c\u00e1rceles\u00bb.<\/p>\n\n\n\n<p>\u00abLos casi 27.000 polic\u00edas que tiene la Ciudad tienen que estar al servicio de cuidar las calles y a los porte\u00f1os, no a los presos. El Ministerio de Seguridad y el Servicio Penitenciario Federal tienen que cumplir con su responsabilidad. La Ciudad est\u00e1 para ayudar, pero las comisar\u00edas no son c\u00e1rceles\u00bb, subray\u00f3 Macri desde sus redes sociales.<\/p>\n\n\n\n<p>De esa forma el ex mandatario expres\u00f3 su respaldo a la gesti\u00f3n del jefe de Gobierno, Jorge Macri, quien mantiene un enfrentamiento con la ministra de Seguridad, Patricia Bullrich, por la fuga de presos de las alcaid\u00edas de la Ciudad.<\/p>\n\n\n\n<p>Jorge Macri le reclam\u00f3 a Bullrich que fije \u00abun calendario concreto\u00bb para trasladar los presos alojados en comisar\u00edas porte\u00f1as a c\u00e1rceles del Servicio Penitenciario Federal.<\/p>\n\n\n\n<p>\u00abTengamos ya un plan con un calendario concreto para que los presos est\u00e9n donde tienen que estar, en prisi\u00f3n federal\u00bb, dijo Jorge Macri en un acto ante los cadetes en el Instituto Superior de Seguridad P\u00fablica, al inaugurar el ciclo lectivo para polic\u00edas y bomberos en esa instituci\u00f3n.<\/p>\n","protected":false},"excerpt":{"rendered":"<p>El ex presidente Mauricio Macri se meti\u00f3 en la interna del Gobierno de Javier Milei y la Jefatura de Gobierno porte\u00f1o por el traslado de presos del sistema federal y&hellip;<\/p>\n","protected":false},"author":3,"featured_media":8688,"comment_status":"closed","ping_status":"closed","sticky":false,"template":"","format":"standard","meta":{"footnotes":""},"categories":[17,13],"tags":[],"class_list":["post-8687","post","type-post","status-publish","format-standard","has-post-thumbnail","hentry","category-nacional","category-politica"],"rttpg_featured_image_url":{"full":["http:\/\/magazineweb.com.ar\/wp-content\/uploads\/2025\/03\/bullrich.jpg",1024,695,false],"landscape":["http:\/\/magazineweb.com.ar\/wp-content\/uploads\/2025\/03\/bullrich.jpg",1024,695,false],"portraits":["http:\/\/magazineweb.com.ar\/wp-content\/uploads\/2025\/03\/bullrich.jpg",1024,695,false],"thumbnail":["http:\/\/magazineweb.com.ar\/wp-content\/uploads\/2025\/03\/bullrich-150x150.jpg",150,150,true],"medium":["http:\/\/magazineweb.com.ar\/wp-content\/uploads\/2025\/03\/bullrich-300x204.jpg",300,204,true],"large":["http:\/\/magazineweb.com.ar\/wp-content\/uploads\/2025\/03\/bullrich.jpg",1024,695,false],"1536x1536":["http:\/\/magazineweb.com.ar\/wp-content\/uploads\/2025\/03\/bullrich.jpg",1024,695,false],"2048x2048":["http:\/\/magazineweb.com.ar\/wp-content\/uploads\/2025\/03\/bullrich.jpg",1024,695,false],"ultp_layout_landscape_large":["http:\/\/magazineweb.com.ar\/wp-content\/uploads\/2025\/03\/bullrich.jpg",1024,695,false],"ultp_layout_landscape":["http:\/\/magazineweb.com.ar\/wp-content\/uploads\/2025\/03\/bullrich-870x570.jpg",870,570,true],"ultp_layout_portrait":["http:\/\/magazineweb.com.ar\/wp-content\/uploads\/2025\/03\/bullrich-600x695.jpg",600,695,true],"ultp_layout_square":["http:\/\/magazineweb.com.ar\/wp-content\/uploads\/2025\/03\/bullrich-600x600.jpg",600,600,true]},"rttpg_author":{"display_name":"Redacci\u00f3n Magazine Web","author_link":"http:\/\/magazineweb.com.ar\/?author=3"},"rttpg_comment":0,"rttpg_category":"<a href=\"http:\/\/magazineweb.com.ar\/?cat=17\" rel=\"category\">Nacional<\/a> <a href=\"http:\/\/magazineweb.com.ar\/?cat=13\" rel=\"category\">Pol\u00edtica<\/a>","rttpg_excerpt":"El ex presidente Mauricio Macri se meti\u00f3 en la interna del Gobierno de Javier Milei y la Jefatura de Gobierno porte\u00f1o por el traslado de presos del sistema federal y&hellip;","_links":{"self":[{"href":"http:\/\/magazineweb.com.ar\/index.php?rest_route=\/wp\/v2\/posts\/8687","targetHints":{"allow":["GET"]}}],"collection":[{"href":"http:\/\/magazineweb.com.ar\/index.php?rest_route=\/wp\/v2\/posts"}],"about":[{"href":"http:\/\/magazineweb.com.ar\/index.php?rest_route=\/wp\/v2\/types\/post"}],"author":[{"embeddable":true,"href":"http:\/\/magazineweb.com.ar\/index.php?rest_route=\/wp\/v2\/users\/3"}],"replies":[{"embeddable":true,"href":"http:\/\/magazineweb.com.ar\/index.php?rest_route=%2Fwp%2Fv2%2Fcomments&post=8687"}],"version-history":[{"count":1,"href":"http:\/\/magazineweb.com.ar\/index.php?rest_route=\/wp\/v2\/posts\/8687\/revisions"}],"predecessor-version":[{"id":8689,"href":"http:\/\/magazineweb.com.ar\/index.php?rest_route=\/wp\/v2\/posts\/8687\/revisions\/8689"}],"wp:featuredmedia":[{"embeddable":true,"href":"http:\/\/magazineweb.com.ar\/index.php?rest_route=\/wp\/v2\/media\/8688"}],"wp:attachment":[{"href":"http:\/\/magazineweb.com.ar\/index.php?rest_route=%2Fwp%2Fv2%2Fmedia&parent=8687"}],"wp:term":[{"taxonomy":"category","embeddable":true,"href":"http:\/\/magazineweb.com.ar\/index.php?rest_route=%2Fwp%2Fv2%2Fcategories&post=8687"},{"taxonomy":"post_tag","embeddable":true,"href":"http:\/\/magazineweb.com.ar\/index.php?rest_route=%2Fwp%2Fv2%2Ftags&post=8687"}],"curies":[{"name":"wp","href":"https:\/\/api.w.org\/{rel}","templated":true}]}}