{"id":8763,"date":"2025-03-10T01:05:00","date_gmt":"2025-03-10T04:05:00","guid":{"rendered":"https:\/\/magazineweb.com.ar\/?p=8763"},"modified":"2025-03-08T22:15:36","modified_gmt":"2025-03-09T01:15:36","slug":"el-precio-de-los-alimentos-subio-08-en-el-inicio-de-marzo","status":"publish","type":"post","link":"http:\/\/magazineweb.com.ar\/?p=8763","title":{"rendered":"El precio de los alimentos subi\u00f3 0,8% en el inicio de marzo"},"content":{"rendered":"\n<p>El precio de los alimentos registr\u00f3 un incremento del 0,8% en la primera semana de marzo, impulsado principalmente por las subas en l\u00e1cteos, mientras que el valor de la carne se mantuvo estable.<\/p>\n\n\n\n<p>Seg\u00fan el informe semanal de la consultora LCG, el aumento promedio de los alimentos en las \u00faltimas cuatro semanas alcanz\u00f3 el 3,2%, debido al arrastre de las subas registradas en febrero.<\/p>\n\n\n\n<h3 class=\"wp-block-heading\">Principales aumentos por rubro:<\/h3>\n\n\n\n<ul class=\"wp-block-list\">\n<li>L\u00e1cteos: 4,2%<\/li>\n\n\n\n<li>Condimentos: 2%<\/li>\n\n\n\n<li>Frutas y verduras: 0,9%<\/li>\n\n\n\n<li>Panificados y pastas: 0,6%<\/li>\n\n\n\n<li>Aceites: 0,5%<\/li>\n\n\n\n<li>Carnes: 0,2%<\/li>\n<\/ul>\n\n\n\n<p>La carne, que en febrero registr\u00f3 un fuerte incremento, tuvo una m\u00ednima variaci\u00f3n del 0,2% en la primera semana de marzo.<\/p>\n\n\n\n<p>Esta es la primera evoluci\u00f3n de precios que se conoce del mes, mientras se espera que el INDEC publique el dato oficial de inflaci\u00f3n de febrero, que se estima entre 2,2% y 2,7%.<\/p>\n\n\n\n<h3 class=\"wp-block-heading\">Impacto en la econom\u00eda<\/h3>\n\n\n\n<p>El aumento de precios podr\u00eda complicar la situaci\u00f3n del mercado interno, ya que la tasa de devaluaci\u00f3n oficial se mantiene en 1%, encareciendo los costos de producci\u00f3n local y afectando el poder adquisitivo de los consumidores.<\/p>\n","protected":false},"excerpt":{"rendered":"<p>El precio de los alimentos registr\u00f3 un incremento del 0,8% en la primera semana de marzo, impulsado principalmente por las subas en l\u00e1cteos, mientras que el valor de la carne&hellip;<\/p>\n","protected":false},"author":3,"featured_media":8764,"comment_status":"closed","ping_status":"closed","sticky":false,"template":"","format":"standard","meta":{"footnotes":""},"categories":[5],"tags":[],"class_list":["post-8763","post","type-post","status-publish","format-standard","has-post-thumbnail","hentry","category-economia"],"rttpg_featured_image_url":{"full":["http:\/\/magazineweb.com.ar\/wp-content\/uploads\/2025\/03\/720-24.webp",1280,716,false],"landscape":["http:\/\/magazineweb.com.ar\/wp-content\/uploads\/2025\/03\/720-24.webp",1280,716,false],"portraits":["http:\/\/magazineweb.com.ar\/wp-content\/uploads\/2025\/03\/720-24.webp",1280,716,false],"thumbnail":["http:\/\/magazineweb.com.ar\/wp-content\/uploads\/2025\/03\/720-24-150x150.webp",150,150,true],"medium":["http:\/\/magazineweb.com.ar\/wp-content\/uploads\/2025\/03\/720-24-300x168.webp",300,168,true],"large":["http:\/\/magazineweb.com.ar\/wp-content\/uploads\/2025\/03\/720-24-1024x573.webp",1024,573,true],"1536x1536":["http:\/\/magazineweb.com.ar\/wp-content\/uploads\/2025\/03\/720-24.webp",1280,716,false],"2048x2048":["http:\/\/magazineweb.com.ar\/wp-content\/uploads\/2025\/03\/720-24.webp",1280,716,false],"ultp_layout_landscape_large":["http:\/\/magazineweb.com.ar\/wp-content\/uploads\/2025\/03\/720-24-1200x716.webp",1200,716,true],"ultp_layout_landscape":["http:\/\/magazineweb.com.ar\/wp-content\/uploads\/2025\/03\/720-24-870x570.webp",870,570,true],"ultp_layout_portrait":["http:\/\/magazineweb.com.ar\/wp-content\/uploads\/2025\/03\/720-24-600x716.webp",600,716,true],"ultp_layout_square":["http:\/\/magazineweb.com.ar\/wp-content\/uploads\/2025\/03\/720-24-600x600.webp",600,600,true]},"rttpg_author":{"display_name":"Redacci\u00f3n Magazine Web","author_link":"http:\/\/magazineweb.com.ar\/?author=3"},"rttpg_comment":0,"rttpg_category":"<a href=\"http:\/\/magazineweb.com.ar\/?cat=5\" rel=\"category\">Econom\u00eda<\/a>","rttpg_excerpt":"El precio de los alimentos registr\u00f3 un incremento del 0,8% en la primera semana de marzo, impulsado principalmente por las subas en l\u00e1cteos, mientras que el valor de la carne&hellip;","_links":{"self":[{"href":"http:\/\/magazineweb.com.ar\/index.php?rest_route=\/wp\/v2\/posts\/8763","targetHints":{"allow":["GET"]}}],"collection":[{"href":"http:\/\/magazineweb.com.ar\/index.php?rest_route=\/wp\/v2\/posts"}],"about":[{"href":"http:\/\/magazineweb.com.ar\/index.php?rest_route=\/wp\/v2\/types\/post"}],"author":[{"embeddable":true,"href":"http:\/\/magazineweb.com.ar\/index.php?rest_route=\/wp\/v2\/users\/3"}],"replies":[{"embeddable":true,"href":"http:\/\/magazineweb.com.ar\/index.php?rest_route=%2Fwp%2Fv2%2Fcomments&post=8763"}],"version-history":[{"count":1,"href":"http:\/\/magazineweb.com.ar\/index.php?rest_route=\/wp\/v2\/posts\/8763\/revisions"}],"predecessor-version":[{"id":8765,"href":"http:\/\/magazineweb.com.ar\/index.php?rest_route=\/wp\/v2\/posts\/8763\/revisions\/8765"}],"wp:featuredmedia":[{"embeddable":true,"href":"http:\/\/magazineweb.com.ar\/index.php?rest_route=\/wp\/v2\/media\/8764"}],"wp:attachment":[{"href":"http:\/\/magazineweb.com.ar\/index.php?rest_route=%2Fwp%2Fv2%2Fmedia&parent=8763"}],"wp:term":[{"taxonomy":"category","embeddable":true,"href":"http:\/\/magazineweb.com.ar\/index.php?rest_route=%2Fwp%2Fv2%2Fcategories&post=8763"},{"taxonomy":"post_tag","embeddable":true,"href":"http:\/\/magazineweb.com.ar\/index.php?rest_route=%2Fwp%2Fv2%2Ftags&post=8763"}],"curies":[{"name":"wp","href":"https:\/\/api.w.org\/{rel}","templated":true}]}}