{"id":8872,"date":"2025-03-27T19:06:15","date_gmt":"2025-03-27T22:06:15","guid":{"rendered":"https:\/\/magazineweb.com.ar\/?p=8872"},"modified":"2025-03-27T19:06:16","modified_gmt":"2025-03-27T22:06:16","slug":"salario-docente-el-gobierno-fijo-el-sueldo-minimo-en-500-000-sin-el-aval-de-los-gremios","status":"publish","type":"post","link":"http:\/\/magazineweb.com.ar\/?p=8872","title":{"rendered":"Salario docente: el Gobierno fij\u00f3 el sueldo m\u00ednimo en $500.000 sin el aval de los gremios"},"content":{"rendered":"\n<p>El Gobierno nacional fij\u00f3 el nuevo salario m\u00ednimo docente en $500.000 desde febrero, de manera unilateral al no contar con el acuerdo de los gremios, mediante la Resoluci\u00f3n 381\/2025 publicada este mi\u00e9rcoles en el Bolet\u00edn Oficial.<\/p>\n\n\n\n<p>La decisi\u00f3n del Ejecutivo, por medio de la Secretar\u00eda de Educaci\u00f3n, se da tras el fracaso de la instancia de di\u00e1logo con los sindicatos en la Comisi\u00f3n Negociadora del Convenio Marco que se reuni\u00f3 a mediados de febrero para evaluar el aumento propuesto por la asamblea del Consejo Federal de Educaci\u00f3n.<\/p>\n\n\n\n<p>Al respecto, el texto oficial precis\u00f3 que \u201clas partes fijaron sus posiciones y, luego de un extenso intercambio de opiniones, no pudo arribarse a un acuerdo sobre el monto de la retribuci\u00f3n m\u00ednima de los trabajadores docentes\u201d.<\/p>\n\n\n\n<p>En este marco, la normativa dispuso \u201cdeterminar un salario m\u00ednimo docente para el cargo testigo de maestro de grado com\u00fan, jornada simple, sin antig\u00fcedad o equivalente en horas c\u00e1tedra, a partir del 1 de febrero de 2025, de $500.000\u201d.<\/p>\n\n\n\n<p>De esta manera, la remuneraci\u00f3n m\u00ednima docente se increment\u00f3 un 19% frente al valor previo de $420.000, que hab\u00eda sido fijado en agosto del a\u00f1o pasado, tambi\u00e9n en discordancia con la postura sindical. La suba queda por debajo de la inflaci\u00f3n del periodo.<\/p>\n\n\n\n<p>Adem\u00e1s, se estableci\u00f3 que el nuevo sueldo m\u00ednimo \u201cser\u00e1 el importe de referencia para dar cumplimiento a las transferencias en las provincias que integran el Programa Nacional de Compensaci\u00f3n Salarial Docente creado por el art\u00edculo 9\u00ba de la Ley N\u00ba 26.075\u201d.<\/p>\n\n\n\n<p>Al explicar la convalidaci\u00f3n del piso salarial, el Ejecutivo precis\u00f3 que responde \u201ca los efectos del funcionamiento del Programa Nacional de Compensaci\u00f3n Salarial Docente\u201d y destac\u00f3 que \u201crefleja la decisi\u00f3n pol\u00edtica del Consejo Federal de Educaci\u00f3n y del Gobierno Nacional de garantizar que ning\u00fan docente perciba una remuneraci\u00f3n inferior a la fijada por dicho concepto\u201d.<\/p>\n\n\n\n<p>La mesa de negociaci\u00f3n estuvo conformada por la Asociaci\u00f3n del Magisterio De Ense\u00f1anza T\u00e9cnica (AMET), la Confederaci\u00f3n de Trabajadores de la Educaci\u00f3n de la Rep\u00fablica Argentina (CTERA), La Confederaci\u00f3n de Educadores Argentinos (CEA), el Sindicato Argentino de Docentes Particulares (SADOP) y la Uni\u00f3n Docentes Argentinos (UDA), en representaci\u00f3n de los gremios. Mientras que por el Ejecutivo participaron las secretar\u00edas de Educaci\u00f3n, de Trabajo, Empleo y Seguridad Social, al igual que el Consejo Federal de Educaci\u00f3n y su Comit\u00e9 Ejecutivo.<\/p>\n","protected":false},"excerpt":{"rendered":"<p>El Gobierno nacional fij\u00f3 el nuevo salario m\u00ednimo docente en $500.000 desde febrero, de manera unilateral al no contar con el acuerdo de los gremios, mediante la Resoluci\u00f3n 381\/2025 publicada&hellip;<\/p>\n","protected":false},"author":3,"featured_media":8873,"comment_status":"closed","ping_status":"closed","sticky":false,"template":"","format":"standard","meta":{"footnotes":""},"categories":[17,13],"tags":[],"class_list":["post-8872","post","type-post","status-publish","format-standard","has-post-thumbnail","hentry","category-nacional","category-politica"],"rttpg_featured_image_url":{"full":["http:\/\/magazineweb.com.ar\/wp-content\/uploads\/2025\/03\/escuela.jpg",1024,576,false],"landscape":["http:\/\/magazineweb.com.ar\/wp-content\/uploads\/2025\/03\/escuela.jpg",1024,576,false],"portraits":["http:\/\/magazineweb.com.ar\/wp-content\/uploads\/2025\/03\/escuela.jpg",1024,576,false],"thumbnail":["http:\/\/magazineweb.com.ar\/wp-content\/uploads\/2025\/03\/escuela-150x150.jpg",150,150,true],"medium":["http:\/\/magazineweb.com.ar\/wp-content\/uploads\/2025\/03\/escuela-300x169.jpg",300,169,true],"large":["http:\/\/magazineweb.com.ar\/wp-content\/uploads\/2025\/03\/escuela.jpg",1024,576,false],"1536x1536":["http:\/\/magazineweb.com.ar\/wp-content\/uploads\/2025\/03\/escuela.jpg",1024,576,false],"2048x2048":["http:\/\/magazineweb.com.ar\/wp-content\/uploads\/2025\/03\/escuela.jpg",1024,576,false],"ultp_layout_landscape_large":["http:\/\/magazineweb.com.ar\/wp-content\/uploads\/2025\/03\/escuela.jpg",1024,576,false],"ultp_layout_landscape":["http:\/\/magazineweb.com.ar\/wp-content\/uploads\/2025\/03\/escuela-870x570.jpg",870,570,true],"ultp_layout_portrait":["http:\/\/magazineweb.com.ar\/wp-content\/uploads\/2025\/03\/escuela-600x576.jpg",600,576,true],"ultp_layout_square":["http:\/\/magazineweb.com.ar\/wp-content\/uploads\/2025\/03\/escuela-600x576.jpg",600,576,true]},"rttpg_author":{"display_name":"Redacci\u00f3n Magazine Web","author_link":"http:\/\/magazineweb.com.ar\/?author=3"},"rttpg_comment":0,"rttpg_category":"<a href=\"http:\/\/magazineweb.com.ar\/?cat=17\" rel=\"category\">Nacional<\/a> <a href=\"http:\/\/magazineweb.com.ar\/?cat=13\" rel=\"category\">Pol\u00edtica<\/a>","rttpg_excerpt":"El Gobierno nacional fij\u00f3 el nuevo salario m\u00ednimo docente en $500.000 desde febrero, de manera unilateral al no contar con el acuerdo de los gremios, mediante la Resoluci\u00f3n 381\/2025 publicada&hellip;","_links":{"self":[{"href":"http:\/\/magazineweb.com.ar\/index.php?rest_route=\/wp\/v2\/posts\/8872","targetHints":{"allow":["GET"]}}],"collection":[{"href":"http:\/\/magazineweb.com.ar\/index.php?rest_route=\/wp\/v2\/posts"}],"about":[{"href":"http:\/\/magazineweb.com.ar\/index.php?rest_route=\/wp\/v2\/types\/post"}],"author":[{"embeddable":true,"href":"http:\/\/magazineweb.com.ar\/index.php?rest_route=\/wp\/v2\/users\/3"}],"replies":[{"embeddable":true,"href":"http:\/\/magazineweb.com.ar\/index.php?rest_route=%2Fwp%2Fv2%2Fcomments&post=8872"}],"version-history":[{"count":1,"href":"http:\/\/magazineweb.com.ar\/index.php?rest_route=\/wp\/v2\/posts\/8872\/revisions"}],"predecessor-version":[{"id":8874,"href":"http:\/\/magazineweb.com.ar\/index.php?rest_route=\/wp\/v2\/posts\/8872\/revisions\/8874"}],"wp:featuredmedia":[{"embeddable":true,"href":"http:\/\/magazineweb.com.ar\/index.php?rest_route=\/wp\/v2\/media\/8873"}],"wp:attachment":[{"href":"http:\/\/magazineweb.com.ar\/index.php?rest_route=%2Fwp%2Fv2%2Fmedia&parent=8872"}],"wp:term":[{"taxonomy":"category","embeddable":true,"href":"http:\/\/magazineweb.com.ar\/index.php?rest_route=%2Fwp%2Fv2%2Fcategories&post=8872"},{"taxonomy":"post_tag","embeddable":true,"href":"http:\/\/magazineweb.com.ar\/index.php?rest_route=%2Fwp%2Fv2%2Ftags&post=8872"}],"curies":[{"name":"wp","href":"https:\/\/api.w.org\/{rel}","templated":true}]}}