{"id":8878,"date":"2025-03-28T01:07:00","date_gmt":"2025-03-28T04:07:00","guid":{"rendered":"https:\/\/magazineweb.com.ar\/?p=8878"},"modified":"2025-03-27T19:15:22","modified_gmt":"2025-03-27T22:15:22","slug":"aguero-vuelve-a-independiente-jugara-para-el-senior","status":"publish","type":"post","link":"http:\/\/magazineweb.com.ar\/?p=8878","title":{"rendered":"Ag\u00fcero vuelve a Independiente: jugar\u00e1 para el Senior"},"content":{"rendered":"\n<p>A pesar de su episodio con la arritmia ventricular, el centro delantero Sergio Ag\u00fcero regresar\u00e1 a las canchas vistiendo los colores de la camiseta de Independiente de Avellaneda.<\/p>\n\n\n\n<p>Despu\u00e9s de nueve a\u00f1os de espera, el \u201cKun \u201crepresentar\u00e1 al \u201cRey de Copas\u201d, pero en una categor\u00eda diferente. Jugar\u00e1 para el equipo Senior del elenco de Zona Sur.<\/p>\n\n\n\n<p>Ag\u00fcero regresar\u00e1 a los terrenos de juego en un escenario so\u00f1ado, el lunes disputar\u00e1 un encuentro frente a Racing Club de Avellaneda en el estadio Libertadores de Am\u00e9rica- Ricardo Enrique Bochini.<\/p>\n\n\n\n<p>El 14 de mayo de 2006 fue la \u00faltima vez que el ex integrante de la Selecci\u00f3n Argentina visti\u00f3 los colores del \u201cRojo\u201d, en la derrota 2-0 frente a Rosario Central por el \u00faltimo partido del Torneo Clausura.<\/p>\n\n\n\n<p>El \u201cKun\u201d se despidi\u00f3 con un sabor amargo por dos motivos particulares: la ca\u00eda con el \u201cCanalla\u201d en la \u00faltima fecha y la despedida, sin aplausos, en el Gigante de Arroyito.<\/p>\n\n\n\n<p>La historia de Ag\u00fcero en Independiente<br>El 5 de julio de 2003, el adolescente de 15 a\u00f1os (cumplidos el 2 de junio) fue llamado por el director t\u00e9cnico \u00d3scar Ruggeri para reemplazar al extremo izquierdo Emanuel Benito Rivas.<\/p>\n\n\n\n<p>Los nervios que sinti\u00f3 el futbolista no pudieron contenerse delante las c\u00e1maras, micr\u00f3fonos y periodistas. Por este motivo, Ruggeri le dio las indicaciones t\u00e1cticas y lo tranquiliz\u00f3.<\/p>\n\n\n\n<p>Un partido que estaba perdido y apagado, porque San Lorenzo vec\u00eda 1-0 al elenco de Avellaneda. Pero, el ingreso de ese chico a los 24 minutos del complemento cambi\u00f3 el panorama de un encuentro.<\/p>\n\n\n\n<p>El \u201cKun\u201d con un n\u00famero extra\u00f1o en su espalda, el 34, se present\u00f3 de manera humilde en un compromiso de jugadores mayores a \u00e9l. Sin embargo, no hablaron de un simple adolescente, Ag\u00fcero demostr\u00f3 con sus gambetas que estaba a la altura de enfrentar grandes desaf\u00edos en el f\u00fatbol profesional.<\/p>\n\n\n\n<h3 class=\"wp-block-heading\">Sus n\u00fameros en el \u201cRojo\u201d<\/h3>\n\n\n\n<p>Sergio Ag\u00fcero disput\u00f3 56 encuentros en total con el conjunto que posee siete Copas Libertadores de Am\u00e9rica, anot\u00f3 23 goles y reparti\u00f3 una sola asistencia.<\/p>\n\n\n\n<p>A pesar de sus pocas actuaciones con la camiseta de Independiente, el \u201cKun\u201d desarroll\u00f3 una impactante carrera deportiva en Europa.<\/p>\n\n\n\n<p>Tras su gran rendimiento en el M\u00e1nchester City, en donde es considerado como el m\u00e1ximo \u00eddolo, los fan\u00e1ticos del \u201cRojo\u201d de Avellaneda pidieron a gritos por su regreso a la instituci\u00f3n deportiva del conurbano bonaerense.<\/p>\n","protected":false},"excerpt":{"rendered":"<p>A pesar de su episodio con la arritmia ventricular, el centro delantero Sergio Ag\u00fcero regresar\u00e1 a las canchas vistiendo los colores de la camiseta de Independiente de Avellaneda. Despu\u00e9s de&hellip;<\/p>\n","protected":false},"author":3,"featured_media":8879,"comment_status":"closed","ping_status":"closed","sticky":false,"template":"","format":"standard","meta":{"footnotes":""},"categories":[3],"tags":[],"class_list":["post-8878","post","type-post","status-publish","format-standard","has-post-thumbnail","hentry","category-deportes"],"rttpg_featured_image_url":{"full":["http:\/\/magazineweb.com.ar\/wp-content\/uploads\/2025\/03\/kun.jpg",1600,900,false],"landscape":["http:\/\/magazineweb.com.ar\/wp-content\/uploads\/2025\/03\/kun.jpg",1600,900,false],"portraits":["http:\/\/magazineweb.com.ar\/wp-content\/uploads\/2025\/03\/kun.jpg",1600,900,false],"thumbnail":["http:\/\/magazineweb.com.ar\/wp-content\/uploads\/2025\/03\/kun-150x150.jpg",150,150,true],"medium":["http:\/\/magazineweb.com.ar\/wp-content\/uploads\/2025\/03\/kun-300x169.jpg",300,169,true],"large":["http:\/\/magazineweb.com.ar\/wp-content\/uploads\/2025\/03\/kun-1024x576.jpg",1024,576,true],"1536x1536":["http:\/\/magazineweb.com.ar\/wp-content\/uploads\/2025\/03\/kun-1536x864.jpg",1536,864,true],"2048x2048":["http:\/\/magazineweb.com.ar\/wp-content\/uploads\/2025\/03\/kun.jpg",1600,900,false],"ultp_layout_landscape_large":["http:\/\/magazineweb.com.ar\/wp-content\/uploads\/2025\/03\/kun-1200x800.jpg",1200,800,true],"ultp_layout_landscape":["http:\/\/magazineweb.com.ar\/wp-content\/uploads\/2025\/03\/kun-870x570.jpg",870,570,true],"ultp_layout_portrait":["http:\/\/magazineweb.com.ar\/wp-content\/uploads\/2025\/03\/kun-600x900.jpg",600,900,true],"ultp_layout_square":["http:\/\/magazineweb.com.ar\/wp-content\/uploads\/2025\/03\/kun-600x600.jpg",600,600,true]},"rttpg_author":{"display_name":"Redacci\u00f3n Magazine Web","author_link":"http:\/\/magazineweb.com.ar\/?author=3"},"rttpg_comment":0,"rttpg_category":"<a href=\"http:\/\/magazineweb.com.ar\/?cat=3\" rel=\"category\">Deportes<\/a>","rttpg_excerpt":"A pesar de su episodio con la arritmia ventricular, el centro delantero Sergio Ag\u00fcero regresar\u00e1 a las canchas vistiendo los colores de la camiseta de Independiente de Avellaneda. Despu\u00e9s de&hellip;","_links":{"self":[{"href":"http:\/\/magazineweb.com.ar\/index.php?rest_route=\/wp\/v2\/posts\/8878","targetHints":{"allow":["GET"]}}],"collection":[{"href":"http:\/\/magazineweb.com.ar\/index.php?rest_route=\/wp\/v2\/posts"}],"about":[{"href":"http:\/\/magazineweb.com.ar\/index.php?rest_route=\/wp\/v2\/types\/post"}],"author":[{"embeddable":true,"href":"http:\/\/magazineweb.com.ar\/index.php?rest_route=\/wp\/v2\/users\/3"}],"replies":[{"embeddable":true,"href":"http:\/\/magazineweb.com.ar\/index.php?rest_route=%2Fwp%2Fv2%2Fcomments&post=8878"}],"version-history":[{"count":1,"href":"http:\/\/magazineweb.com.ar\/index.php?rest_route=\/wp\/v2\/posts\/8878\/revisions"}],"predecessor-version":[{"id":8880,"href":"http:\/\/magazineweb.com.ar\/index.php?rest_route=\/wp\/v2\/posts\/8878\/revisions\/8880"}],"wp:featuredmedia":[{"embeddable":true,"href":"http:\/\/magazineweb.com.ar\/index.php?rest_route=\/wp\/v2\/media\/8879"}],"wp:attachment":[{"href":"http:\/\/magazineweb.com.ar\/index.php?rest_route=%2Fwp%2Fv2%2Fmedia&parent=8878"}],"wp:term":[{"taxonomy":"category","embeddable":true,"href":"http:\/\/magazineweb.com.ar\/index.php?rest_route=%2Fwp%2Fv2%2Fcategories&post=8878"},{"taxonomy":"post_tag","embeddable":true,"href":"http:\/\/magazineweb.com.ar\/index.php?rest_route=%2Fwp%2Fv2%2Ftags&post=8878"}],"curies":[{"name":"wp","href":"https:\/\/api.w.org\/{rel}","templated":true}]}}