{"id":8881,"date":"2025-03-28T01:06:00","date_gmt":"2025-03-28T04:06:00","guid":{"rendered":"https:\/\/magazineweb.com.ar\/?p=8881"},"modified":"2025-03-27T19:19:45","modified_gmt":"2025-03-27T22:19:45","slug":"el-sector-energetico-registro-bajas-en-el-cuarto-trimestre-del-2024","status":"publish","type":"post","link":"http:\/\/magazineweb.com.ar\/?p=8881","title":{"rendered":"El sector energ\u00e9tico registr\u00f3 bajas en el cuarto trimestre del 2024"},"content":{"rendered":"\n<p>La producci\u00f3n de energ\u00eda registr\u00f3 una ca\u00edda de 0,7% interanual, y a su vez una disminuci\u00f3n 1,9% con respecto al tercer trimestre del a\u00f1o pasado.<\/p>\n\n\n\n<p>En cuanto a los indicadores, dentro del sint\u00e9tico de energ\u00eda (ISE) se muestra una disminuci\u00f3n de 2,1% en el cuarto trimestre del 2024 con respecto al mismo per\u00edodo del 2023.<\/p>\n\n\n\n<p>Seg\u00fan el informe del INDEC, el 50% del sector de la electricidad prev\u00e9 que la demanda interna aumentar\u00e1 para el primer trimestre del 2025, el 25% estima que disminuir\u00e1 y el otro 25% considera que no tendr\u00e1 variaci\u00f3n.<\/p>\n\n\n\n<p>El sector de gas registr\u00f3 una variaci\u00f3n negativa de 7,3% en el cuarto trimestre de 2024 respecto a igual per\u00edodo del 2023.<\/p>\n\n\n\n<p>El 66,7% del sector prev\u00e9 que la demanda no variar\u00e1 en el primer trimestre del 2025, mientras que el 33,3% restante considera que s\u00ed tendr\u00e1 un aumento.<\/p>\n\n\n\n<p>Y el sector del petr\u00f3leo registr\u00f3 un aumento del 5,1% en el cuarto trimestre del a\u00f1o pasado, mientras que el 60% del sector prev\u00e9 un aumento, el 30% prev\u00e9 que no variar\u00e1 y el 10% restante prev\u00e9 que disminuir\u00e1, durante el primer trimestre del 2025.<\/p>\n\n\n\n<p>Por el lado del \u00edndice de autogeneraci\u00f3n y cogeneraci\u00f3n de energ\u00eda el\u00e9ctrica, durante el cuarto trimestre del 2024, aument\u00f3 6,5% la energ\u00eda autogenerada en la miner\u00eda y en la industria manufacturera.<\/p>\n\n\n\n<p>En la miner\u00eda aument\u00f3 11% el total de energ\u00eda autogenerada y 2,6% el total de energ\u00eda autogenerada en la industria manufacturera.<\/p>\n\n\n\n<p>Por el lado de los biocombustibles, la producci\u00f3n de biodi\u00e9sel present\u00f3 un aumento de 116,8% y 121% en los despachos del mercado interno en toneladas, durante el cuarto trimestre del 2024.<\/p>\n\n\n\n<p>En cuanto al bioetanol, la producci\u00f3n total disminuy\u00f3 6,3%, mientras que los despachos al mercado interno aumentaron 4,7% en comparaci\u00f3n con el cuarto trimestre del 2023.<\/p>\n\n\n\n<p>Consultados sobre el futuro de las exportaciones, el 25% sector de electricidad prev\u00e9 que sus env\u00edos al exterior no variar\u00e1n, mientras que el 75% restante cree que no exportar\u00e1 durante el primer trimestre del 2025.<\/p>\n\n\n\n<p>En el sector petrolero, el 30% prev\u00e9 que aumentar\u00e1n las exportaciones, otro 30% considera que no variar\u00e1n, un 10% considera que disminuir\u00e1n y el 30% restante prev\u00e9 que no exportar\u00e1.<\/p>\n\n\n\n<p>En cuanto al sector gas\u00edfero, un 33,3% considera que las ventas externas aumentar\u00e1n, un 16,7% considera que no tendr\u00e1n variaci\u00f3n y el 50% restante no prev\u00e9 exportar en el primer trimestre del corriente a\u00f1o.<\/p>\n\n\n\n<p>Por el lado de las inversiones, el 70% del sector petrolero prev\u00e9 realizar inversiones, al igual que el 100% del sector gas\u00edfero y el 50% del sector de electricidad.<\/p>\n","protected":false},"excerpt":{"rendered":"<p>La producci\u00f3n de energ\u00eda registr\u00f3 una ca\u00edda de 0,7% interanual, y a su vez una disminuci\u00f3n 1,9% con respecto al tercer trimestre del a\u00f1o pasado. En cuanto a los indicadores,&hellip;<\/p>\n","protected":false},"author":3,"featured_media":8882,"comment_status":"closed","ping_status":"closed","sticky":false,"template":"","format":"standard","meta":{"footnotes":""},"categories":[5],"tags":[],"class_list":["post-8881","post","type-post","status-publish","format-standard","has-post-thumbnail","hentry","category-economia"],"rttpg_featured_image_url":{"full":["http:\/\/magazineweb.com.ar\/wp-content\/uploads\/2025\/03\/720-29.webp",960,720,false],"landscape":["http:\/\/magazineweb.com.ar\/wp-content\/uploads\/2025\/03\/720-29.webp",960,720,false],"portraits":["http:\/\/magazineweb.com.ar\/wp-content\/uploads\/2025\/03\/720-29.webp",960,720,false],"thumbnail":["http:\/\/magazineweb.com.ar\/wp-content\/uploads\/2025\/03\/720-29-150x150.webp",150,150,true],"medium":["http:\/\/magazineweb.com.ar\/wp-content\/uploads\/2025\/03\/720-29-300x225.webp",300,225,true],"large":["http:\/\/magazineweb.com.ar\/wp-content\/uploads\/2025\/03\/720-29.webp",960,720,false],"1536x1536":["http:\/\/magazineweb.com.ar\/wp-content\/uploads\/2025\/03\/720-29.webp",960,720,false],"2048x2048":["http:\/\/magazineweb.com.ar\/wp-content\/uploads\/2025\/03\/720-29.webp",960,720,false],"ultp_layout_landscape_large":["http:\/\/magazineweb.com.ar\/wp-content\/uploads\/2025\/03\/720-29.webp",960,720,false],"ultp_layout_landscape":["http:\/\/magazineweb.com.ar\/wp-content\/uploads\/2025\/03\/720-29-870x570.webp",870,570,true],"ultp_layout_portrait":["http:\/\/magazineweb.com.ar\/wp-content\/uploads\/2025\/03\/720-29-600x720.webp",600,720,true],"ultp_layout_square":["http:\/\/magazineweb.com.ar\/wp-content\/uploads\/2025\/03\/720-29-600x600.webp",600,600,true]},"rttpg_author":{"display_name":"Redacci\u00f3n Magazine Web","author_link":"http:\/\/magazineweb.com.ar\/?author=3"},"rttpg_comment":0,"rttpg_category":"<a href=\"http:\/\/magazineweb.com.ar\/?cat=5\" rel=\"category\">Econom\u00eda<\/a>","rttpg_excerpt":"La producci\u00f3n de energ\u00eda registr\u00f3 una ca\u00edda de 0,7% interanual, y a su vez una disminuci\u00f3n 1,9% con respecto al tercer trimestre del a\u00f1o pasado. En cuanto a los indicadores,&hellip;","_links":{"self":[{"href":"http:\/\/magazineweb.com.ar\/index.php?rest_route=\/wp\/v2\/posts\/8881","targetHints":{"allow":["GET"]}}],"collection":[{"href":"http:\/\/magazineweb.com.ar\/index.php?rest_route=\/wp\/v2\/posts"}],"about":[{"href":"http:\/\/magazineweb.com.ar\/index.php?rest_route=\/wp\/v2\/types\/post"}],"author":[{"embeddable":true,"href":"http:\/\/magazineweb.com.ar\/index.php?rest_route=\/wp\/v2\/users\/3"}],"replies":[{"embeddable":true,"href":"http:\/\/magazineweb.com.ar\/index.php?rest_route=%2Fwp%2Fv2%2Fcomments&post=8881"}],"version-history":[{"count":1,"href":"http:\/\/magazineweb.com.ar\/index.php?rest_route=\/wp\/v2\/posts\/8881\/revisions"}],"predecessor-version":[{"id":8883,"href":"http:\/\/magazineweb.com.ar\/index.php?rest_route=\/wp\/v2\/posts\/8881\/revisions\/8883"}],"wp:featuredmedia":[{"embeddable":true,"href":"http:\/\/magazineweb.com.ar\/index.php?rest_route=\/wp\/v2\/media\/8882"}],"wp:attachment":[{"href":"http:\/\/magazineweb.com.ar\/index.php?rest_route=%2Fwp%2Fv2%2Fmedia&parent=8881"}],"wp:term":[{"taxonomy":"category","embeddable":true,"href":"http:\/\/magazineweb.com.ar\/index.php?rest_route=%2Fwp%2Fv2%2Fcategories&post=8881"},{"taxonomy":"post_tag","embeddable":true,"href":"http:\/\/magazineweb.com.ar\/index.php?rest_route=%2Fwp%2Fv2%2Ftags&post=8881"}],"curies":[{"name":"wp","href":"https:\/\/api.w.org\/{rel}","templated":true}]}}