{"id":8958,"date":"2025-04-04T01:02:00","date_gmt":"2025-04-04T04:02:00","guid":{"rendered":"https:\/\/magazineweb.com.ar\/?p=8958"},"modified":"2025-04-03T03:08:27","modified_gmt":"2025-04-03T06:08:27","slug":"cada-vez-mas-familias-con-ingresos-por-debajo-de-los-promedios","status":"publish","type":"post","link":"http:\/\/magazineweb.com.ar\/?p=8958","title":{"rendered":"CADA VEZ M\u00c1S FAMILIAS CON INGRESOS POR DEBAJO DE LOS PROMEDIOS"},"content":{"rendered":"\n<p>El \u00edndice de pobreza del INDEC, el de antes y el de ahora, est\u00e1 bajo cuestionamiento, dado que se elabora con promedios que no son representativos.<\/p>\n\n\n\n<p>Por un lado, el ingreso diario por familia porte\u00f1a, que medido en d\u00f3lares da US$ 21,55, es supera en tres cuartas partes el de una formose\u00f1a.<\/p>\n\n\n\n<p>Entre ambos extremos, el resto de las jurisdicciones no promedia ni la mitad de la gran metr\u00f3polis.<\/p>\n\n\n\n<p>El PBI perc\u00e1pita viene en descenso, aunque con altibajos, desde hace 14 a\u00f1os, y si bien estad\u00edsticamente repunt\u00f3 algo en la pandemia, en 2022 retorn\u00f3 a la curva descendente.<\/p>\n\n\n\n<p>El lado oscuro del \u00edndice de pobreza: cada vez a m\u00e1s familias les ingresa debajo de los promedios<br>La f\u00f3rmula de medici\u00f3n, la actual es la misma que la de gobiernos anteriores, se basa en la data de 31 centros urbanos m\u00e1s poblados del pa\u00eds, que abarcan a 29,8 millones de habitantes, sobre unos 47 millones de la poblaci\u00f3n total.<\/p>\n\n\n\n<p>El Observatorio de la Deuda Social Argentina (ODSA), que dirige Agust\u00edn Salvia y pertenece a la Universidad Cat\u00f3lica Argentina, cruz\u00f3 la euf\u00f3rica interpretaci\u00f3n del presidente Javier Milei sobre la baja de la pobreza en 2024, si bien rescat\u00f3 la estabilidad macroecon\u00f3mica y la desaceleraci\u00f3n de la inflaci\u00f3n, as\u00ed como su incidencia en el aumento de los ingresos por programas sociales.<\/p>\n\n\n\n<p>Advirti\u00f3 sobre la calidad del empleo y que, \u00absin una recuperaci\u00f3n de la capacidad de consumo y en los salarios reales, los \u00edndices de pobreza podr\u00edan estabilizarse en niveles preocupantes\u00bb.<\/p>\n\n\n\n<h2 class=\"wp-block-heading\">Redistribuidores de fuste<\/h2>\n\n\n\n<p>Un factor se\u00f1alado como redistribuidor de ingresos fue el alza en las tarifas de servicios p\u00fablicos en 2024, porque increment\u00f3 el peso de los gastos fijos por sobre los variables de los hogares, de modo que las mejoras en el ingreso familiar real no implican necesariamente m\u00e1s y mejores consumos corrientes.<\/p>\n\n\n\n<p>Tambi\u00e9n hace ruido la ponderaci\u00f3n del peso que ejercen las canastas de consumo, lo mismo que la porci\u00f3n que ocupan en cada presupuesto hogare\u00f1o los servicios de la vivienda y el transporte y que no se consideren gastos de alquiler, siendo que 4 de cada 10 familias no tienen techo propio.<\/p>\n\n\n\n<p>Antes de esta pol\u00e9mica en torno del \u00edndice, el Centro Latinoamericano de Geopol\u00edtica (Celag), elabor\u00f3 un gr\u00e1fico donde se muestra que los promedios de cada nivel de ingresos no responden a la realidad de los hogares.<\/p>\n\n\n\n<p>Con informaci\u00f3n del 3er. trimestre del a\u00f1o pasado, describi\u00f3 que el 50% de los hogares de ingresos menores a $360.373 (julio-setiembre 2024) no llegaba al promedio de su nivel; de la media salarial, mientras el 68% de la media de $500.126 no la alcanza, y el 79,2% queda abajo del escal\u00f3n de $700 mil.<\/p>\n\n\n\n<p>El lado oscuro del \u00edndice de pobreza: cada vez a m\u00e1s familias les ingresa debajo de los promedios<br>El director ejecutivo de Celag, Alfredo Serrano Mancilla, dijo a EFE que \u00abArgentina est\u00e1 sufriendo una gran transformaci\u00f3n estructural en su patr\u00f3n de distribuci\u00f3n del ingreso. La clase media va desapareciendo a gran velocidad y hay una gran monta\u00f1a de la ciudadan\u00eda que est\u00e1 en torno a la pobreza, los &#8216;casi pobres'\u00bb<\/p>\n\n\n\n<p>Diferenci\u00f3 que los &#8216;casi pobres&#8217; tienen ingresos ligeramente superiores al umbral de pobreza pero viven en las mismas condiciones de los que formalmente est\u00e1n bajo la l\u00ednea, y afirm\u00f3 que si se suman ambos grupos, cerca del 80 por ciento de la poblaci\u00f3n argentina es pobre.<\/p>\n\n\n\n<h2 class=\"wp-block-heading\">Jubilados y pobreza<\/h2>\n\n\n\n<p>Puso como ejemplo a los jubilados: el monto de las pensiones que cobran la mayor\u00eda de los 7,4 millones supera en solo 716 pesos la l\u00ednea de pobreza del Indec, pero es apenas un tercio de la canasta b\u00e1sica de los jubilados que calcula la Defensor\u00eda de la Tercera Edad de la capital.<\/p>\n\n\n\n<p>Tambi\u00e9n el desgloce por provincias de la situaci\u00f3n nacional de los ingresos arroja asimetr\u00edas abismales.<\/p>\n\n\n\n<p>Entre CABA (la jurisdicci\u00f3n mejor posicionada) y Resistencia (Chaco), la m\u00e1s pobre, con el 60,8% de los habitantes en tal condici\u00f3n, la brecha entre lo que entra en cada hogar es de casi 75% (21,55 versus 6,08).<\/p>\n\n\n\n<p>Y si se excluye a la Ciudad de Buenos Aires de la comparaci\u00f3n, el promedio del jornal en Tierra del Fuego equivale a dos en cinco provincias: formosa, Chaco, La Rioja, Santiago del Estero y Salta.<\/p>\n","protected":false},"excerpt":{"rendered":"<p>El \u00edndice de pobreza del INDEC, el de antes y el de ahora, est\u00e1 bajo cuestionamiento, dado que se elabora con promedios que no son representativos. Por un lado, el&hellip;<\/p>\n","protected":false},"author":3,"featured_media":8959,"comment_status":"closed","ping_status":"closed","sticky":false,"template":"","format":"standard","meta":{"footnotes":""},"categories":[4,5],"tags":[],"class_list":["post-8958","post","type-post","status-publish","format-standard","has-post-thumbnail","hentry","category-destacados","category-economia"],"rttpg_featured_image_url":{"full":["http:\/\/magazineweb.com.ar\/wp-content\/uploads\/2025\/04\/billetera.jpeg",300,168,false],"landscape":["http:\/\/magazineweb.com.ar\/wp-content\/uploads\/2025\/04\/billetera.jpeg",300,168,false],"portraits":["http:\/\/magazineweb.com.ar\/wp-content\/uploads\/2025\/04\/billetera.jpeg",300,168,false],"thumbnail":["http:\/\/magazineweb.com.ar\/wp-content\/uploads\/2025\/04\/billetera-150x150.jpeg",150,150,true],"medium":["http:\/\/magazineweb.com.ar\/wp-content\/uploads\/2025\/04\/billetera.jpeg",300,168,false],"large":["http:\/\/magazineweb.com.ar\/wp-content\/uploads\/2025\/04\/billetera.jpeg",300,168,false],"1536x1536":["http:\/\/magazineweb.com.ar\/wp-content\/uploads\/2025\/04\/billetera.jpeg",300,168,false],"2048x2048":["http:\/\/magazineweb.com.ar\/wp-content\/uploads\/2025\/04\/billetera.jpeg",300,168,false],"ultp_layout_landscape_large":["http:\/\/magazineweb.com.ar\/wp-content\/uploads\/2025\/04\/billetera.jpeg",300,168,false],"ultp_layout_landscape":["http:\/\/magazineweb.com.ar\/wp-content\/uploads\/2025\/04\/billetera.jpeg",300,168,false],"ultp_layout_portrait":["http:\/\/magazineweb.com.ar\/wp-content\/uploads\/2025\/04\/billetera.jpeg",300,168,false],"ultp_layout_square":["http:\/\/magazineweb.com.ar\/wp-content\/uploads\/2025\/04\/billetera.jpeg",300,168,false]},"rttpg_author":{"display_name":"Redacci\u00f3n Magazine Web","author_link":"http:\/\/magazineweb.com.ar\/?author=3"},"rttpg_comment":0,"rttpg_category":"<a href=\"http:\/\/magazineweb.com.ar\/?cat=4\" rel=\"category\">Destacados<\/a> <a href=\"http:\/\/magazineweb.com.ar\/?cat=5\" rel=\"category\">Econom\u00eda<\/a>","rttpg_excerpt":"El \u00edndice de pobreza del INDEC, el de antes y el de ahora, est\u00e1 bajo cuestionamiento, dado que se elabora con promedios que no son representativos. Por un lado, el&hellip;","_links":{"self":[{"href":"http:\/\/magazineweb.com.ar\/index.php?rest_route=\/wp\/v2\/posts\/8958","targetHints":{"allow":["GET"]}}],"collection":[{"href":"http:\/\/magazineweb.com.ar\/index.php?rest_route=\/wp\/v2\/posts"}],"about":[{"href":"http:\/\/magazineweb.com.ar\/index.php?rest_route=\/wp\/v2\/types\/post"}],"author":[{"embeddable":true,"href":"http:\/\/magazineweb.com.ar\/index.php?rest_route=\/wp\/v2\/users\/3"}],"replies":[{"embeddable":true,"href":"http:\/\/magazineweb.com.ar\/index.php?rest_route=%2Fwp%2Fv2%2Fcomments&post=8958"}],"version-history":[{"count":1,"href":"http:\/\/magazineweb.com.ar\/index.php?rest_route=\/wp\/v2\/posts\/8958\/revisions"}],"predecessor-version":[{"id":8960,"href":"http:\/\/magazineweb.com.ar\/index.php?rest_route=\/wp\/v2\/posts\/8958\/revisions\/8960"}],"wp:featuredmedia":[{"embeddable":true,"href":"http:\/\/magazineweb.com.ar\/index.php?rest_route=\/wp\/v2\/media\/8959"}],"wp:attachment":[{"href":"http:\/\/magazineweb.com.ar\/index.php?rest_route=%2Fwp%2Fv2%2Fmedia&parent=8958"}],"wp:term":[{"taxonomy":"category","embeddable":true,"href":"http:\/\/magazineweb.com.ar\/index.php?rest_route=%2Fwp%2Fv2%2Fcategories&post=8958"},{"taxonomy":"post_tag","embeddable":true,"href":"http:\/\/magazineweb.com.ar\/index.php?rest_route=%2Fwp%2Fv2%2Ftags&post=8958"}],"curies":[{"name":"wp","href":"https:\/\/api.w.org\/{rel}","templated":true}]}}