{"id":8967,"date":"2025-04-03T03:59:34","date_gmt":"2025-04-03T06:59:34","guid":{"rendered":"https:\/\/magazineweb.com.ar\/?p=8967"},"modified":"2025-04-03T03:59:35","modified_gmt":"2025-04-03T06:59:35","slug":"encuentro-clave-para-fortalecer-politicas-publicas-de-la-economia-popular","status":"publish","type":"post","link":"http:\/\/magazineweb.com.ar\/?p=8967","title":{"rendered":"Encuentro clave para fortalecer pol\u00edticas p\u00fablicas de la Econom\u00eda Popular"},"content":{"rendered":"\n<p>El Ministerio de Desarrollo de la Comunidad, en el marco de las acciones que impulsa para promover el fortalecimiento de los distintos espacios y actores que componen el sector de la econom\u00eda popular, realiz\u00f3 una nueva jornada de intercambio de experiencias, para analizar avances y definir futuros desaf\u00edos. La cartera a cargo de Andr\u00e9s Larroque organiz\u00f3 esta convocatoria a trav\u00e9s de la Subsecretar\u00eda de Econom\u00eda Popular.&nbsp;<\/p>\n\n\n\n<p>La jornada fue encabezada por el subsecretario Daniel Men\u00e9ndez y tuvo lugar en la sede ministerial de la capital provincial. En la reuni\u00f3n se compartieron experiencias, analizaron los avances logrados y se traz\u00f3 la hoja de ruta para los pr\u00f3ximos pasos, con el fin de continuar fortaleciendo la econom\u00eda popular, social y solidaria. La actividad fue impulsada por la Direcci\u00f3n de Procesos Autogestivos, a cargo de Carolina Gusmerotti.<\/p>\n\n\n\n<p>A lo largo de la actividad,&nbsp; de la que formaron parte trabajadoras y trabajadores de la Subsecretar\u00eda de Econom\u00eda Popular, se gener\u00f3 un intercambio sobre las diversas iniciativas y programas implementados en el territorio provincial, as\u00ed como la identificaci\u00f3n de desaf\u00edos y oportunidades para seguir potenciando al sector.<\/p>\n\n\n\n<p>\u00abEste tipo de encuentros son fundamentales para consolidar el trabajo articulado que venimos realizando y para seguir construyendo pol\u00edticas p\u00fablicas que respondan a las necesidades y demandas de las trabajadoras y los trabajadores de la econom\u00eda popular\u00bb, destac\u00f3 al respecto el jefe de Gabinete de asesores de la Subsecretar\u00eda, Rosendo Mart\u00ednez.<\/p>\n\n\n\n<p>Durante la jornada, se abordaron temas claves como el acceso al financiamiento, la capacitaci\u00f3n y el fortalecimiento de las redes de comercializaci\u00f3n, con el objetivo de continuar impulsando el desarrollo de emprendimientos productivos y la generaci\u00f3n de empleo genuino en el sector.&nbsp;<\/p>\n\n\n\n<p>El encuentro finaliz\u00f3 con el compromiso de seguir trabajando en conjunto, fortaleciendo el di\u00e1logo y la colaboraci\u00f3n entre los distintos actores involucrados, para consolidar una econom\u00eda popular m\u00e1s justa, inclusiva y sostenible en la Provincia de Buenos Aires.<\/p>\n","protected":false},"excerpt":{"rendered":"<p>El Ministerio de Desarrollo de la Comunidad, en el marco de las acciones que impulsa para promover el fortalecimiento de los distintos espacios y actores que componen el sector de&hellip;<\/p>\n","protected":false},"author":3,"featured_media":8968,"comment_status":"closed","ping_status":"closed","sticky":false,"template":"","format":"standard","meta":{"footnotes":""},"categories":[5],"tags":[],"class_list":["post-8967","post","type-post","status-publish","format-standard","has-post-thumbnail","hentry","category-economia"],"rttpg_featured_image_url":{"full":["http:\/\/magazineweb.com.ar\/wp-content\/uploads\/2025\/04\/WhatsApp-Image-2025-03-31-at-17.49.10.jpeg",650,433,false],"landscape":["http:\/\/magazineweb.com.ar\/wp-content\/uploads\/2025\/04\/WhatsApp-Image-2025-03-31-at-17.49.10.jpeg",650,433,false],"portraits":["http:\/\/magazineweb.com.ar\/wp-content\/uploads\/2025\/04\/WhatsApp-Image-2025-03-31-at-17.49.10.jpeg",650,433,false],"thumbnail":["http:\/\/magazineweb.com.ar\/wp-content\/uploads\/2025\/04\/WhatsApp-Image-2025-03-31-at-17.49.10-150x150.jpeg",150,150,true],"medium":["http:\/\/magazineweb.com.ar\/wp-content\/uploads\/2025\/04\/WhatsApp-Image-2025-03-31-at-17.49.10-300x200.jpeg",300,200,true],"large":["http:\/\/magazineweb.com.ar\/wp-content\/uploads\/2025\/04\/WhatsApp-Image-2025-03-31-at-17.49.10.jpeg",650,433,false],"1536x1536":["http:\/\/magazineweb.com.ar\/wp-content\/uploads\/2025\/04\/WhatsApp-Image-2025-03-31-at-17.49.10.jpeg",650,433,false],"2048x2048":["http:\/\/magazineweb.com.ar\/wp-content\/uploads\/2025\/04\/WhatsApp-Image-2025-03-31-at-17.49.10.jpeg",650,433,false],"ultp_layout_landscape_large":["http:\/\/magazineweb.com.ar\/wp-content\/uploads\/2025\/04\/WhatsApp-Image-2025-03-31-at-17.49.10.jpeg",650,433,false],"ultp_layout_landscape":["http:\/\/magazineweb.com.ar\/wp-content\/uploads\/2025\/04\/WhatsApp-Image-2025-03-31-at-17.49.10.jpeg",650,433,false],"ultp_layout_portrait":["http:\/\/magazineweb.com.ar\/wp-content\/uploads\/2025\/04\/WhatsApp-Image-2025-03-31-at-17.49.10-600x433.jpeg",600,433,true],"ultp_layout_square":["http:\/\/magazineweb.com.ar\/wp-content\/uploads\/2025\/04\/WhatsApp-Image-2025-03-31-at-17.49.10-600x433.jpeg",600,433,true]},"rttpg_author":{"display_name":"Redacci\u00f3n Magazine Web","author_link":"http:\/\/magazineweb.com.ar\/?author=3"},"rttpg_comment":0,"rttpg_category":"<a href=\"http:\/\/magazineweb.com.ar\/?cat=5\" rel=\"category\">Econom\u00eda<\/a>","rttpg_excerpt":"El Ministerio de Desarrollo de la Comunidad, en el marco de las acciones que impulsa para promover el fortalecimiento de los distintos espacios y actores que componen el sector de&hellip;","_links":{"self":[{"href":"http:\/\/magazineweb.com.ar\/index.php?rest_route=\/wp\/v2\/posts\/8967","targetHints":{"allow":["GET"]}}],"collection":[{"href":"http:\/\/magazineweb.com.ar\/index.php?rest_route=\/wp\/v2\/posts"}],"about":[{"href":"http:\/\/magazineweb.com.ar\/index.php?rest_route=\/wp\/v2\/types\/post"}],"author":[{"embeddable":true,"href":"http:\/\/magazineweb.com.ar\/index.php?rest_route=\/wp\/v2\/users\/3"}],"replies":[{"embeddable":true,"href":"http:\/\/magazineweb.com.ar\/index.php?rest_route=%2Fwp%2Fv2%2Fcomments&post=8967"}],"version-history":[{"count":1,"href":"http:\/\/magazineweb.com.ar\/index.php?rest_route=\/wp\/v2\/posts\/8967\/revisions"}],"predecessor-version":[{"id":8970,"href":"http:\/\/magazineweb.com.ar\/index.php?rest_route=\/wp\/v2\/posts\/8967\/revisions\/8970"}],"wp:featuredmedia":[{"embeddable":true,"href":"http:\/\/magazineweb.com.ar\/index.php?rest_route=\/wp\/v2\/media\/8968"}],"wp:attachment":[{"href":"http:\/\/magazineweb.com.ar\/index.php?rest_route=%2Fwp%2Fv2%2Fmedia&parent=8967"}],"wp:term":[{"taxonomy":"category","embeddable":true,"href":"http:\/\/magazineweb.com.ar\/index.php?rest_route=%2Fwp%2Fv2%2Fcategories&post=8967"},{"taxonomy":"post_tag","embeddable":true,"href":"http:\/\/magazineweb.com.ar\/index.php?rest_route=%2Fwp%2Fv2%2Ftags&post=8967"}],"curies":[{"name":"wp","href":"https:\/\/api.w.org\/{rel}","templated":true}]}}