{"id":8983,"date":"2025-04-04T09:01:00","date_gmt":"2025-04-04T12:01:00","guid":{"rendered":"https:\/\/magazineweb.com.ar\/?p=8983"},"modified":"2025-04-03T21:08:37","modified_gmt":"2025-04-04T00:08:37","slug":"cristian-malaspina-asume-como-nuevo-secretario-general-de-la-afa","status":"publish","type":"post","link":"http:\/\/magazineweb.com.ar\/?p=8983","title":{"rendered":"Cristian Malaspina asumi\u00f3 como nuevo Secretario General de la AFA"},"content":{"rendered":"\n<p>El presidente de Argentinos Juniors, Cristian Malaspina, se convirti\u00f3 en el nuevo Secretario General de la Asociaci\u00f3n del F\u00fatbol Argentino.<\/p>\n\n\n\n<p>Su nombramiento en el cargo se llev\u00f3 a cabo en la \u00faltima reuni\u00f3n que tuvo el Comit\u00e9 Ejecutivo, la misma se realiz\u00f3 hoy por la tarde, en el predio Lionel Andr\u00e9s Messi.<\/p>\n\n\n\n<p>El mandatario del elenco de la Paternal tom\u00f3 el lugar que dej\u00f3 el ex presidente de Racing Club de Avellaneda, V\u00edctor Blanco.<\/p>\n\n\n\n<p>Por otra parte, Malaspina no cumple un solo rol importante dentro de la AFA. Tambi\u00e9n, forma parte del Consejo Directivo que cre\u00f3 la Asociaci\u00f3n del F\u00fatbol Argentino en el 2023, el mismo tiene como prop\u00f3sito decidir sobre situaciones \u201cdiarias y urgentes\u201d.<\/p>\n","protected":false},"excerpt":{"rendered":"<p>El presidente de Argentinos Juniors, Cristian Malaspina, se convirti\u00f3 en el nuevo Secretario General de la Asociaci\u00f3n del F\u00fatbol Argentino. Su nombramiento en el cargo se llev\u00f3 a cabo en&hellip;<\/p>\n","protected":false},"author":3,"featured_media":8984,"comment_status":"closed","ping_status":"closed","sticky":false,"template":"","format":"standard","meta":{"footnotes":""},"categories":[3],"tags":[],"class_list":["post-8983","post","type-post","status-publish","format-standard","has-post-thumbnail","hentry","category-deportes"],"rttpg_featured_image_url":{"full":["http:\/\/magazineweb.com.ar\/wp-content\/uploads\/2025\/04\/720-14.webp",958,720,false],"landscape":["http:\/\/magazineweb.com.ar\/wp-content\/uploads\/2025\/04\/720-14.webp",958,720,false],"portraits":["http:\/\/magazineweb.com.ar\/wp-content\/uploads\/2025\/04\/720-14.webp",958,720,false],"thumbnail":["http:\/\/magazineweb.com.ar\/wp-content\/uploads\/2025\/04\/720-14-150x150.webp",150,150,true],"medium":["http:\/\/magazineweb.com.ar\/wp-content\/uploads\/2025\/04\/720-14-300x225.webp",300,225,true],"large":["http:\/\/magazineweb.com.ar\/wp-content\/uploads\/2025\/04\/720-14.webp",958,720,false],"1536x1536":["http:\/\/magazineweb.com.ar\/wp-content\/uploads\/2025\/04\/720-14.webp",958,720,false],"2048x2048":["http:\/\/magazineweb.com.ar\/wp-content\/uploads\/2025\/04\/720-14.webp",958,720,false],"ultp_layout_landscape_large":["http:\/\/magazineweb.com.ar\/wp-content\/uploads\/2025\/04\/720-14.webp",958,720,false],"ultp_layout_landscape":["http:\/\/magazineweb.com.ar\/wp-content\/uploads\/2025\/04\/720-14-870x570.webp",870,570,true],"ultp_layout_portrait":["http:\/\/magazineweb.com.ar\/wp-content\/uploads\/2025\/04\/720-14-600x720.webp",600,720,true],"ultp_layout_square":["http:\/\/magazineweb.com.ar\/wp-content\/uploads\/2025\/04\/720-14-600x600.webp",600,600,true]},"rttpg_author":{"display_name":"Redacci\u00f3n Magazine Web","author_link":"http:\/\/magazineweb.com.ar\/?author=3"},"rttpg_comment":0,"rttpg_category":"<a href=\"http:\/\/magazineweb.com.ar\/?cat=3\" rel=\"category\">Deportes<\/a>","rttpg_excerpt":"El presidente de Argentinos Juniors, Cristian Malaspina, se convirti\u00f3 en el nuevo Secretario General de la Asociaci\u00f3n del F\u00fatbol Argentino. Su nombramiento en el cargo se llev\u00f3 a cabo en&hellip;","_links":{"self":[{"href":"http:\/\/magazineweb.com.ar\/index.php?rest_route=\/wp\/v2\/posts\/8983","targetHints":{"allow":["GET"]}}],"collection":[{"href":"http:\/\/magazineweb.com.ar\/index.php?rest_route=\/wp\/v2\/posts"}],"about":[{"href":"http:\/\/magazineweb.com.ar\/index.php?rest_route=\/wp\/v2\/types\/post"}],"author":[{"embeddable":true,"href":"http:\/\/magazineweb.com.ar\/index.php?rest_route=\/wp\/v2\/users\/3"}],"replies":[{"embeddable":true,"href":"http:\/\/magazineweb.com.ar\/index.php?rest_route=%2Fwp%2Fv2%2Fcomments&post=8983"}],"version-history":[{"count":2,"href":"http:\/\/magazineweb.com.ar\/index.php?rest_route=\/wp\/v2\/posts\/8983\/revisions"}],"predecessor-version":[{"id":8986,"href":"http:\/\/magazineweb.com.ar\/index.php?rest_route=\/wp\/v2\/posts\/8983\/revisions\/8986"}],"wp:featuredmedia":[{"embeddable":true,"href":"http:\/\/magazineweb.com.ar\/index.php?rest_route=\/wp\/v2\/media\/8984"}],"wp:attachment":[{"href":"http:\/\/magazineweb.com.ar\/index.php?rest_route=%2Fwp%2Fv2%2Fmedia&parent=8983"}],"wp:term":[{"taxonomy":"category","embeddable":true,"href":"http:\/\/magazineweb.com.ar\/index.php?rest_route=%2Fwp%2Fv2%2Fcategories&post=8983"},{"taxonomy":"post_tag","embeddable":true,"href":"http:\/\/magazineweb.com.ar\/index.php?rest_route=%2Fwp%2Fv2%2Ftags&post=8983"}],"curies":[{"name":"wp","href":"https:\/\/api.w.org\/{rel}","templated":true}]}}