{"id":8987,"date":"2025-04-04T01:01:00","date_gmt":"2025-04-04T04:01:00","guid":{"rendered":"https:\/\/magazineweb.com.ar\/?p=8987"},"modified":"2025-04-03T21:22:39","modified_gmt":"2025-04-04T00:22:39","slug":"kicillof-mando-un-mensaje-a-la-interna-del-pj-y-pidio-no-tachar-de-traidor-al-que-no-piensa-igual","status":"publish","type":"post","link":"http:\/\/magazineweb.com.ar\/?p=8987","title":{"rendered":"Kicillof mand\u00f3 un mensaje a la interna del PJ y pidi\u00f3 \u00abno tachar de traidor al que no piensa igual\u00bb"},"content":{"rendered":"\n<p>El gobernador bonaerense, Axel Kicillof, envi\u00f3 un mensaje a la interna peronista al reclamar \u00abdiscutir para mejorar\u00bb y \u00abno tachar al que no piensa igual de traidor\u00bb, aunque aclar\u00f3 que su postura es \u00abno es contra nadie\u00bb.<\/p>\n\n\n\n<p>\u00abGobern\u00f3 el antiperonismo, el macrismo, Juntos por el Cambio (JxC), que eran todos y les fue mal. Despu\u00e9s, por m\u00e9rito nuestro se le gan\u00f3 la elecci\u00f3n en unidad y est\u00e1bamos con la construcci\u00f3n de una unidad que nos permitiera superar la experiencia del gobierno de (Mauricio) Macri\u00bb, rese\u00f1\u00f3 Kicillof, al encabezar el cierre de un plenario de Barrios de Pie en el Teatro Argentino de La Plata.<\/p>\n\n\n\n<p>El mandatario provincial sostuvo que la gesti\u00f3n del Frente de Todos \u00absali\u00f3 mal\u00bb y a\u00f1adi\u00f3: \u00abQuiero tomarlo como una autocr\u00edtica. Despu\u00e9s de esa experiencia fallida, lo que corresponde es deliberar, tener autocr\u00edtica y discutir. Por qu\u00e9, \u00bfpara pasar factura? No\u00bb, aclar\u00f3.<\/p>\n\n\n\n<p>\u00abCreo que es un tema de futuro discutir qu\u00e9 nos pas\u00f3 y que no anduvo bien para no repetirlo. Es l\u00f3gico, evidente y no es contra nadie. Hay que discutir para mejorar. No se puede no dar una discusi\u00f3n despu\u00e9s de lo que pas\u00f3\u00bb, insisti\u00f3.<\/p>\n\n\n\n<p>Y a\u00f1adi\u00f3: \u00abLo que no nos puede pasar es que no tengamos una respuesta y algo que, adem\u00e1s, entusiasme e interese, genere confianza y representaci\u00f3n. Para eso tenemos que mostrar la capacidad de dar las discusiones. No tenemos remedio si no somos capaces de discutir en los lugares adecuados. Sin tachar al que no piensa igual de traidor\u00bb, subray\u00f3 Kicillof.<\/p>\n\n\n\n<p>En referencia a las cr\u00edticas contra su persona que profiri\u00f3 la presidenta Cristina Kirchner el a\u00f1o pasado, en plena interna por la conducci\u00f3n del PJ, el gobernador bonaerense sostuvo que \u00abtirarse agresiones y acusar es un papel\u00f3n y es parte de lo que pas\u00f3 en la etapa anterior\u00bb.<\/p>\n\n\n\n<p>\u00abPretendo tener una discusi\u00f3n fraternal y compa\u00f1era. Poder solucionarla y no repetir lo que pas\u00f3. Y contener a todos los sectores que se sintieron excluidos y se fueron\u00bb, manifest\u00f3 Kicillof, al ensayar una autocr\u00edtica sobre la derrota del peronismo en 2023.<\/p>\n\n\n\n<p>En este sentido, plante\u00f3 que la administraci\u00f3n del Frente de Todos (FdT) \u00abfue un gobierno sin decisi\u00f3n y sin autoridad\u00bb y consider\u00f3 que la pr\u00f3xima gesti\u00f3n del PJ va a tener que tomar \u00abdecisiones fuertes\u00bb.<\/p>\n\n\n\n<p>\u00abSe necesita autoridad y saber cu\u00e1les son esas decisiones. Eso tambi\u00e9n es important\u00edsimo\u00bb, enfatiz\u00f3.<\/p>\n\n\n\n<p>Adem\u00e1s, record\u00f3 que la unidad de las diferentes facciones del peronismo logr\u00f3 una victoria electoral en 2019, pero se\u00f1al\u00f3 que ese frente no fue funcional a la hora de gobernar porque \u00abno ten\u00eda unidad el propio gobierno\u00bb.<\/p>\n\n\n\n<p>Y agreg\u00f3: \u00abNo es solo la unidad de un frente electoral para ganar las elecciones. Es despu\u00e9s la unidad de una coalici\u00f3n de gobierno. El gobierno tambi\u00e9n tiene que funcionar en unidad\u00bb, argument\u00f3.<\/p>\n\n\n\n<p>Kicillof concluy\u00f3 que debe lograrse una fuerza pol\u00edtica que \u00abapoye las decisiones que va tomando el gobierno\u00bb.<\/p>\n\n\n\n<p>\u00abHay que hacerlo antes de llegar ah\u00ed. Lo peor que nos puede pasar es llegar y decir \u00b4\u00bfY ahora qu\u00e9 hacemos?\u00b4\u00bb, interrog\u00f3 el mandatario provincial en medio de la interna con el kirchnerismo y el massismo por el calendario electoral.<\/p>\n\n\n\n<p>Kicillof se manifest\u00f3 en estos t\u00e9rminos mientras el proyecto para suspender las PASO volvi\u00f3 a fracasar en la C\u00e1mara de Diputados, por lo que los diferente sectores del peronismo volver\u00e1n a hacer un intento el martes pr\u00f3ximo.<\/p>\n","protected":false},"excerpt":{"rendered":"<p>El gobernador bonaerense, Axel Kicillof, envi\u00f3 un mensaje a la interna peronista al reclamar \u00abdiscutir para mejorar\u00bb y \u00abno tachar al que no piensa igual de traidor\u00bb, aunque aclar\u00f3 que&hellip;<\/p>\n","protected":false},"author":3,"featured_media":8988,"comment_status":"closed","ping_status":"closed","sticky":false,"template":"","format":"standard","meta":{"footnotes":""},"categories":[4,13,14],"tags":[],"class_list":["post-8987","post","type-post","status-publish","format-standard","has-post-thumbnail","hentry","category-destacados","category-politica","category-provincial"],"rttpg_featured_image_url":{"full":["http:\/\/magazineweb.com.ar\/wp-content\/uploads\/2025\/04\/720-16.webp",1080,720,false],"landscape":["http:\/\/magazineweb.com.ar\/wp-content\/uploads\/2025\/04\/720-16.webp",1080,720,false],"portraits":["http:\/\/magazineweb.com.ar\/wp-content\/uploads\/2025\/04\/720-16.webp",1080,720,false],"thumbnail":["http:\/\/magazineweb.com.ar\/wp-content\/uploads\/2025\/04\/720-16-150x150.webp",150,150,true],"medium":["http:\/\/magazineweb.com.ar\/wp-content\/uploads\/2025\/04\/720-16-300x200.webp",300,200,true],"large":["http:\/\/magazineweb.com.ar\/wp-content\/uploads\/2025\/04\/720-16-1024x683.webp",1024,683,true],"1536x1536":["http:\/\/magazineweb.com.ar\/wp-content\/uploads\/2025\/04\/720-16.webp",1080,720,false],"2048x2048":["http:\/\/magazineweb.com.ar\/wp-content\/uploads\/2025\/04\/720-16.webp",1080,720,false],"ultp_layout_landscape_large":["http:\/\/magazineweb.com.ar\/wp-content\/uploads\/2025\/04\/720-16.webp",1080,720,false],"ultp_layout_landscape":["http:\/\/magazineweb.com.ar\/wp-content\/uploads\/2025\/04\/720-16-870x570.webp",870,570,true],"ultp_layout_portrait":["http:\/\/magazineweb.com.ar\/wp-content\/uploads\/2025\/04\/720-16-600x720.webp",600,720,true],"ultp_layout_square":["http:\/\/magazineweb.com.ar\/wp-content\/uploads\/2025\/04\/720-16-600x600.webp",600,600,true]},"rttpg_author":{"display_name":"Redacci\u00f3n Magazine Web","author_link":"http:\/\/magazineweb.com.ar\/?author=3"},"rttpg_comment":0,"rttpg_category":"<a href=\"http:\/\/magazineweb.com.ar\/?cat=4\" rel=\"category\">Destacados<\/a> <a href=\"http:\/\/magazineweb.com.ar\/?cat=13\" rel=\"category\">Pol\u00edtica<\/a> <a href=\"http:\/\/magazineweb.com.ar\/?cat=14\" rel=\"category\">Provincial<\/a>","rttpg_excerpt":"El gobernador bonaerense, Axel Kicillof, envi\u00f3 un mensaje a la interna peronista al reclamar \u00abdiscutir para mejorar\u00bb y \u00abno tachar al que no piensa igual de traidor\u00bb, aunque aclar\u00f3 que&hellip;","_links":{"self":[{"href":"http:\/\/magazineweb.com.ar\/index.php?rest_route=\/wp\/v2\/posts\/8987","targetHints":{"allow":["GET"]}}],"collection":[{"href":"http:\/\/magazineweb.com.ar\/index.php?rest_route=\/wp\/v2\/posts"}],"about":[{"href":"http:\/\/magazineweb.com.ar\/index.php?rest_route=\/wp\/v2\/types\/post"}],"author":[{"embeddable":true,"href":"http:\/\/magazineweb.com.ar\/index.php?rest_route=\/wp\/v2\/users\/3"}],"replies":[{"embeddable":true,"href":"http:\/\/magazineweb.com.ar\/index.php?rest_route=%2Fwp%2Fv2%2Fcomments&post=8987"}],"version-history":[{"count":1,"href":"http:\/\/magazineweb.com.ar\/index.php?rest_route=\/wp\/v2\/posts\/8987\/revisions"}],"predecessor-version":[{"id":8989,"href":"http:\/\/magazineweb.com.ar\/index.php?rest_route=\/wp\/v2\/posts\/8987\/revisions\/8989"}],"wp:featuredmedia":[{"embeddable":true,"href":"http:\/\/magazineweb.com.ar\/index.php?rest_route=\/wp\/v2\/media\/8988"}],"wp:attachment":[{"href":"http:\/\/magazineweb.com.ar\/index.php?rest_route=%2Fwp%2Fv2%2Fmedia&parent=8987"}],"wp:term":[{"taxonomy":"category","embeddable":true,"href":"http:\/\/magazineweb.com.ar\/index.php?rest_route=%2Fwp%2Fv2%2Fcategories&post=8987"},{"taxonomy":"post_tag","embeddable":true,"href":"http:\/\/magazineweb.com.ar\/index.php?rest_route=%2Fwp%2Fv2%2Ftags&post=8987"}],"curies":[{"name":"wp","href":"https:\/\/api.w.org\/{rel}","templated":true}]}}