{"id":9023,"date":"2025-04-14T01:08:00","date_gmt":"2025-04-14T04:08:00","guid":{"rendered":"https:\/\/magazineweb.com.ar\/?p=9023"},"modified":"2025-04-12T13:14:19","modified_gmt":"2025-04-12T16:14:19","slug":"cristina-kirchner-cruzo-a-milei-por-el-nuevo-prestamo-del-fmi-te-mandaste-una-devaluacion-de-casi-el-30","status":"publish","type":"post","link":"http:\/\/magazineweb.com.ar\/?p=9023","title":{"rendered":"Cristina Kirchner cruz\u00f3 a Milei por el nuevo pr\u00e9stamo del FMI: \u00abTe mandaste una devaluaci\u00f3n de casi el 30%\u00bb"},"content":{"rendered":"\n<p>La ex presidenta Cristina Kirchner cruz\u00f3 al presidente Javier Milei por el nuevo acuerdo con el Fondo Monetario Internacional, a quien calific\u00f3 como una \u00abbanda\u00bb que le pone \u00abd\u00f3lares a gobiernos gorilas\u00bb, y dijo que el mandatario \u00abse mand\u00f3 una devaluaci\u00f3n de casi el 30%\u00bb.<\/p>\n\n\n\n<p>\u00abChe Milei\u2026 \u00a1AL FINAL, LO MISMO DE SIEMPRE!\u00bb, inici\u00f3 la ex mandataria en su cuenta de X y lanz\u00f3 el primer dardo contra Milei: \u00abEL FONDO TE OBLIG\u00d3 y te mandaste una devaluaci\u00f3n de casi el 30%. Porque eso de que \u201cel d\u00f3lar va a flotar entre bandas de $1000 y $1400\u00bb.<\/p>\n\n\n\n<p>\u00abAC\u00c1 LAS \u00daNICAS BANDAS QUE HAY SON LAS DE LOS &#8216;CAPUTO BOYS&#8217; que, en apenas 7 a\u00f1os, empomaron a los argentinos fugando miles y miles de millones de d\u00f3lares, despu\u00e9s de ganar fortunas, \u00e9l y sus amigos, con el carry trade\u00bb, a\u00f1adi\u00f3.<\/p>\n\n\n\n<p>En referencia al FMI, dijo: \u00abLA OTRA BANDA ES LA DEL FONDO MONETARIO, que le pone los d\u00f3lares a los gobiernos gorilas como el tuyo y el de Macri y se terminan pagando con la miseria y el hambre del pueblo argentino\u00bb.<\/p>\n\n\n\n<p>Tambi\u00e9n le peg\u00f3 por la inflaci\u00f3n<br>Ayer, se conoci\u00f3 el nuevo dato de inflaci\u00f3n del mes de marzo y Cristina Kirchner aprovech\u00f3 tambi\u00e9n para chicanear al jefe de Estado: \u00abY sobre llovido, mojado\u2026 Te mandaste una deva el mismo d\u00eda que SE TE DISPAR\u00d3 LA INFLACI\u00d3N AL 3,7%\u2026 \u00bf3,7%? And\u00e1!!! Vos sab\u00e9s que en la calle se siente otra cosa\u00bb.<\/p>\n\n\n\n<p>\u00abY todo esto con el d\u00f3lar pisado y el ajuste m\u00e1s grande del que se tenga memoria sobre jubilados, salarios y provincias\u00bb, agreg\u00f3.<\/p>\n\n\n\n<p>En esa l\u00ednea, Cristina Kirchner se pregunt\u00f3: \u00ab\u00bfME QUER\u00c9S DECIR DE QUE TE SIRVI\u00d3 LA MOTOSIERRA HERMANO? Porque est\u00e1 claro que tu plan -si es que ten\u00edas uno- fall\u00f3. Y mir\u00e1 que te dije que el problema no eran los pesos\u2026 que el problema eran los d\u00f3lares que no ten\u00e9s y que le tuviste que pedir prestado al Fondo\u00bb.<\/p>\n\n\n\n<p>\u00abFijate que AYER NOM\u00c1S TE CHOREARON 400 MILLONES DE D\u00d3LARES DE LAS RESERVAS\u2026 La misma cifra que se necesita para reconstruir Bah\u00eda Blanca. \u00a1Mamadera!\u00bb, en referencia a la sangr\u00eda que tuvo el Banco Central este viernes.<\/p>\n\n\n\n<p>La ex presidenta remarc\u00f3 otra contradicci\u00f3n de Milei y que tiene v\u00ednculo con la visita del secretario del Tesoro de los Estados, Scott Bessent, la pr\u00f3xima semana a la Argentina.<\/p>\n\n\n\n<p>\u00ab\u00bfEl lunes le vas a tender la alfombra roja en la Casa Rosada para pedirle m\u00e1s d\u00f3lares a Bessent, que trabaj\u00f3 con George Soros\u2026 uno de esos de la &#8216;agenda LGBT&#8217; que tanto miedo te daba en Davos? Digo, por si quer\u00e9s contarle a tus seguidores libertarios \u201canti-woke\u201d qui\u00e9n va a ser tu prestamista estrella la pr\u00f3xima semana\u00bb, dijo.<\/p>\n\n\n\n<p>Y abri\u00f3 una serie de preguntas: \u00abPero LA CUESTI\u00d3N ES A QUI\u00c9N LE VA A PEGAR TU FRACASO\u2026 \u00bfA vos? \u00bfA tu hermana? \u00bfA Adorni? No\u2026 LE VA A PEGAR A LOS MISMOS DE SIEMPRE. A los trabajadores, a los jubilados, a los que cobran en pesos\u00bb.<\/p>\n\n\n\n<p>\u00abMientras los tenedores de activos -o sea, LOS AMIGOS DEL TOTO CAPUTO- ya est\u00e1n todos dolarizados y esperando la pr\u00f3xima timba -ESOS S\u00cd QUE SIEMPRE &#8216;FLOTAN&#8217;-, es el pueblo argentino el que va a pagar el precio de tus decisiones, de tu soberbia y de tu entrega\u00bb, sum\u00f3.<\/p>\n\n\n\n<p>Para Cristina Kirchner, son \u00abTIEMPOS DUROS para los que trabajan, para los que producen, para los que no tienen c\u00f3mo defenderse del ajuste y la especulaci\u00f3n\u00bb.<\/p>\n\n\n\n<p>\u00abTIEMPOS DIF\u00cdCILES que no van a terminar hasta que en 2027 dejes de ser Presidente y este pa\u00eds pueda volver a tener un rumbo nacional y racional, justo y, sobre todo, humano\u00bb, reflexion\u00f3.<\/p>\n\n\n\n<p>Sobre el final, ironiz\u00f3 con la cadena nacional que dio Milei: \u00abP\/D: en tu discurso por cadena, te v\u00ed en modo Zen y leyendo de corrido. Pero lo que dec\u00edas hermano \u00a1todo un delirio! \u00bfQU\u00c9 ES ESO DE QUE VAS A ENFRENTAR LA CRISIS GLOBAL QUE DESAT\u00d3 TU \u201cAMIGO\u201d TRUMP CON M\u00c1S AJUSTE PARA LOS ARGENTINOS? \u00bfEn serio? \u00bfQuer\u00e9s matar a todos los argentinos?\u00bb.<\/p>\n\n\n\n<p>\u00abP\/D2: A prop\u00f3sito de tu discurso\u2026 la alineaci\u00f3n de tus funcionarios con caras de momias y ubicados sim\u00e9tricamente atr\u00e1s y a tus costados \u00bfObedece a alg\u00fan ritual esot\u00e9rico que los argentinos normales desconocemos? En Fin\u2026\u00bb, concluy\u00f3 Cristina Kirchner.<\/p>\n","protected":false},"excerpt":{"rendered":"<p>La ex presidenta Cristina Kirchner cruz\u00f3 al presidente Javier Milei por el nuevo acuerdo con el Fondo Monetario Internacional, a quien calific\u00f3 como una \u00abbanda\u00bb que le pone \u00abd\u00f3lares a&hellip;<\/p>\n","protected":false},"author":3,"featured_media":9024,"comment_status":"closed","ping_status":"closed","sticky":false,"template":"","format":"standard","meta":{"footnotes":""},"categories":[17,13],"tags":[],"class_list":["post-9023","post","type-post","status-publish","format-standard","has-post-thumbnail","hentry","category-nacional","category-politica"],"rttpg_featured_image_url":{"full":["http:\/\/magazineweb.com.ar\/wp-content\/uploads\/2025\/04\/cristina-kirchner.webp",846,474,false],"landscape":["http:\/\/magazineweb.com.ar\/wp-content\/uploads\/2025\/04\/cristina-kirchner.webp",846,474,false],"portraits":["http:\/\/magazineweb.com.ar\/wp-content\/uploads\/2025\/04\/cristina-kirchner.webp",846,474,false],"thumbnail":["http:\/\/magazineweb.com.ar\/wp-content\/uploads\/2025\/04\/cristina-kirchner-150x150.webp",150,150,true],"medium":["http:\/\/magazineweb.com.ar\/wp-content\/uploads\/2025\/04\/cristina-kirchner-300x168.webp",300,168,true],"large":["http:\/\/magazineweb.com.ar\/wp-content\/uploads\/2025\/04\/cristina-kirchner.webp",846,474,false],"1536x1536":["http:\/\/magazineweb.com.ar\/wp-content\/uploads\/2025\/04\/cristina-kirchner.webp",846,474,false],"2048x2048":["http:\/\/magazineweb.com.ar\/wp-content\/uploads\/2025\/04\/cristina-kirchner.webp",846,474,false],"ultp_layout_landscape_large":["http:\/\/magazineweb.com.ar\/wp-content\/uploads\/2025\/04\/cristina-kirchner.webp",846,474,false],"ultp_layout_landscape":["http:\/\/magazineweb.com.ar\/wp-content\/uploads\/2025\/04\/cristina-kirchner.webp",846,474,false],"ultp_layout_portrait":["http:\/\/magazineweb.com.ar\/wp-content\/uploads\/2025\/04\/cristina-kirchner-600x474.webp",600,474,true],"ultp_layout_square":["http:\/\/magazineweb.com.ar\/wp-content\/uploads\/2025\/04\/cristina-kirchner-600x474.webp",600,474,true]},"rttpg_author":{"display_name":"Redacci\u00f3n Magazine Web","author_link":"http:\/\/magazineweb.com.ar\/?author=3"},"rttpg_comment":0,"rttpg_category":"<a href=\"http:\/\/magazineweb.com.ar\/?cat=17\" rel=\"category\">Nacional<\/a> <a href=\"http:\/\/magazineweb.com.ar\/?cat=13\" rel=\"category\">Pol\u00edtica<\/a>","rttpg_excerpt":"La ex presidenta Cristina Kirchner cruz\u00f3 al presidente Javier Milei por el nuevo acuerdo con el Fondo Monetario Internacional, a quien calific\u00f3 como una \u00abbanda\u00bb que le pone \u00abd\u00f3lares a&hellip;","_links":{"self":[{"href":"http:\/\/magazineweb.com.ar\/index.php?rest_route=\/wp\/v2\/posts\/9023","targetHints":{"allow":["GET"]}}],"collection":[{"href":"http:\/\/magazineweb.com.ar\/index.php?rest_route=\/wp\/v2\/posts"}],"about":[{"href":"http:\/\/magazineweb.com.ar\/index.php?rest_route=\/wp\/v2\/types\/post"}],"author":[{"embeddable":true,"href":"http:\/\/magazineweb.com.ar\/index.php?rest_route=\/wp\/v2\/users\/3"}],"replies":[{"embeddable":true,"href":"http:\/\/magazineweb.com.ar\/index.php?rest_route=%2Fwp%2Fv2%2Fcomments&post=9023"}],"version-history":[{"count":1,"href":"http:\/\/magazineweb.com.ar\/index.php?rest_route=\/wp\/v2\/posts\/9023\/revisions"}],"predecessor-version":[{"id":9025,"href":"http:\/\/magazineweb.com.ar\/index.php?rest_route=\/wp\/v2\/posts\/9023\/revisions\/9025"}],"wp:featuredmedia":[{"embeddable":true,"href":"http:\/\/magazineweb.com.ar\/index.php?rest_route=\/wp\/v2\/media\/9024"}],"wp:attachment":[{"href":"http:\/\/magazineweb.com.ar\/index.php?rest_route=%2Fwp%2Fv2%2Fmedia&parent=9023"}],"wp:term":[{"taxonomy":"category","embeddable":true,"href":"http:\/\/magazineweb.com.ar\/index.php?rest_route=%2Fwp%2Fv2%2Fcategories&post=9023"},{"taxonomy":"post_tag","embeddable":true,"href":"http:\/\/magazineweb.com.ar\/index.php?rest_route=%2Fwp%2Fv2%2Ftags&post=9023"}],"curies":[{"name":"wp","href":"https:\/\/api.w.org\/{rel}","templated":true}]}}