{"id":9030,"date":"2025-04-14T01:09:00","date_gmt":"2025-04-14T04:09:00","guid":{"rendered":"https:\/\/magazineweb.com.ar\/?p=9030"},"modified":"2025-04-12T13:34:26","modified_gmt":"2025-04-12T16:34:26","slug":"el-teatro-municipal-sera-sede-de-cine-y-obras-con-fuerte-carga-politica-y-poetica-con-entrada-gratuita","status":"publish","type":"post","link":"http:\/\/magazineweb.com.ar\/?p=9030","title":{"rendered":"El Teatro Municipal ser\u00e1 sede de cine y obras con fuerte carga pol\u00edtica y po\u00e9tica con entrada gratuita"},"content":{"rendered":"\n<p>El Municipio de Quilmes informa la programaci\u00f3n cultural gratuita que habr\u00e1 entre el 15 y el 19 de abril, con funciones de cine argentino en el Espacio INCAA Quilmes y una propuesta teatral de alto impacto en el Teatro Municipal, ambas con sede en la calle Mitre 721, Quilmes. Las entradas pueden retirarse en boleter\u00eda o reservarse online.<\/p>\n\n\n\n<p>Esta semana y con la coordinaci\u00f3n de la Secretar\u00eda de Educaci\u00f3n, Culturas y Deportes local, se destacan dos estrenos nacionales en el Espacio INCAA y una obra teatral con fuerte carga po\u00e9tica y pol\u00edtica.<\/p>\n\n\n\n<p>El martes 15 de abril a las 20, se proyectar\u00e1 \u201c1978\u201d. El film se sit\u00faa durante la final del Mundial entre Argentina y Holanda, en plena dictadura militar. Un grupo de torturadores secuestra por error a un grupo de j\u00f3venes, y lo que comienza como un interrogatorio se convierte en un verdadero infierno. Una historia cruda que interpela desde la memoria.<\/p>\n\n\n\n<p>El mi\u00e9rcoles 16, tambi\u00e9n a las 20, ser\u00e1 el turno del film \u201cUna muerte silenciosa\u201d. Ambientada en la Patagonia, la historia comienza con la muerte de una joven por una bala perdida. Su t\u00edo, Octavio, intentar\u00e1 reconstruir la verdad entre traiciones, un fot\u00f3grafo obsesionado con las armas, un ex comisario y unas misteriosas fotograf\u00edas.<\/p>\n\n\n\n<p>Finalmente, el s\u00e1bado 19 de abril a las 20, se presentar\u00e1 \u201cManifiesto Escombro\u201d, una obra escrita y dirigida por Juanjo Santill\u00e1n, interpretada por Sof\u00eda Drever y producida por el colectivo N\u00facleo Silvestre.<\/p>\n\n\n\n<p>La obra combina elementos del teatro contempor\u00e1neo y la \u00f3pera para desarrollar un viaje \u00edntimo y existencial. A trav\u00e9s del cuerpo, la voz y el sonido, una mujer transita escombros, recuerdos y resistencias. Fragmentos de infancia, cartas, filosof\u00eda oriental y restos de lo perdido componen un manifiesto emocional que desaf\u00eda toda l\u00f3gica dram\u00e1tica.<\/p>\n\n\n\n<p>Las entradas se retiran por boleter\u00eda (lunes a viernes de 9 a 18) o virtualmente en:&nbsp;<a rel=\"noreferrer noopener\" target=\"_blank\" href=\"http:\/\/www.quilmes.gov.ar\/agenda\">www.quilmes.gov.ar\/agenda<\/a>. Todas las funciones se realizan en el Teatro Municipal de Quilmes, sede del Espacio INCAA, en Mitre 721, Quilmes, con entrada libre y gratuita. Por m\u00e1s informaci\u00f3n y la programaci\u00f3n completa ingresar a&nbsp;<a rel=\"noreferrer noopener\" target=\"_blank\" href=\"http:\/\/www.quilmes.gov.ar\/\">www.quilmes.gov.ar<\/a><\/p>\n","protected":false},"excerpt":{"rendered":"<p>El Municipio de Quilmes informa la programaci\u00f3n cultural gratuita que habr\u00e1 entre el 15 y el 19 de abril, con funciones de cine argentino en el Espacio INCAA Quilmes y&hellip;<\/p>\n","protected":false},"author":3,"featured_media":9031,"comment_status":"closed","ping_status":"closed","sticky":false,"template":"","format":"standard","meta":{"footnotes":""},"categories":[7],"tags":[],"class_list":["post-9030","post","type-post","status-publish","format-standard","has-post-thumbnail","hentry","category-espectaculos"],"rttpg_featured_image_url":{"full":["http:\/\/magazineweb.com.ar\/wp-content\/uploads\/2025\/04\/thumbnail_EL-TEATRO-MUNICIPAL-SERA-SEDE-DE-CINE-Y-OBRAS-CON-FUERTE-CARGA-POLITICA-Y-POETICA-CON-ENTRADA-GRATUITA-1.jpg",1280,1600,false],"landscape":["http:\/\/magazineweb.com.ar\/wp-content\/uploads\/2025\/04\/thumbnail_EL-TEATRO-MUNICIPAL-SERA-SEDE-DE-CINE-Y-OBRAS-CON-FUERTE-CARGA-POLITICA-Y-POETICA-CON-ENTRADA-GRATUITA-1.jpg",1280,1600,false],"portraits":["http:\/\/magazineweb.com.ar\/wp-content\/uploads\/2025\/04\/thumbnail_EL-TEATRO-MUNICIPAL-SERA-SEDE-DE-CINE-Y-OBRAS-CON-FUERTE-CARGA-POLITICA-Y-POETICA-CON-ENTRADA-GRATUITA-1.jpg",1280,1600,false],"thumbnail":["http:\/\/magazineweb.com.ar\/wp-content\/uploads\/2025\/04\/thumbnail_EL-TEATRO-MUNICIPAL-SERA-SEDE-DE-CINE-Y-OBRAS-CON-FUERTE-CARGA-POLITICA-Y-POETICA-CON-ENTRADA-GRATUITA-1-150x150.jpg",150,150,true],"medium":["http:\/\/magazineweb.com.ar\/wp-content\/uploads\/2025\/04\/thumbnail_EL-TEATRO-MUNICIPAL-SERA-SEDE-DE-CINE-Y-OBRAS-CON-FUERTE-CARGA-POLITICA-Y-POETICA-CON-ENTRADA-GRATUITA-1-240x300.jpg",240,300,true],"large":["http:\/\/magazineweb.com.ar\/wp-content\/uploads\/2025\/04\/thumbnail_EL-TEATRO-MUNICIPAL-SERA-SEDE-DE-CINE-Y-OBRAS-CON-FUERTE-CARGA-POLITICA-Y-POETICA-CON-ENTRADA-GRATUITA-1-819x1024.jpg",819,1024,true],"1536x1536":["http:\/\/magazineweb.com.ar\/wp-content\/uploads\/2025\/04\/thumbnail_EL-TEATRO-MUNICIPAL-SERA-SEDE-DE-CINE-Y-OBRAS-CON-FUERTE-CARGA-POLITICA-Y-POETICA-CON-ENTRADA-GRATUITA-1-1229x1536.jpg",1229,1536,true],"2048x2048":["http:\/\/magazineweb.com.ar\/wp-content\/uploads\/2025\/04\/thumbnail_EL-TEATRO-MUNICIPAL-SERA-SEDE-DE-CINE-Y-OBRAS-CON-FUERTE-CARGA-POLITICA-Y-POETICA-CON-ENTRADA-GRATUITA-1.jpg",1280,1600,false],"ultp_layout_landscape_large":["http:\/\/magazineweb.com.ar\/wp-content\/uploads\/2025\/04\/thumbnail_EL-TEATRO-MUNICIPAL-SERA-SEDE-DE-CINE-Y-OBRAS-CON-FUERTE-CARGA-POLITICA-Y-POETICA-CON-ENTRADA-GRATUITA-1-1200x800.jpg",1200,800,true],"ultp_layout_landscape":["http:\/\/magazineweb.com.ar\/wp-content\/uploads\/2025\/04\/thumbnail_EL-TEATRO-MUNICIPAL-SERA-SEDE-DE-CINE-Y-OBRAS-CON-FUERTE-CARGA-POLITICA-Y-POETICA-CON-ENTRADA-GRATUITA-1-870x570.jpg",870,570,true],"ultp_layout_portrait":["http:\/\/magazineweb.com.ar\/wp-content\/uploads\/2025\/04\/thumbnail_EL-TEATRO-MUNICIPAL-SERA-SEDE-DE-CINE-Y-OBRAS-CON-FUERTE-CARGA-POLITICA-Y-POETICA-CON-ENTRADA-GRATUITA-1-600x900.jpg",600,900,true],"ultp_layout_square":["http:\/\/magazineweb.com.ar\/wp-content\/uploads\/2025\/04\/thumbnail_EL-TEATRO-MUNICIPAL-SERA-SEDE-DE-CINE-Y-OBRAS-CON-FUERTE-CARGA-POLITICA-Y-POETICA-CON-ENTRADA-GRATUITA-1-600x600.jpg",600,600,true]},"rttpg_author":{"display_name":"Redacci\u00f3n Magazine Web","author_link":"http:\/\/magazineweb.com.ar\/?author=3"},"rttpg_comment":0,"rttpg_category":"<a href=\"http:\/\/magazineweb.com.ar\/?cat=7\" rel=\"category\">Espect\u00e1culos<\/a>","rttpg_excerpt":"El Municipio de Quilmes informa la programaci\u00f3n cultural gratuita que habr\u00e1 entre el 15 y el 19 de abril, con funciones de cine argentino en el Espacio INCAA Quilmes y&hellip;","_links":{"self":[{"href":"http:\/\/magazineweb.com.ar\/index.php?rest_route=\/wp\/v2\/posts\/9030","targetHints":{"allow":["GET"]}}],"collection":[{"href":"http:\/\/magazineweb.com.ar\/index.php?rest_route=\/wp\/v2\/posts"}],"about":[{"href":"http:\/\/magazineweb.com.ar\/index.php?rest_route=\/wp\/v2\/types\/post"}],"author":[{"embeddable":true,"href":"http:\/\/magazineweb.com.ar\/index.php?rest_route=\/wp\/v2\/users\/3"}],"replies":[{"embeddable":true,"href":"http:\/\/magazineweb.com.ar\/index.php?rest_route=%2Fwp%2Fv2%2Fcomments&post=9030"}],"version-history":[{"count":1,"href":"http:\/\/magazineweb.com.ar\/index.php?rest_route=\/wp\/v2\/posts\/9030\/revisions"}],"predecessor-version":[{"id":9032,"href":"http:\/\/magazineweb.com.ar\/index.php?rest_route=\/wp\/v2\/posts\/9030\/revisions\/9032"}],"wp:featuredmedia":[{"embeddable":true,"href":"http:\/\/magazineweb.com.ar\/index.php?rest_route=\/wp\/v2\/media\/9031"}],"wp:attachment":[{"href":"http:\/\/magazineweb.com.ar\/index.php?rest_route=%2Fwp%2Fv2%2Fmedia&parent=9030"}],"wp:term":[{"taxonomy":"category","embeddable":true,"href":"http:\/\/magazineweb.com.ar\/index.php?rest_route=%2Fwp%2Fv2%2Fcategories&post=9030"},{"taxonomy":"post_tag","embeddable":true,"href":"http:\/\/magazineweb.com.ar\/index.php?rest_route=%2Fwp%2Fv2%2Ftags&post=9030"}],"curies":[{"name":"wp","href":"https:\/\/api.w.org\/{rel}","templated":true}]}}