{"id":9045,"date":"2025-04-14T01:08:00","date_gmt":"2025-04-14T04:08:00","guid":{"rendered":"https:\/\/magazineweb.com.ar\/?p=9045"},"modified":"2025-04-12T17:13:39","modified_gmt":"2025-04-12T20:13:39","slug":"axel-kicillof-javier-milei-celebra-mas-deuda-ajuste-y-sumision-al-fmi","status":"publish","type":"post","link":"http:\/\/magazineweb.com.ar\/?p=9045","title":{"rendered":"Axel Kicillof: \u00abJavier Milei celebra m\u00e1s deuda, ajuste y sumisi\u00f3n al FMI\u00bb"},"content":{"rendered":"\n<p>El gobernador de la provincia de Buenos Aires, Axel Kicillof, cruz\u00f3 al presidente Javier Milei tras su mensaje por cadena nacional en el que anunci\u00f3 el fin del cepo cambiario y celebr\u00f3 un nuevo acuerdo con el Fondo Monetario Internacional (FMI).<\/p>\n\n\n\n<p>\u201cEl presidente balbucea penosamente la confesi\u00f3n de su fracaso\u201d, escribi\u00f3 Kicillof en su cuenta de X (ex Twitter), donde cuestion\u00f3 los efectos del plan econ\u00f3mico. \u201cMientras se agrava la inflaci\u00f3n y contin\u00faa cayendo el consumo, Milei celebra m\u00e1s deuda, ajuste y sumisi\u00f3n al FMI\u201d, agreg\u00f3.<\/p>\n\n\n\n<p>Adem\u00e1s, el mandatario provincial acus\u00f3 al Presidente de intentar \u201cvender como \u00e9xitos lo que en realidad son p\u00e9simas noticias para el pueblo\u201d y lo responsabiliz\u00f3 por \u201cdestruir jubilaciones y salarios, paralizar la obra p\u00fablica y la producci\u00f3n, secuestrando los recursos de las provincias\u201d.<\/p>\n\n\n\n<p>\u201cM\u00e1s deuda, desigualdad, ajuste y represi\u00f3n\u2026 la farsa y la tragedia se repiten,&nbsp;pero el futuro no es de Milei, el futuro es del pueblo\u201d, concluy\u00f3 el gobernador bonaerense, quien viene manteniendo un fuerte enfrentamiento con el Ejecutivo nacional por los fondos coparticipables y el recorte de recursos.<\/p>\n","protected":false},"excerpt":{"rendered":"<p>El gobernador de la provincia de Buenos Aires, Axel Kicillof, cruz\u00f3 al presidente Javier Milei tras su mensaje por cadena nacional en el que anunci\u00f3 el fin del cepo cambiario&hellip;<\/p>\n","protected":false},"author":3,"featured_media":9046,"comment_status":"closed","ping_status":"closed","sticky":false,"template":"","format":"standard","meta":{"footnotes":""},"categories":[14],"tags":[],"class_list":["post-9045","post","type-post","status-publish","format-standard","has-post-thumbnail","hentry","category-provincial"],"rttpg_featured_image_url":{"full":["http:\/\/magazineweb.com.ar\/wp-content\/uploads\/2025\/04\/720-21.webp",1080,720,false],"landscape":["http:\/\/magazineweb.com.ar\/wp-content\/uploads\/2025\/04\/720-21.webp",1080,720,false],"portraits":["http:\/\/magazineweb.com.ar\/wp-content\/uploads\/2025\/04\/720-21.webp",1080,720,false],"thumbnail":["http:\/\/magazineweb.com.ar\/wp-content\/uploads\/2025\/04\/720-21-150x150.webp",150,150,true],"medium":["http:\/\/magazineweb.com.ar\/wp-content\/uploads\/2025\/04\/720-21-300x200.webp",300,200,true],"large":["http:\/\/magazineweb.com.ar\/wp-content\/uploads\/2025\/04\/720-21-1024x683.webp",1024,683,true],"1536x1536":["http:\/\/magazineweb.com.ar\/wp-content\/uploads\/2025\/04\/720-21.webp",1080,720,false],"2048x2048":["http:\/\/magazineweb.com.ar\/wp-content\/uploads\/2025\/04\/720-21.webp",1080,720,false],"ultp_layout_landscape_large":["http:\/\/magazineweb.com.ar\/wp-content\/uploads\/2025\/04\/720-21.webp",1080,720,false],"ultp_layout_landscape":["http:\/\/magazineweb.com.ar\/wp-content\/uploads\/2025\/04\/720-21-870x570.webp",870,570,true],"ultp_layout_portrait":["http:\/\/magazineweb.com.ar\/wp-content\/uploads\/2025\/04\/720-21-600x720.webp",600,720,true],"ultp_layout_square":["http:\/\/magazineweb.com.ar\/wp-content\/uploads\/2025\/04\/720-21-600x600.webp",600,600,true]},"rttpg_author":{"display_name":"Redacci\u00f3n Magazine Web","author_link":"http:\/\/magazineweb.com.ar\/?author=3"},"rttpg_comment":0,"rttpg_category":"<a href=\"http:\/\/magazineweb.com.ar\/?cat=14\" rel=\"category\">Provincial<\/a>","rttpg_excerpt":"El gobernador de la provincia de Buenos Aires, Axel Kicillof, cruz\u00f3 al presidente Javier Milei tras su mensaje por cadena nacional en el que anunci\u00f3 el fin del cepo cambiario&hellip;","_links":{"self":[{"href":"http:\/\/magazineweb.com.ar\/index.php?rest_route=\/wp\/v2\/posts\/9045","targetHints":{"allow":["GET"]}}],"collection":[{"href":"http:\/\/magazineweb.com.ar\/index.php?rest_route=\/wp\/v2\/posts"}],"about":[{"href":"http:\/\/magazineweb.com.ar\/index.php?rest_route=\/wp\/v2\/types\/post"}],"author":[{"embeddable":true,"href":"http:\/\/magazineweb.com.ar\/index.php?rest_route=\/wp\/v2\/users\/3"}],"replies":[{"embeddable":true,"href":"http:\/\/magazineweb.com.ar\/index.php?rest_route=%2Fwp%2Fv2%2Fcomments&post=9045"}],"version-history":[{"count":1,"href":"http:\/\/magazineweb.com.ar\/index.php?rest_route=\/wp\/v2\/posts\/9045\/revisions"}],"predecessor-version":[{"id":9047,"href":"http:\/\/magazineweb.com.ar\/index.php?rest_route=\/wp\/v2\/posts\/9045\/revisions\/9047"}],"wp:featuredmedia":[{"embeddable":true,"href":"http:\/\/magazineweb.com.ar\/index.php?rest_route=\/wp\/v2\/media\/9046"}],"wp:attachment":[{"href":"http:\/\/magazineweb.com.ar\/index.php?rest_route=%2Fwp%2Fv2%2Fmedia&parent=9045"}],"wp:term":[{"taxonomy":"category","embeddable":true,"href":"http:\/\/magazineweb.com.ar\/index.php?rest_route=%2Fwp%2Fv2%2Fcategories&post=9045"},{"taxonomy":"post_tag","embeddable":true,"href":"http:\/\/magazineweb.com.ar\/index.php?rest_route=%2Fwp%2Fv2%2Ftags&post=9045"}],"curies":[{"name":"wp","href":"https:\/\/api.w.org\/{rel}","templated":true}]}}