{"id":9058,"date":"2025-04-18T01:09:00","date_gmt":"2025-04-18T04:09:00","guid":{"rendered":"https:\/\/magazineweb.com.ar\/?p=9058"},"modified":"2025-04-17T13:55:04","modified_gmt":"2025-04-17T16:55:04","slug":"artesanias-berazateguenses-en-la-feria-emprender","status":"publish","type":"post","link":"http:\/\/magazineweb.com.ar\/?p=9058","title":{"rendered":"Artesan\u00edas berazateguenses en la Feria Emprender"},"content":{"rendered":"\n<p>Contin\u00faan las ediciones de la Feria Municipal Emprender en la Plaza Rigolleau (Av. 14 y Lisandro de la Torre). All\u00ed, los vecinos y vecinas acceden a artesan\u00edas textiles, de cer\u00e1mica, plata, madera, vidrio, marroquiner\u00eda, cuero, tejido, decoraci\u00f3n, sublimaci\u00f3n, mosaiquismo; productos reciclados y cester\u00eda. Las pr\u00f3ximas ediciones ser\u00e1n el s\u00e1bado 19, viernes 25 y s\u00e1bado 26 de abril, de 11.00 a 19.00; en tanto que, en el Polo Emprender Berazategui (calle 413 y 455) se realizar\u00e1n el jueves 24 y viernes 25 de abril, de 11.00 a 17.30.<\/p>\n\n\n\n<p>Al respecto, la vecina Micaela Centuri\u00f3n cont\u00f3: \u201cEn Emprender se encuentran muy buenas artesan\u00edas, muy variadas y a muy buenos precios. Celebro la propuesta municipal porque le da posibilidad a los emprendedores de vender sus creaciones\u201d.<\/p>\n\n\n\n<p>Esta Feria municipal comenz\u00f3 en 2015, con el objetivo de visibilizar y comercializar los productos de las y los emprendedores de Berazategui. Ese a\u00f1o se dict\u00f3 la Ordenanza Municipal N\u00b0 5336 para darle fuerza institucionalmente a la iniciativa, que tiene como fin promover el desarrollo de la producci\u00f3n local. Es impulsada por el intendente Juan Jos\u00e9 Mussi y organizada por la Secretar\u00eda de Trabajo.<\/p>\n\n\n\n<p>Para conocer m\u00e1s, se puede ingresar en berazategui.gob.ar\/emprender.<\/p>\n","protected":false},"excerpt":{"rendered":"<p>Contin\u00faan las ediciones de la Feria Municipal Emprender en la Plaza Rigolleau (Av. 14 y Lisandro de la Torre). All\u00ed, los vecinos y vecinas acceden a artesan\u00edas textiles, de cer\u00e1mica,&hellip;<\/p>\n","protected":false},"author":3,"featured_media":9059,"comment_status":"closed","ping_status":"closed","sticky":false,"template":"","format":"standard","meta":{"footnotes":""},"categories":[9],"tags":[],"class_list":["post-9058","post","type-post","status-publish","format-standard","has-post-thumbnail","hentry","category-informacion-general"],"rttpg_featured_image_url":{"full":["http:\/\/magazineweb.com.ar\/wp-content\/uploads\/2025\/04\/ARTESANIAS-BERAZATEGUENSES-EN-LA-FERIA-EMPRENDER-3-1.jpg",1920,1280,false],"landscape":["http:\/\/magazineweb.com.ar\/wp-content\/uploads\/2025\/04\/ARTESANIAS-BERAZATEGUENSES-EN-LA-FERIA-EMPRENDER-3-1.jpg",1920,1280,false],"portraits":["http:\/\/magazineweb.com.ar\/wp-content\/uploads\/2025\/04\/ARTESANIAS-BERAZATEGUENSES-EN-LA-FERIA-EMPRENDER-3-1.jpg",1920,1280,false],"thumbnail":["http:\/\/magazineweb.com.ar\/wp-content\/uploads\/2025\/04\/ARTESANIAS-BERAZATEGUENSES-EN-LA-FERIA-EMPRENDER-3-1-150x150.jpg",150,150,true],"medium":["http:\/\/magazineweb.com.ar\/wp-content\/uploads\/2025\/04\/ARTESANIAS-BERAZATEGUENSES-EN-LA-FERIA-EMPRENDER-3-1-300x200.jpg",300,200,true],"large":["http:\/\/magazineweb.com.ar\/wp-content\/uploads\/2025\/04\/ARTESANIAS-BERAZATEGUENSES-EN-LA-FERIA-EMPRENDER-3-1-1024x683.jpg",1024,683,true],"1536x1536":["http:\/\/magazineweb.com.ar\/wp-content\/uploads\/2025\/04\/ARTESANIAS-BERAZATEGUENSES-EN-LA-FERIA-EMPRENDER-3-1-1536x1024.jpg",1536,1024,true],"2048x2048":["http:\/\/magazineweb.com.ar\/wp-content\/uploads\/2025\/04\/ARTESANIAS-BERAZATEGUENSES-EN-LA-FERIA-EMPRENDER-3-1.jpg",1920,1280,false],"ultp_layout_landscape_large":["http:\/\/magazineweb.com.ar\/wp-content\/uploads\/2025\/04\/ARTESANIAS-BERAZATEGUENSES-EN-LA-FERIA-EMPRENDER-3-1-1200x800.jpg",1200,800,true],"ultp_layout_landscape":["http:\/\/magazineweb.com.ar\/wp-content\/uploads\/2025\/04\/ARTESANIAS-BERAZATEGUENSES-EN-LA-FERIA-EMPRENDER-3-1-870x570.jpg",870,570,true],"ultp_layout_portrait":["http:\/\/magazineweb.com.ar\/wp-content\/uploads\/2025\/04\/ARTESANIAS-BERAZATEGUENSES-EN-LA-FERIA-EMPRENDER-3-1-600x900.jpg",600,900,true],"ultp_layout_square":["http:\/\/magazineweb.com.ar\/wp-content\/uploads\/2025\/04\/ARTESANIAS-BERAZATEGUENSES-EN-LA-FERIA-EMPRENDER-3-1-600x600.jpg",600,600,true]},"rttpg_author":{"display_name":"Redacci\u00f3n Magazine Web","author_link":"http:\/\/magazineweb.com.ar\/?author=3"},"rttpg_comment":0,"rttpg_category":"<a href=\"http:\/\/magazineweb.com.ar\/?cat=9\" rel=\"category\">Informaci\u00f3n General<\/a>","rttpg_excerpt":"Contin\u00faan las ediciones de la Feria Municipal Emprender en la Plaza Rigolleau (Av. 14 y Lisandro de la Torre). All\u00ed, los vecinos y vecinas acceden a artesan\u00edas textiles, de cer\u00e1mica,&hellip;","_links":{"self":[{"href":"http:\/\/magazineweb.com.ar\/index.php?rest_route=\/wp\/v2\/posts\/9058","targetHints":{"allow":["GET"]}}],"collection":[{"href":"http:\/\/magazineweb.com.ar\/index.php?rest_route=\/wp\/v2\/posts"}],"about":[{"href":"http:\/\/magazineweb.com.ar\/index.php?rest_route=\/wp\/v2\/types\/post"}],"author":[{"embeddable":true,"href":"http:\/\/magazineweb.com.ar\/index.php?rest_route=\/wp\/v2\/users\/3"}],"replies":[{"embeddable":true,"href":"http:\/\/magazineweb.com.ar\/index.php?rest_route=%2Fwp%2Fv2%2Fcomments&post=9058"}],"version-history":[{"count":1,"href":"http:\/\/magazineweb.com.ar\/index.php?rest_route=\/wp\/v2\/posts\/9058\/revisions"}],"predecessor-version":[{"id":9060,"href":"http:\/\/magazineweb.com.ar\/index.php?rest_route=\/wp\/v2\/posts\/9058\/revisions\/9060"}],"wp:featuredmedia":[{"embeddable":true,"href":"http:\/\/magazineweb.com.ar\/index.php?rest_route=\/wp\/v2\/media\/9059"}],"wp:attachment":[{"href":"http:\/\/magazineweb.com.ar\/index.php?rest_route=%2Fwp%2Fv2%2Fmedia&parent=9058"}],"wp:term":[{"taxonomy":"category","embeddable":true,"href":"http:\/\/magazineweb.com.ar\/index.php?rest_route=%2Fwp%2Fv2%2Fcategories&post=9058"},{"taxonomy":"post_tag","embeddable":true,"href":"http:\/\/magazineweb.com.ar\/index.php?rest_route=%2Fwp%2Fv2%2Ftags&post=9058"}],"curies":[{"name":"wp","href":"https:\/\/api.w.org\/{rel}","templated":true}]}}