{"id":9076,"date":"2025-04-18T01:05:00","date_gmt":"2025-04-18T04:05:00","guid":{"rendered":"https:\/\/magazineweb.com.ar\/?p=9076"},"modified":"2025-04-17T14:30:54","modified_gmt":"2025-04-17T17:30:54","slug":"berazategui-fue-sede-del-campeonato-nacional-de-wushu-kung-fu","status":"publish","type":"post","link":"http:\/\/magazineweb.com.ar\/?p=9076","title":{"rendered":"Berazategui fue sede del Campeonato Nacional de Wushu Kung Fu"},"content":{"rendered":"\n<p>El s\u00e1bado 12 y el domingo 13 de abril, Berazategui recibi\u00f3 al Campeonato Apertura de la Federaci\u00f3n Argentina de Wushu Kung Fu &#8211; Copa Tao Chuan. M\u00e1s de 400 atletas de todo el pa\u00eds compitieron en las categor\u00edas juveniles y mayores. El intendente municipal, Juan Jos\u00e9 Mussi, asisti\u00f3 al evento para realizar la inauguraci\u00f3n oficial.<\/p>\n\n\n\n<p>Al momento de dirigir unas palabras a los deportistas, Mussi subray\u00f3: \u201cEs un orgullo y una gran felicidad recibirlos en Berazategui. Es gratificante prestar las instalaciones para un evento como \u00e9ste. Desde la Municipalidad fomentamos los deportes como el Wushu Kung Fu, que tal vez no son tan conocidos. Para nosotros, el deporte es prevenci\u00f3n y salud\u201d.<\/p>\n\n\n\n<p>Seguidamente, el asesor del Comit\u00e9 Ol\u00edmpico Argentino, Carlos Marino, recalc\u00f3: \u201cMussi apoya permanentemente al deporte. Muchas gracias por ese compromiso que ha mostrado a lo largo de los a\u00f1os. Es una gran alegr\u00eda estar en esta ciudad\u201d.<\/p>\n\n\n\n<p>En el mismo sentido, el presidente de la Federaci\u00f3n Argentina, Carlos D\u00edaz, agradeci\u00f3 la colaboraci\u00f3n de la Municipalidad de Berazategui y destac\u00f3: \u201cEl Centro de Actividades Roberto De Vicenzo es un espacio que cuenta con todas las comodidades para realizar un evento como \u00e9ste. Eso, sumado al despliegue de la Federaci\u00f3n, permite que el campeonato sea un \u00e9xito\u201d.<\/p>\n\n\n\n<p>El evento cont\u00f3 con una relevancia internacional, ya que funcion\u00f3 como instancia selectiva para la clasificaci\u00f3n a pr\u00f3ximos campeonatos internacionales. De esta manera, los atletas compitieron por asegurar su lugar en el Sudamericano de Buenos Aires, que se realizar\u00e1 en junio; y al Mundial a disputarse en Brasil, en septiembre.<\/p>\n","protected":false},"excerpt":{"rendered":"<p>El s\u00e1bado 12 y el domingo 13 de abril, Berazategui recibi\u00f3 al Campeonato Apertura de la Federaci\u00f3n Argentina de Wushu Kung Fu &#8211; Copa Tao Chuan. M\u00e1s de 400 atletas&hellip;<\/p>\n","protected":false},"author":3,"featured_media":9077,"comment_status":"closed","ping_status":"closed","sticky":false,"template":"","format":"standard","meta":{"footnotes":""},"categories":[3],"tags":[],"class_list":["post-9076","post","type-post","status-publish","format-standard","has-post-thumbnail","hentry","category-deportes"],"rttpg_featured_image_url":{"full":["http:\/\/magazineweb.com.ar\/wp-content\/uploads\/2025\/04\/KUNG-FU-1-1.jpg",1920,1280,false],"landscape":["http:\/\/magazineweb.com.ar\/wp-content\/uploads\/2025\/04\/KUNG-FU-1-1.jpg",1920,1280,false],"portraits":["http:\/\/magazineweb.com.ar\/wp-content\/uploads\/2025\/04\/KUNG-FU-1-1.jpg",1920,1280,false],"thumbnail":["http:\/\/magazineweb.com.ar\/wp-content\/uploads\/2025\/04\/KUNG-FU-1-1-150x150.jpg",150,150,true],"medium":["http:\/\/magazineweb.com.ar\/wp-content\/uploads\/2025\/04\/KUNG-FU-1-1-300x200.jpg",300,200,true],"large":["http:\/\/magazineweb.com.ar\/wp-content\/uploads\/2025\/04\/KUNG-FU-1-1-1024x683.jpg",1024,683,true],"1536x1536":["http:\/\/magazineweb.com.ar\/wp-content\/uploads\/2025\/04\/KUNG-FU-1-1-1536x1024.jpg",1536,1024,true],"2048x2048":["http:\/\/magazineweb.com.ar\/wp-content\/uploads\/2025\/04\/KUNG-FU-1-1.jpg",1920,1280,false],"ultp_layout_landscape_large":["http:\/\/magazineweb.com.ar\/wp-content\/uploads\/2025\/04\/KUNG-FU-1-1-1200x800.jpg",1200,800,true],"ultp_layout_landscape":["http:\/\/magazineweb.com.ar\/wp-content\/uploads\/2025\/04\/KUNG-FU-1-1-870x570.jpg",870,570,true],"ultp_layout_portrait":["http:\/\/magazineweb.com.ar\/wp-content\/uploads\/2025\/04\/KUNG-FU-1-1-600x900.jpg",600,900,true],"ultp_layout_square":["http:\/\/magazineweb.com.ar\/wp-content\/uploads\/2025\/04\/KUNG-FU-1-1-600x600.jpg",600,600,true]},"rttpg_author":{"display_name":"Redacci\u00f3n Magazine Web","author_link":"http:\/\/magazineweb.com.ar\/?author=3"},"rttpg_comment":0,"rttpg_category":"<a href=\"http:\/\/magazineweb.com.ar\/?cat=3\" rel=\"category\">Deportes<\/a>","rttpg_excerpt":"El s\u00e1bado 12 y el domingo 13 de abril, Berazategui recibi\u00f3 al Campeonato Apertura de la Federaci\u00f3n Argentina de Wushu Kung Fu &#8211; Copa Tao Chuan. M\u00e1s de 400 atletas&hellip;","_links":{"self":[{"href":"http:\/\/magazineweb.com.ar\/index.php?rest_route=\/wp\/v2\/posts\/9076","targetHints":{"allow":["GET"]}}],"collection":[{"href":"http:\/\/magazineweb.com.ar\/index.php?rest_route=\/wp\/v2\/posts"}],"about":[{"href":"http:\/\/magazineweb.com.ar\/index.php?rest_route=\/wp\/v2\/types\/post"}],"author":[{"embeddable":true,"href":"http:\/\/magazineweb.com.ar\/index.php?rest_route=\/wp\/v2\/users\/3"}],"replies":[{"embeddable":true,"href":"http:\/\/magazineweb.com.ar\/index.php?rest_route=%2Fwp%2Fv2%2Fcomments&post=9076"}],"version-history":[{"count":1,"href":"http:\/\/magazineweb.com.ar\/index.php?rest_route=\/wp\/v2\/posts\/9076\/revisions"}],"predecessor-version":[{"id":9078,"href":"http:\/\/magazineweb.com.ar\/index.php?rest_route=\/wp\/v2\/posts\/9076\/revisions\/9078"}],"wp:featuredmedia":[{"embeddable":true,"href":"http:\/\/magazineweb.com.ar\/index.php?rest_route=\/wp\/v2\/media\/9077"}],"wp:attachment":[{"href":"http:\/\/magazineweb.com.ar\/index.php?rest_route=%2Fwp%2Fv2%2Fmedia&parent=9076"}],"wp:term":[{"taxonomy":"category","embeddable":true,"href":"http:\/\/magazineweb.com.ar\/index.php?rest_route=%2Fwp%2Fv2%2Fcategories&post=9076"},{"taxonomy":"post_tag","embeddable":true,"href":"http:\/\/magazineweb.com.ar\/index.php?rest_route=%2Fwp%2Fv2%2Ftags&post=9076"}],"curies":[{"name":"wp","href":"https:\/\/api.w.org\/{rel}","templated":true}]}}