{"id":9145,"date":"2025-05-13T22:10:47","date_gmt":"2025-05-14T01:10:47","guid":{"rendered":"https:\/\/magazineweb.com.ar\/?p=9145"},"modified":"2025-05-13T22:11:32","modified_gmt":"2025-05-14T01:11:32","slug":"anses-calendarios-de-pagos-de-mayo","status":"publish","type":"post","link":"http:\/\/magazineweb.com.ar\/?p=9145","title":{"rendered":"ANSES: calendarios de pagos de mayo"},"content":{"rendered":"\n<p>ANSES, organismo dependiente del Ministerio de Capital Humano, comunica los calendarios de pagos de&nbsp;mayo&nbsp;para jubilados, pensionados y titulares de Pensiones No Contributivas (PNC), Asignaci\u00f3n Universal por Hijo, Asignaci\u00f3n por Embarazo, Asignaciones Familiares y Prestaci\u00f3n por Desempleo.<\/p>\n\n\n\n<p><strong>Jubilaciones y pensiones que no superen un haber m\u00ednimo<\/strong><\/p>\n\n\n\n<p>\u2022 DNI terminados en 0: 9 de mayo<\/p>\n\n\n\n<p>\u2022 DNI terminados en 1: 12 de mayo<\/p>\n\n\n\n<p>\u2022 DNI terminados en 2: 13 de mayo<\/p>\n\n\n\n<p>\u2022 DNI terminados en 3: 14 de mayo<\/p>\n\n\n\n<p>\u2022 DNI terminados en 4: 15 de mayo<\/p>\n\n\n\n<p>\u2022 DNI terminados en 5: 16 de mayo<\/p>\n\n\n\n<p>\u2022 DNI terminados en 6: 19 de mayo<\/p>\n\n\n\n<p>\u2022 DNI terminados en 7: 20 de mayo<\/p>\n\n\n\n<p>\u2022 DNI terminados en 8: 21 de mayo<\/p>\n\n\n\n<p>\u2022 DNI terminados en 9: 22 de mayo<\/p>\n\n\n\n<p><strong>Jubilaciones y pensiones que superen un haber m\u00ednimo<\/strong><\/p>\n\n\n\n<p>\u2022 DNI terminados en 0 y 1: 23 de mayo<\/p>\n\n\n\n<p>\u2022 DNI terminados en 2 y 3: 26 de mayo<\/p>\n\n\n\n<p>\u2022 DNI terminados en 4 y 5: 27 de mayo<\/p>\n\n\n\n<p>\u2022 DNI terminados en 6 y 7: 28 de mayo<\/p>\n\n\n\n<p>\u2022 DNI terminados en 8 y 9: 29 de mayo<\/p>\n\n\n\n<p><strong>Asignaci\u00f3n Universal por Hijo y Asignaci\u00f3n Familiar por Hijo<\/strong><\/p>\n\n\n\n<p>\u2022 DNI terminados en 0: 9 de mayo<\/p>\n\n\n\n<p>\u2022 DNI terminados en 1: 12 de mayo<\/p>\n\n\n\n<p>\u2022 DNI terminados en 2: 13 de mayo<\/p>\n\n\n\n<p>\u2022 DNI terminados en 3: 14 de mayo<\/p>\n\n\n\n<p>\u2022 DNI terminados en 4: 15 de mayo<\/p>\n\n\n\n<p>\u2022 DNI terminados en 5: 16 de mayo<\/p>\n\n\n\n<p>\u2022 DNI terminados en 6: 19 de mayo<\/p>\n\n\n\n<p>\u2022 DNI terminados en 7: 20 de mayo<\/p>\n\n\n\n<p>\u2022 DNI terminados en 8: 21 de mayo<\/p>\n\n\n\n<p>\u2022 DNI terminados en 9: 22 de mayo<\/p>\n\n\n\n<p><strong>Asignaci\u00f3n por Embarazo<\/strong><\/p>\n\n\n\n<p>\u2022 DNI terminados en 0: 12 de mayo<\/p>\n\n\n\n<p>\u2022 DNI terminados en 1:&nbsp; 13 de mayo<\/p>\n\n\n\n<p>\u2022 DNI terminados en 2: 14 de mayo<\/p>\n\n\n\n<p>\u2022 DNI terminados en 3: 15 de mayo<\/p>\n\n\n\n<p>\u2022 DNI terminados en 4: 16 de mayo<\/p>\n\n\n\n<p>\u2022 DNI terminados en 5: 19 de mayo<\/p>\n\n\n\n<p>\u2022 DNI terminados en 6: 20 de mayo<\/p>\n\n\n\n<p>\u2022 DNI terminados en 7: 21 de mayo<\/p>\n\n\n\n<p>\u2022 DNI terminados en 8: 22 de mayo<\/p>\n\n\n\n<p>\u2022 DNI terminados en 9: 23 de mayo<strong><\/strong><\/p>\n\n\n\n<p><strong>Asignaci\u00f3n por Prenatal y Maternidad<\/strong><\/p>\n\n\n\n<p>\u2022 DNI terminados en 0 y 1: 14 de mayo<\/p>\n\n\n\n<p>\u2022 DNI terminados en 2 y 3: 15 de mayo<\/p>\n\n\n\n<p>\u2022 DNI terminados en 4 y 5: 16 de mayo<\/p>\n\n\n\n<p>\u2022 DNI terminados en 6 y 7: 19 de mayo<\/p>\n\n\n\n<p>\u2022 DNI terminados en 8 y 9: 20 de mayo<\/p>\n\n\n\n<p><strong>Asignaciones Pago \u00danico (Matrimonio, Nacimiento, Adopci\u00f3n)<\/strong><\/p>\n\n\n\n<p>\u2022 Todas las terminaciones de documento: 12 de mayo al 11 de junio<\/p>\n\n\n\n<p><strong>Pensiones No Contributivas<\/strong><\/p>\n\n\n\n<p>\u2022 DNI terminados en 0 y 1: 9 de mayo<\/p>\n\n\n\n<p>\u2022 DNI terminados en 2 y 3: 12 de mayo<\/p>\n\n\n\n<p>\u2022 DNI terminados en 4 y 5: 13 de mayo<\/p>\n\n\n\n<p>\u2022 DNI terminados en 6 y 7: 14 de mayo<\/p>\n\n\n\n<p>\u2022 DNI terminados en 8 y 9: 15 de mayo<\/p>\n\n\n\n<p><strong>Asignaciones Familiares de Pensiones No Contributivas<\/strong><\/p>\n\n\n\n<p>\u2022 Todas las terminaciones de documento: 9 de mayo al 11 de junio<\/p>\n\n\n\n<p><strong>Prestaci\u00f3n por Desempleo<\/strong><\/p>\n\n\n\n<p>\u2022 DNI terminados en 0 y 1: 23 de mayo<\/p>\n\n\n\n<p>\u2022 DNI terminados en 2 y 3: 26 de mayo<\/p>\n\n\n\n<p>\u2022 DNI terminados en 4 y 5: 27 de mayo<\/p>\n\n\n\n<p>\u2022 DNI terminados en 6 y 7: 28 de mayo<\/p>\n\n\n\n<p>\u2022 DNI terminados en 8 y 9: 29 de mayo<\/p>\n","protected":false},"excerpt":{"rendered":"<p>ANSES, organismo dependiente del Ministerio de Capital Humano, comunica los calendarios de pagos de&nbsp;mayo&nbsp;para jubilados, pensionados y titulares de Pensiones No Contributivas (PNC), Asignaci\u00f3n Universal por Hijo, Asignaci\u00f3n por Embarazo,&hellip;<\/p>\n","protected":false},"author":3,"featured_media":9146,"comment_status":"closed","ping_status":"closed","sticky":false,"template":"","format":"standard","meta":{"footnotes":""},"categories":[4,9],"tags":[],"class_list":["post-9145","post","type-post","status-publish","format-standard","has-post-thumbnail","hentry","category-destacados","category-informacion-general"],"rttpg_featured_image_url":{"full":["http:\/\/magazineweb.com.ar\/wp-content\/uploads\/2025\/05\/ANSES.jpg",1920,1080,false],"landscape":["http:\/\/magazineweb.com.ar\/wp-content\/uploads\/2025\/05\/ANSES.jpg",1920,1080,false],"portraits":["http:\/\/magazineweb.com.ar\/wp-content\/uploads\/2025\/05\/ANSES.jpg",1920,1080,false],"thumbnail":["http:\/\/magazineweb.com.ar\/wp-content\/uploads\/2025\/05\/ANSES-150x150.jpg",150,150,true],"medium":["http:\/\/magazineweb.com.ar\/wp-content\/uploads\/2025\/05\/ANSES-300x169.jpg",300,169,true],"large":["http:\/\/magazineweb.com.ar\/wp-content\/uploads\/2025\/05\/ANSES-1024x576.jpg",1024,576,true],"1536x1536":["http:\/\/magazineweb.com.ar\/wp-content\/uploads\/2025\/05\/ANSES-1536x864.jpg",1536,864,true],"2048x2048":["http:\/\/magazineweb.com.ar\/wp-content\/uploads\/2025\/05\/ANSES.jpg",1920,1080,false],"ultp_layout_landscape_large":["http:\/\/magazineweb.com.ar\/wp-content\/uploads\/2025\/05\/ANSES-1200x800.jpg",1200,800,true],"ultp_layout_landscape":["http:\/\/magazineweb.com.ar\/wp-content\/uploads\/2025\/05\/ANSES-870x570.jpg",870,570,true],"ultp_layout_portrait":["http:\/\/magazineweb.com.ar\/wp-content\/uploads\/2025\/05\/ANSES-600x900.jpg",600,900,true],"ultp_layout_square":["http:\/\/magazineweb.com.ar\/wp-content\/uploads\/2025\/05\/ANSES-600x600.jpg",600,600,true]},"rttpg_author":{"display_name":"Redacci\u00f3n Magazine Web","author_link":"http:\/\/magazineweb.com.ar\/?author=3"},"rttpg_comment":0,"rttpg_category":"<a href=\"http:\/\/magazineweb.com.ar\/?cat=4\" rel=\"category\">Destacados<\/a> <a href=\"http:\/\/magazineweb.com.ar\/?cat=9\" rel=\"category\">Informaci\u00f3n General<\/a>","rttpg_excerpt":"ANSES, organismo dependiente del Ministerio de Capital Humano, comunica los calendarios de pagos de&nbsp;mayo&nbsp;para jubilados, pensionados y titulares de Pensiones No Contributivas (PNC), Asignaci\u00f3n Universal por Hijo, Asignaci\u00f3n por Embarazo,&hellip;","_links":{"self":[{"href":"http:\/\/magazineweb.com.ar\/index.php?rest_route=\/wp\/v2\/posts\/9145","targetHints":{"allow":["GET"]}}],"collection":[{"href":"http:\/\/magazineweb.com.ar\/index.php?rest_route=\/wp\/v2\/posts"}],"about":[{"href":"http:\/\/magazineweb.com.ar\/index.php?rest_route=\/wp\/v2\/types\/post"}],"author":[{"embeddable":true,"href":"http:\/\/magazineweb.com.ar\/index.php?rest_route=\/wp\/v2\/users\/3"}],"replies":[{"embeddable":true,"href":"http:\/\/magazineweb.com.ar\/index.php?rest_route=%2Fwp%2Fv2%2Fcomments&post=9145"}],"version-history":[{"count":1,"href":"http:\/\/magazineweb.com.ar\/index.php?rest_route=\/wp\/v2\/posts\/9145\/revisions"}],"predecessor-version":[{"id":9147,"href":"http:\/\/magazineweb.com.ar\/index.php?rest_route=\/wp\/v2\/posts\/9145\/revisions\/9147"}],"wp:featuredmedia":[{"embeddable":true,"href":"http:\/\/magazineweb.com.ar\/index.php?rest_route=\/wp\/v2\/media\/9146"}],"wp:attachment":[{"href":"http:\/\/magazineweb.com.ar\/index.php?rest_route=%2Fwp%2Fv2%2Fmedia&parent=9145"}],"wp:term":[{"taxonomy":"category","embeddable":true,"href":"http:\/\/magazineweb.com.ar\/index.php?rest_route=%2Fwp%2Fv2%2Fcategories&post=9145"},{"taxonomy":"post_tag","embeddable":true,"href":"http:\/\/magazineweb.com.ar\/index.php?rest_route=%2Fwp%2Fv2%2Ftags&post=9145"}],"curies":[{"name":"wp","href":"https:\/\/api.w.org\/{rel}","templated":true}]}}