{"id":9149,"date":"2025-05-09T20:01:26","date_gmt":"2025-05-09T23:01:26","guid":{"rendered":"https:\/\/magazineweb.com.ar\/?p=9149"},"modified":"2025-05-09T20:01:27","modified_gmt":"2025-05-09T23:01:27","slug":"el-hermano-del-leon-xiv-bromeabamos-con-que-seria-papa-desde-que-tenia-6-anos","status":"publish","type":"post","link":"http:\/\/magazineweb.com.ar\/?p=9149","title":{"rendered":"El hermano del Le\u00f3n XIV: \u00abBrome\u00e1bamos con que ser\u00eda papa desde que ten\u00eda 6 a\u00f1os\u00bb"},"content":{"rendered":"\n<p>Miami (EE.UU.) (EFE).- Louis Prevost, hermano de Le\u00f3n XIV residente en Florida, afirm\u00f3 exultante que \u00abenloqueci\u00f3\u00bb de alegr\u00eda sin poder controlar su emoci\u00f3n al conocer la elecci\u00f3n del&nbsp;<a href=\"https:\/\/efe.com\/mundo\/2025-05-09\/leon-xiv-actos-nuevo-papa\/\">nuevo pont\u00edfice<\/a>&nbsp;y desvel\u00f3 que su familia sol\u00eda \u00abbromear con que ser\u00eda papa desde que ten\u00eda seis a\u00f1os\u00bb.<\/p>\n\n\n\n<p>\u00abCuando el cardenal sali\u00f3 y empez\u00f3 a leer su nombre, en cuanto dijo \u2018Rob\u2019, supe que iba a decir \u2018Roberto\u2019. \u00a1Y lo dijo! Y simplemente enloquec\u00ed. \u00a1Es Rob, oh, Dios m\u00edo!\u00bb, declar\u00f3 la noche del jueves al canal WBBH, en Port Charlotte, en el sudeste de Florida, donde reside.<\/p>\n\n\n\n<p>\u00abEs impactante, sorprendente, casi me deja sin palabras\u00bb, manifest\u00f3 a esta cadena de la costa oeste de Florida.<\/p>\n\n\n\n<p>\u00abEs alucinante que mi hermano haya sido elegido papa\u00bb, manifest\u00f3.<\/p>\n\n\n\n<p>Record\u00f3 que su familia bromeaba sobre el futuro de su hermano cuando era ni\u00f1o.<\/p>\n\n\n\n<figure class=\"wp-block-pullquote\"><blockquote><p>Ciudad del Vaticano \u2013 El nuevo papa Le\u00f3n XIV, el estadounidense pero tambi\u00e9n con nacionalidad peruana Robert Francis Prevost, celebra este viernes sus primeros actos oficiales como pont\u00edfice.<\/p><\/blockquote><\/figure>\n\n\n\n<h1 class=\"wp-block-heading\">La misa de inicio del pontificado de Le\u00f3n XIV ser\u00e1 el 18 de mayo y el 21 ver\u00e1 a los fieles<\/h1>\n\n\n\n<p>Ciudad del Vaticano (EFE).- La misa del inicio del pontificado de Le\u00f3n XIV ser\u00e1 el domingo 18 de mayo y tres d\u00edas despu\u00e9s, el 21, el nuevo papa tendr\u00e1 su primera audiencia con los fieles, inform\u00f3 este viernes la prefectura de la Casa Pontificia.<\/p>\n\n\n\n<p>Dicha misa, en la que recibe el anillo del pescador y el palio, s\u00edmbolos del poder pontificio, tendr\u00e1 lugar a las 10.00 hora local (8.00 GMT) en la plaza de San Pedro del Vaticano y se espera que lleguen delegaciones y jefes de Estado de todo el mundo.<\/p>\n\n\n\n<p>El 21 de mayo, Le\u00f3n XIV presidir\u00e1 su primera audiencia general con los fieles, mientras que el 24 de mayo recibir\u00e1 en audiencia a los miembros de la Curia Romana y a los empleados del Estado de la Ciudad del Vaticano.<\/p>\n","protected":false},"excerpt":{"rendered":"<p>Miami (EE.UU.) (EFE).- Louis Prevost, hermano de Le\u00f3n XIV residente en Florida, afirm\u00f3 exultante que \u00abenloqueci\u00f3\u00bb de alegr\u00eda sin poder controlar su emoci\u00f3n al conocer la elecci\u00f3n del&nbsp;nuevo pont\u00edfice&nbsp;y desvel\u00f3&hellip;<\/p>\n","protected":false},"author":2,"featured_media":9150,"comment_status":"closed","ping_status":"closed","sticky":false,"template":"","format":"standard","meta":{"footnotes":""},"categories":[4,10],"tags":[240,238,236,228,237,241],"class_list":["post-9149","post","type-post","status-publish","format-standard","has-post-thumbnail","hentry","category-destacados","category-internacionales","tag-fieles","tag-leon-xiv","tag-misa","tag-papa","tag-pontificado","tag-vaticano"],"rttpg_featured_image_url":{"full":["http:\/\/magazineweb.com.ar\/wp-content\/uploads\/2025\/05\/Leon-XIV.jpg",300,168,false],"landscape":["http:\/\/magazineweb.com.ar\/wp-content\/uploads\/2025\/05\/Leon-XIV.jpg",300,168,false],"portraits":["http:\/\/magazineweb.com.ar\/wp-content\/uploads\/2025\/05\/Leon-XIV.jpg",300,168,false],"thumbnail":["http:\/\/magazineweb.com.ar\/wp-content\/uploads\/2025\/05\/Leon-XIV-150x150.jpg",150,150,true],"medium":["http:\/\/magazineweb.com.ar\/wp-content\/uploads\/2025\/05\/Leon-XIV.jpg",300,168,false],"large":["http:\/\/magazineweb.com.ar\/wp-content\/uploads\/2025\/05\/Leon-XIV.jpg",300,168,false],"1536x1536":["http:\/\/magazineweb.com.ar\/wp-content\/uploads\/2025\/05\/Leon-XIV.jpg",300,168,false],"2048x2048":["http:\/\/magazineweb.com.ar\/wp-content\/uploads\/2025\/05\/Leon-XIV.jpg",300,168,false],"ultp_layout_landscape_large":["http:\/\/magazineweb.com.ar\/wp-content\/uploads\/2025\/05\/Leon-XIV.jpg",300,168,false],"ultp_layout_landscape":["http:\/\/magazineweb.com.ar\/wp-content\/uploads\/2025\/05\/Leon-XIV.jpg",300,168,false],"ultp_layout_portrait":["http:\/\/magazineweb.com.ar\/wp-content\/uploads\/2025\/05\/Leon-XIV.jpg",300,168,false],"ultp_layout_square":["http:\/\/magazineweb.com.ar\/wp-content\/uploads\/2025\/05\/Leon-XIV.jpg",300,168,false]},"rttpg_author":{"display_name":"Roxana Reinoso","author_link":"http:\/\/magazineweb.com.ar\/?author=2"},"rttpg_comment":0,"rttpg_category":"<a href=\"http:\/\/magazineweb.com.ar\/?cat=4\" rel=\"category\">Destacados<\/a> <a href=\"http:\/\/magazineweb.com.ar\/?cat=10\" rel=\"category\">Internacionales<\/a>","rttpg_excerpt":"Miami (EE.UU.) (EFE).- Louis Prevost, hermano de Le\u00f3n XIV residente en Florida, afirm\u00f3 exultante que \u00abenloqueci\u00f3\u00bb de alegr\u00eda sin poder controlar su emoci\u00f3n al conocer la elecci\u00f3n del&nbsp;nuevo pont\u00edfice&nbsp;y desvel\u00f3&hellip;","_links":{"self":[{"href":"http:\/\/magazineweb.com.ar\/index.php?rest_route=\/wp\/v2\/posts\/9149","targetHints":{"allow":["GET"]}}],"collection":[{"href":"http:\/\/magazineweb.com.ar\/index.php?rest_route=\/wp\/v2\/posts"}],"about":[{"href":"http:\/\/magazineweb.com.ar\/index.php?rest_route=\/wp\/v2\/types\/post"}],"author":[{"embeddable":true,"href":"http:\/\/magazineweb.com.ar\/index.php?rest_route=\/wp\/v2\/users\/2"}],"replies":[{"embeddable":true,"href":"http:\/\/magazineweb.com.ar\/index.php?rest_route=%2Fwp%2Fv2%2Fcomments&post=9149"}],"version-history":[{"count":1,"href":"http:\/\/magazineweb.com.ar\/index.php?rest_route=\/wp\/v2\/posts\/9149\/revisions"}],"predecessor-version":[{"id":9151,"href":"http:\/\/magazineweb.com.ar\/index.php?rest_route=\/wp\/v2\/posts\/9149\/revisions\/9151"}],"wp:featuredmedia":[{"embeddable":true,"href":"http:\/\/magazineweb.com.ar\/index.php?rest_route=\/wp\/v2\/media\/9150"}],"wp:attachment":[{"href":"http:\/\/magazineweb.com.ar\/index.php?rest_route=%2Fwp%2Fv2%2Fmedia&parent=9149"}],"wp:term":[{"taxonomy":"category","embeddable":true,"href":"http:\/\/magazineweb.com.ar\/index.php?rest_route=%2Fwp%2Fv2%2Fcategories&post=9149"},{"taxonomy":"post_tag","embeddable":true,"href":"http:\/\/magazineweb.com.ar\/index.php?rest_route=%2Fwp%2Fv2%2Ftags&post=9149"}],"curies":[{"name":"wp","href":"https:\/\/api.w.org\/{rel}","templated":true}]}}