{"id":9226,"date":"2025-05-26T01:07:00","date_gmt":"2025-05-26T04:07:00","guid":{"rendered":"https:\/\/magazineweb.com.ar\/?p=9226"},"modified":"2025-05-26T10:49:37","modified_gmt":"2025-05-26T13:49:37","slug":"garcia-cuerva-pidio-por-los-jubilados-y-critico-al-terrorismo-de-las-redes-ante-la-presencia-de-milei","status":"publish","type":"post","link":"http:\/\/magazineweb.com.ar\/?p=9226","title":{"rendered":"Garc\u00eda Cuerva pidi\u00f3 por los jubilados y critic\u00f3 al \u00abterrorismo de las redes\u00bb ante la presencia de Milei"},"content":{"rendered":"\n<p>El arzobispo de Buenos Aires, Jorge Ignacio Garc\u00eda Cuerva pronunci\u00f3 una dura oraci\u00f3n en el marco del Te Deum por el 25 de mayo que se celebr\u00f3 en la Catedral Metropolitana de la Ciudad de Buenos Aires, en la que reclam\u00f3 por la situaci\u00f3n que atraviesan los jubilados y critic\u00f3 \u00abel terrorismo de las redes sociales\u00bb y a las fakenews.<\/p>\n\n\n\n<p>Ante la presencia del presidente Javier Milei, integrantes del Gabinete, legisladores y autoridades del gobierno porte\u00f1o, Garc\u00eda Cuerva sentenci\u00f3: \u00abVenimos a pedirle a Dios que nuestra Argentina se cure y viva. Experimentamos que se est\u00e1 muriendo la fraternidad, la tolerancia, el respeto y si se mueren esos valores<br>se muere el futuro\u00bb.<\/p>\n\n\n\n<p>La homil\u00eda incluy\u00f3 pasajes en los que la Iglesia hizo eco del agotamiento que vive la sociedad con la representaci\u00f3n pol\u00edtica que se tradujo en la baja concurrencia durante los comicios del 18 de mayo. \u00abA\u00f1os de promesas incumplidas, a\u00f1os electorales que nos hicieron perder las ganas de participar, nos hicieron perder el<br>entusiasmo de involucrarnos, de incumplir con el deber ciudadano de ir a votar porque pensamos que otra vez lo mismo, nada va a cambiar, sentimientos e ideas que afloran cuando se experimenta que nos mintieron muchas veces\u00bb, grafic\u00f3 el arzobispo.<\/p>\n\n\n\n<p>\u00abNuestro pa\u00eds tambi\u00e9n sangra. Tantos hermanos que sufren la marginalidad y la exclusi\u00f3n, tantos adolescentes y j\u00f3venes victimas del narcotr\u00e1fico que, en algunos barrios, es un Estado paralelo\u00bb, cuestion\u00f3, y sum\u00f3: \u00abTantas personas en situaci\u00f3n de calle, familias que sufrieron las inundaciones, las personas con discapacidad. Tantas madres que ya no saben qu\u00e9 hacer o c\u00f3mo evitar que sus hijos caigan en la droga o en las garras del juego\u00bb.<\/p>\n\n\n\n<p>Asimismo, tambi\u00e9n dio lugar a los reclamos semanales que protagonizan los jubilados todos los mi\u00e9rcoles frente al Congreso de la Naci\u00f3n: \u00abY los jubilados que merecen una vida digna, con acceso a los remedios y a la alimentaci\u00f3n, herida que sigue abierta y sangra hace a\u00f1os, pero que como sociedad tenemos que curarla pronto\u00bb.<\/p>\n\n\n\n<p>\u00abMuchos pueden ser los responsables de esta triste situaci\u00f3n, pero la oportunidad que tenemos para resolverla es hoy\u00bb, pidi\u00f3 de cara a los funcionarios, y complet\u00f3: \u00ab\u00bfCu\u00e1ntas generaciones m\u00e1s y hasta cu\u00e1ndo deber\u00e1n reclamar por jubilaciones dignas? La Argentina sangra en la inequidad entre los que se laburan todos y los que han vivido de privilegios que los alejaron de la calle, de los medios de transporte, de saber cu\u00e1nto valen las cosas en un supermercado\u00bb.<\/p>\n\n\n\n<p>Durante la oraci\u00f3n, Garc\u00eda Cuerva cuestion\u00f3 adem\u00e1s a \u00ablos agoreros de malas noticias\u00bb y a lo que defini\u00f3 como \u00abel terrorismo de las redes sociales\u00bb. \u00abA pesar de que hoy nos dicen que Argentina no est\u00e1 muerta, hay quienes se burlan de Jes\u00fas. Son los haters de aquella \u00e9poca, los que difaman, desprecian o critican destructivamente a una entidad, a una persona o a una obra. Los que odian y justifican su desprecio, el terrorismo de las redes<br>como dec\u00eda el Papa Francisco. Hemos pasado todos los l\u00edmites, la descalificaci\u00f3n, la agresi\u00f3n constante, la difamaci\u00f3n parecen moneda corriente\u00bb, sentenci\u00f3.<\/p>\n\n\n\n<p>\u00abEl Santo Padre Le\u00f3n XIV dec\u00eda a los representantes de los medios de comunicaci\u00f3n que la paz comienza por cada uno de nosotros, por el modo en el que miramos y escuchamos a los dem\u00e1s, y el modo en el que comunicamos tiene una importancia fundamental. Debemos decir no a la guerra de las palabras y las im\u00e1genes\u00bb,<br>reclam\u00f3.<\/p>\n\n\n\n<p>Por su parte, postul\u00f3: \u00abTenemos necesidad de di\u00e1logo, de forjar la cultura del encuentro y frenar el odio. D\u00e9monos otro oportunidad, no podemos construir una naci\u00f3n desde la guerra entre nosotros, todo acto de violencia es condenable y quiebra el tejido social\u00bb.<\/p>\n\n\n\n<p>Las palabras de Garc\u00eda Cuerva llegaron minutos despu\u00e9s de que el mandatario ingresara a la Catedral Metropolitana de Buenos Aires para la ceremonia y evitara saludar al jefe de Gobierno porte\u00f1o, Jorge Macri, y a la vicepresidenta Victoria Villarruel, con quienes mantiene una g\u00e9lida relaci\u00f3n.<\/p>\n\n\n\n<p>En otro pasaje de la oraci\u00f3n, el arzobispo marc\u00f3 que lo que le falta a pueblo argentino es \u00abtirar para adelante\u00bb m\u00e1s all\u00e1 de las diferencias existentes. \u00abEl que tengo al lado es un hermano, no un enemigo o un ser despreciable a vencer\u00bb, sostuvo en una clara referencia a la terminolog\u00eda con la que el mandatario suele descalificar a su adversarios pol\u00edticos.<\/p>\n\n\n\n<p>\u00abManos a la obra, pero unidos como pueblo, m\u00e1s all\u00e1 de las diferencias. Argentina, ponete de pie, vos podes, basta de arrastrarnos en el barro de las calificaciones y la violencia\u00bb, reclam\u00f3 el eclesi\u00e1stico, y agreg\u00f3: \u00abBasta de vivir paralizados en el odio y el pasado, de estar con la esperanza por el suelo. Es hora de ponerse de pie, unidos, no a los empujones en un s\u00e1lvense qui\u00e9n pueda, o a costa de los dem\u00e1s, dejando muchos al costado de la vida\u00bb.<\/p>\n\n\n\n<p>Adem\u00e1s, de frente al libertario, ubicado en soledad, asever\u00f3: \u00abEs con todos, mir\u00e1ndonos a la cara porque nuestras decisiones y pol\u00edticas p\u00fablicas tienen que tener rostros concretos, historias reales que nos tienen que conmover\u00bb.<\/p>\n\n\n\n<p>La cr\u00edtica a la realidad social, marcada por el \u00edndice de pobreza que se ubic\u00f3 en el 38,1% durante el segundo semestre de 2024, tambi\u00e9n form\u00f3 parte de la oraci\u00f3n que pronunci\u00f3 el arzobispo. \u00abMuchos hermanos tienen hambre de pan, incluso revolviendo basura, buscando qu\u00e9 comer, pero todos tenemos hambre de sentido de vida, hambre de Dios, porque nos hemos acostumbrado a comer el pan duro de la desinformaci\u00f3n, el pan viejo de la indiferencia e insensibilidad\u00bb, postul\u00f3.<\/p>\n\n\n\n<p>\u00abEl recordado y querido Papa Francisco dec\u00eda que el di\u00e1logo y todo lo que este implica nos recuerda que nadie puede limitarse a ser un espectador y un mero observador, todos tienen un papel activo en la construcci\u00f3n de una sociedad integrada y reconciliada\u00bb, record\u00f3 a poco m\u00e1s de un mes del fallecimiento del Santo Papa argentino.<\/p>\n\n\n\n<p>Por \u00faltimo, Garc\u00eda Cuerva plante\u00f3 que \u00abla situaci\u00f3n actual\u00bb del pa\u00eds \u00abno permite meros observadores de las luchas ajenas\u00bb, por lo que elev\u00f3 un llamado a la responsabilidad personal y social. \u00abComo aquella ni\u00f1a curada por Jes\u00fas comencemos y compromet\u00e1monos a caminar juntos, dialogando, hermanados, con esperanza. Las nuevas<br>generaciones se merecen que le dejemos un pa\u00eds, curado, reconciliado, con horizonte, no los defraudemos\u00bb, concluy\u00f3.<\/p>\n\n\n\n<p>Al t\u00e9rmino de la liturgia de acci\u00f3n de gracias, descendi\u00f3 del altar para saludar al libertario y a las autoridades presentes, no sin antes advertir que algunas frases de su oraci\u00f3n podr\u00eda ser tomadas \u201cde manera aislada para querer alimentar la fragmentaci\u00f3n\u201d.<\/p>\n","protected":false},"excerpt":{"rendered":"<p>El arzobispo de Buenos Aires, Jorge Ignacio Garc\u00eda Cuerva pronunci\u00f3 una dura oraci\u00f3n en el marco del Te Deum por el 25 de mayo que se celebr\u00f3 en la Catedral&hellip;<\/p>\n","protected":false},"author":3,"featured_media":9227,"comment_status":"closed","ping_status":"closed","sticky":false,"template":"","format":"standard","meta":{"footnotes":""},"categories":[9,17,13],"tags":[],"class_list":["post-9226","post","type-post","status-publish","format-standard","has-post-thumbnail","hentry","category-informacion-general","category-nacional","category-politica"],"rttpg_featured_image_url":{"full":["http:\/\/magazineweb.com.ar\/wp-content\/uploads\/2025\/05\/720-12.webp",1081,720,false],"landscape":["http:\/\/magazineweb.com.ar\/wp-content\/uploads\/2025\/05\/720-12.webp",1081,720,false],"portraits":["http:\/\/magazineweb.com.ar\/wp-content\/uploads\/2025\/05\/720-12.webp",1081,720,false],"thumbnail":["http:\/\/magazineweb.com.ar\/wp-content\/uploads\/2025\/05\/720-12-150x150.webp",150,150,true],"medium":["http:\/\/magazineweb.com.ar\/wp-content\/uploads\/2025\/05\/720-12-300x200.webp",300,200,true],"large":["http:\/\/magazineweb.com.ar\/wp-content\/uploads\/2025\/05\/720-12-1024x682.webp",1024,682,true],"1536x1536":["http:\/\/magazineweb.com.ar\/wp-content\/uploads\/2025\/05\/720-12.webp",1081,720,false],"2048x2048":["http:\/\/magazineweb.com.ar\/wp-content\/uploads\/2025\/05\/720-12.webp",1081,720,false],"ultp_layout_landscape_large":["http:\/\/magazineweb.com.ar\/wp-content\/uploads\/2025\/05\/720-12.webp",1081,720,false],"ultp_layout_landscape":["http:\/\/magazineweb.com.ar\/wp-content\/uploads\/2025\/05\/720-12-870x570.webp",870,570,true],"ultp_layout_portrait":["http:\/\/magazineweb.com.ar\/wp-content\/uploads\/2025\/05\/720-12-600x720.webp",600,720,true],"ultp_layout_square":["http:\/\/magazineweb.com.ar\/wp-content\/uploads\/2025\/05\/720-12-600x600.webp",600,600,true]},"rttpg_author":{"display_name":"Redacci\u00f3n Magazine Web","author_link":"http:\/\/magazineweb.com.ar\/?author=3"},"rttpg_comment":0,"rttpg_category":"<a href=\"http:\/\/magazineweb.com.ar\/?cat=9\" rel=\"category\">Informaci\u00f3n General<\/a> <a href=\"http:\/\/magazineweb.com.ar\/?cat=17\" rel=\"category\">Nacional<\/a> <a href=\"http:\/\/magazineweb.com.ar\/?cat=13\" rel=\"category\">Pol\u00edtica<\/a>","rttpg_excerpt":"El arzobispo de Buenos Aires, Jorge Ignacio Garc\u00eda Cuerva pronunci\u00f3 una dura oraci\u00f3n en el marco del Te Deum por el 25 de mayo que se celebr\u00f3 en la Catedral&hellip;","_links":{"self":[{"href":"http:\/\/magazineweb.com.ar\/index.php?rest_route=\/wp\/v2\/posts\/9226","targetHints":{"allow":["GET"]}}],"collection":[{"href":"http:\/\/magazineweb.com.ar\/index.php?rest_route=\/wp\/v2\/posts"}],"about":[{"href":"http:\/\/magazineweb.com.ar\/index.php?rest_route=\/wp\/v2\/types\/post"}],"author":[{"embeddable":true,"href":"http:\/\/magazineweb.com.ar\/index.php?rest_route=\/wp\/v2\/users\/3"}],"replies":[{"embeddable":true,"href":"http:\/\/magazineweb.com.ar\/index.php?rest_route=%2Fwp%2Fv2%2Fcomments&post=9226"}],"version-history":[{"count":1,"href":"http:\/\/magazineweb.com.ar\/index.php?rest_route=\/wp\/v2\/posts\/9226\/revisions"}],"predecessor-version":[{"id":9228,"href":"http:\/\/magazineweb.com.ar\/index.php?rest_route=\/wp\/v2\/posts\/9226\/revisions\/9228"}],"wp:featuredmedia":[{"embeddable":true,"href":"http:\/\/magazineweb.com.ar\/index.php?rest_route=\/wp\/v2\/media\/9227"}],"wp:attachment":[{"href":"http:\/\/magazineweb.com.ar\/index.php?rest_route=%2Fwp%2Fv2%2Fmedia&parent=9226"}],"wp:term":[{"taxonomy":"category","embeddable":true,"href":"http:\/\/magazineweb.com.ar\/index.php?rest_route=%2Fwp%2Fv2%2Fcategories&post=9226"},{"taxonomy":"post_tag","embeddable":true,"href":"http:\/\/magazineweb.com.ar\/index.php?rest_route=%2Fwp%2Fv2%2Ftags&post=9226"}],"curies":[{"name":"wp","href":"https:\/\/api.w.org\/{rel}","templated":true}]}}