{"id":9245,"date":"2025-06-03T17:47:35","date_gmt":"2025-06-03T20:47:35","guid":{"rendered":"https:\/\/magazineweb.com.ar\/?p=9245"},"modified":"2025-06-03T17:48:08","modified_gmt":"2025-06-03T20:48:08","slug":"2-de-junio-dia-nacional-del-bombero-voluntario","status":"publish","type":"post","link":"http:\/\/magazineweb.com.ar\/?p=9245","title":{"rendered":"2 de junio: D\u00eda Nacional del Bombero Voluntario"},"content":{"rendered":"\n<p>Este 2 de junio se celebra en todo el pa\u00eds el D\u00eda Nacional del Bombero Voluntario en honor a la fundaci\u00f3n del primer cuerpo de bomberos voluntarios de La Boca.\u00a0<\/p>\n\n\n\n<p>La historia comenz\u00f3 el 2 de Junio de 1884 cuando a ra\u00edz de un voraz incendio en La Boca, un vecino llamado Tom\u00e1s Liberti y su hijo organizaron, junto a un grupo de personas del barrio, una cadena humana para apagar las llamas que amenazaban propagarse r\u00e1pidamente en las construcciones aleda\u00f1as. As\u00ed fue como este suceso dio nacimiento a la creaci\u00f3n del primer Cuerpo de Bomberos Voluntarios que hoy cumple 132 a\u00f1os de vida.&nbsp;<\/p>\n\n\n\n<p>De esta manera, el 2 de junio es el d\u00eda para honrar a estos hombres y mujeres que, con gran responsabilidad y vocaci\u00f3n, cumplen un importante rol social en la prevenci\u00f3n y cuidado de sus comunidades. En la actualidad, Argentina cuenta con m\u00e1s de 43.000 bomberos voluntarios, de los cuales 7000 son mujeres, distribuidos en m\u00e1s de&nbsp;900 cuerpos en todo el pa\u00eds.&nbsp;<\/p>\n\n\n\n<p>\u00abEl bombero es una persona muy comprometida con su comunidad y tremendamente responsable porque el voluntariado de bomberos requiere de mucho profesionalismo. Ser bombero implica un voluntariado de 24 horas por 7 d\u00edas, los 365 d\u00edas del a\u00f1o\u201d, expres\u00f3 Javier Ferlise, Presidente de Fundaci\u00f3n Bomberos de Argentina.<\/p>\n","protected":false},"excerpt":{"rendered":"<p>Este 2 de junio se celebra en todo el pa\u00eds el D\u00eda Nacional del Bombero Voluntario en honor a la fundaci\u00f3n del primer cuerpo de bomberos voluntarios de La Boca.\u00a0&hellip;<\/p>\n","protected":false},"author":2,"featured_media":9246,"comment_status":"closed","ping_status":"closed","sticky":false,"template":"","format":"standard","meta":{"footnotes":""},"categories":[4,8],"tags":[256,255,259,257,258],"class_list":["post-9245","post","type-post","status-publish","format-standard","has-post-thumbnail","hentry","category-destacados","category-hechos-historicos","tag-2-de-junio","tag-bombero","tag-compromiso","tag-efemerides","tag-solidaridad"],"rttpg_featured_image_url":{"full":["http:\/\/magazineweb.com.ar\/wp-content\/uploads\/2025\/06\/20250602_123916-scaled.jpg",2560,1244,false],"landscape":["http:\/\/magazineweb.com.ar\/wp-content\/uploads\/2025\/06\/20250602_123916-scaled.jpg",2560,1244,false],"portraits":["http:\/\/magazineweb.com.ar\/wp-content\/uploads\/2025\/06\/20250602_123916-scaled.jpg",2560,1244,false],"thumbnail":["http:\/\/magazineweb.com.ar\/wp-content\/uploads\/2025\/06\/20250602_123916-150x150.jpg",150,150,true],"medium":["http:\/\/magazineweb.com.ar\/wp-content\/uploads\/2025\/06\/20250602_123916-300x146.jpg",300,146,true],"large":["http:\/\/magazineweb.com.ar\/wp-content\/uploads\/2025\/06\/20250602_123916-1024x498.jpg",1024,498,true],"1536x1536":["http:\/\/magazineweb.com.ar\/wp-content\/uploads\/2025\/06\/20250602_123916-1536x747.jpg",1536,747,true],"2048x2048":["http:\/\/magazineweb.com.ar\/wp-content\/uploads\/2025\/06\/20250602_123916-2048x996.jpg",2048,996,true],"ultp_layout_landscape_large":["http:\/\/magazineweb.com.ar\/wp-content\/uploads\/2025\/06\/20250602_123916-1200x800.jpg",1200,800,true],"ultp_layout_landscape":["http:\/\/magazineweb.com.ar\/wp-content\/uploads\/2025\/06\/20250602_123916-870x570.jpg",870,570,true],"ultp_layout_portrait":["http:\/\/magazineweb.com.ar\/wp-content\/uploads\/2025\/06\/20250602_123916-600x900.jpg",600,900,true],"ultp_layout_square":["http:\/\/magazineweb.com.ar\/wp-content\/uploads\/2025\/06\/20250602_123916-600x600.jpg",600,600,true]},"rttpg_author":{"display_name":"Roxana Reinoso","author_link":"http:\/\/magazineweb.com.ar\/?author=2"},"rttpg_comment":0,"rttpg_category":"<a href=\"http:\/\/magazineweb.com.ar\/?cat=4\" rel=\"category\">Destacados<\/a> <a href=\"http:\/\/magazineweb.com.ar\/?cat=8\" rel=\"category\">Hechos Hist\u00f3ricos<\/a>","rttpg_excerpt":"Este 2 de junio se celebra en todo el pa\u00eds el D\u00eda Nacional del Bombero Voluntario en honor a la fundaci\u00f3n del primer cuerpo de bomberos voluntarios de La Boca.\u00a0&hellip;","_links":{"self":[{"href":"http:\/\/magazineweb.com.ar\/index.php?rest_route=\/wp\/v2\/posts\/9245","targetHints":{"allow":["GET"]}}],"collection":[{"href":"http:\/\/magazineweb.com.ar\/index.php?rest_route=\/wp\/v2\/posts"}],"about":[{"href":"http:\/\/magazineweb.com.ar\/index.php?rest_route=\/wp\/v2\/types\/post"}],"author":[{"embeddable":true,"href":"http:\/\/magazineweb.com.ar\/index.php?rest_route=\/wp\/v2\/users\/2"}],"replies":[{"embeddable":true,"href":"http:\/\/magazineweb.com.ar\/index.php?rest_route=%2Fwp%2Fv2%2Fcomments&post=9245"}],"version-history":[{"count":1,"href":"http:\/\/magazineweb.com.ar\/index.php?rest_route=\/wp\/v2\/posts\/9245\/revisions"}],"predecessor-version":[{"id":9247,"href":"http:\/\/magazineweb.com.ar\/index.php?rest_route=\/wp\/v2\/posts\/9245\/revisions\/9247"}],"wp:featuredmedia":[{"embeddable":true,"href":"http:\/\/magazineweb.com.ar\/index.php?rest_route=\/wp\/v2\/media\/9246"}],"wp:attachment":[{"href":"http:\/\/magazineweb.com.ar\/index.php?rest_route=%2Fwp%2Fv2%2Fmedia&parent=9245"}],"wp:term":[{"taxonomy":"category","embeddable":true,"href":"http:\/\/magazineweb.com.ar\/index.php?rest_route=%2Fwp%2Fv2%2Fcategories&post=9245"},{"taxonomy":"post_tag","embeddable":true,"href":"http:\/\/magazineweb.com.ar\/index.php?rest_route=%2Fwp%2Fv2%2Ftags&post=9245"}],"curies":[{"name":"wp","href":"https:\/\/api.w.org\/{rel}","templated":true}]}}