{"id":9255,"date":"2025-06-07T16:38:17","date_gmt":"2025-06-07T19:38:17","guid":{"rendered":"https:\/\/magazineweb.com.ar\/?p=9255"},"modified":"2025-06-07T16:38:18","modified_gmt":"2025-06-07T19:38:18","slug":"kicillof-no-hay-magia-ni-frases-marketineras-para-abordar-la-violencia-en-el-conurbano","status":"publish","type":"post","link":"http:\/\/magazineweb.com.ar\/?p=9255","title":{"rendered":"Kicillof: \u00abNo hay magia ni frases marketineras\u00bb para abordar la violencia en el conurbano"},"content":{"rendered":"\n<p>El gobernador bonaerense Axel Kicillof afirm\u00f3 que lamenta \u00abprofundamente\u00bb la muerte de Thiago Correa, el ni\u00f1o alcanzado por una bala perdida en La Matanza, y consider\u00f3 que \u00abno hay magia ni frases marketineras\u00bb para resolver el tema de la violencia en el conurbano.<\/p>\n\n\n\n<p>\u00abHay que trabajar con seriedad para llevar protecci\u00f3n, oportunidades e integraci\u00f3n a una sociedad cada vez m\u00e1s fracturada\u00bb, afirm\u00f3 Kicillof a trav\u00e9s de un posteo que hizo este viernes en la red social X.<\/p>\n\n\n\n<p>El mandatario bonaerense confi\u00f3 que lamenta \u00abprofundamente\u00bb la muerte del ni\u00f1o de siete a\u00f1os, y agreg\u00f3 que se trata de \u00abuna tragedia irreparable, que nos llena de dolor. No hay magia ni frases marketineras que resuelvan problemas tan complejos y profundos\u00bb.<\/p>\n\n\n\n<p>\u00abDesde la provincia de Buenos Aires seguimos haci\u00e9ndonos cargo de lo que nos toca: aumentar la inversi\u00f3n, la presencia del Estado y el compromiso cotidiano para que la gente pueda vivir en paz. sin miedo y sin violencia\u00bb, puntualiz\u00f3.<\/p>\n\n\n\n<p>Adem\u00e1s, anticip\u00f3 que \u00abFalta mucho, pero al mismo tiempo seguiremos implementando acciones y pol\u00edticas que protejan un tejido social profundamente golpeado\u00bb, agreg\u00f3.<\/p>\n","protected":false},"excerpt":{"rendered":"<p>El gobernador bonaerense Axel Kicillof afirm\u00f3 que lamenta \u00abprofundamente\u00bb la muerte de Thiago Correa, el ni\u00f1o alcanzado por una bala perdida en La Matanza, y consider\u00f3 que \u00abno hay magia&hellip;<\/p>\n","protected":false},"author":3,"featured_media":9256,"comment_status":"closed","ping_status":"closed","sticky":false,"template":"","format":"standard","meta":{"footnotes":""},"categories":[4,13,14],"tags":[],"class_list":["post-9255","post","type-post","status-publish","format-standard","has-post-thumbnail","hentry","category-destacados","category-politica","category-provincial"],"rttpg_featured_image_url":{"full":["http:\/\/magazineweb.com.ar\/wp-content\/uploads\/2025\/06\/720-14.webp",1258,720,false],"landscape":["http:\/\/magazineweb.com.ar\/wp-content\/uploads\/2025\/06\/720-14.webp",1258,720,false],"portraits":["http:\/\/magazineweb.com.ar\/wp-content\/uploads\/2025\/06\/720-14.webp",1258,720,false],"thumbnail":["http:\/\/magazineweb.com.ar\/wp-content\/uploads\/2025\/06\/720-14-150x150.webp",150,150,true],"medium":["http:\/\/magazineweb.com.ar\/wp-content\/uploads\/2025\/06\/720-14-300x172.webp",300,172,true],"large":["http:\/\/magazineweb.com.ar\/wp-content\/uploads\/2025\/06\/720-14-1024x586.webp",1024,586,true],"1536x1536":["http:\/\/magazineweb.com.ar\/wp-content\/uploads\/2025\/06\/720-14.webp",1258,720,false],"2048x2048":["http:\/\/magazineweb.com.ar\/wp-content\/uploads\/2025\/06\/720-14.webp",1258,720,false],"ultp_layout_landscape_large":["http:\/\/magazineweb.com.ar\/wp-content\/uploads\/2025\/06\/720-14-1200x720.webp",1200,720,true],"ultp_layout_landscape":["http:\/\/magazineweb.com.ar\/wp-content\/uploads\/2025\/06\/720-14-870x570.webp",870,570,true],"ultp_layout_portrait":["http:\/\/magazineweb.com.ar\/wp-content\/uploads\/2025\/06\/720-14-600x720.webp",600,720,true],"ultp_layout_square":["http:\/\/magazineweb.com.ar\/wp-content\/uploads\/2025\/06\/720-14-600x600.webp",600,600,true]},"rttpg_author":{"display_name":"Redacci\u00f3n Magazine Web","author_link":"http:\/\/magazineweb.com.ar\/?author=3"},"rttpg_comment":0,"rttpg_category":"<a href=\"http:\/\/magazineweb.com.ar\/?cat=4\" rel=\"category\">Destacados<\/a> <a href=\"http:\/\/magazineweb.com.ar\/?cat=13\" rel=\"category\">Pol\u00edtica<\/a> <a href=\"http:\/\/magazineweb.com.ar\/?cat=14\" rel=\"category\">Provincial<\/a>","rttpg_excerpt":"El gobernador bonaerense Axel Kicillof afirm\u00f3 que lamenta \u00abprofundamente\u00bb la muerte de Thiago Correa, el ni\u00f1o alcanzado por una bala perdida en La Matanza, y consider\u00f3 que \u00abno hay magia&hellip;","_links":{"self":[{"href":"http:\/\/magazineweb.com.ar\/index.php?rest_route=\/wp\/v2\/posts\/9255","targetHints":{"allow":["GET"]}}],"collection":[{"href":"http:\/\/magazineweb.com.ar\/index.php?rest_route=\/wp\/v2\/posts"}],"about":[{"href":"http:\/\/magazineweb.com.ar\/index.php?rest_route=\/wp\/v2\/types\/post"}],"author":[{"embeddable":true,"href":"http:\/\/magazineweb.com.ar\/index.php?rest_route=\/wp\/v2\/users\/3"}],"replies":[{"embeddable":true,"href":"http:\/\/magazineweb.com.ar\/index.php?rest_route=%2Fwp%2Fv2%2Fcomments&post=9255"}],"version-history":[{"count":1,"href":"http:\/\/magazineweb.com.ar\/index.php?rest_route=\/wp\/v2\/posts\/9255\/revisions"}],"predecessor-version":[{"id":9257,"href":"http:\/\/magazineweb.com.ar\/index.php?rest_route=\/wp\/v2\/posts\/9255\/revisions\/9257"}],"wp:featuredmedia":[{"embeddable":true,"href":"http:\/\/magazineweb.com.ar\/index.php?rest_route=\/wp\/v2\/media\/9256"}],"wp:attachment":[{"href":"http:\/\/magazineweb.com.ar\/index.php?rest_route=%2Fwp%2Fv2%2Fmedia&parent=9255"}],"wp:term":[{"taxonomy":"category","embeddable":true,"href":"http:\/\/magazineweb.com.ar\/index.php?rest_route=%2Fwp%2Fv2%2Fcategories&post=9255"},{"taxonomy":"post_tag","embeddable":true,"href":"http:\/\/magazineweb.com.ar\/index.php?rest_route=%2Fwp%2Fv2%2Ftags&post=9255"}],"curies":[{"name":"wp","href":"https:\/\/api.w.org\/{rel}","templated":true}]}}