{"id":9264,"date":"2025-06-13T01:06:00","date_gmt":"2025-06-13T04:06:00","guid":{"rendered":"https:\/\/magazineweb.com.ar\/?p=9264"},"modified":"2025-06-07T21:09:03","modified_gmt":"2025-06-08T00:09:03","slug":"varela-servicios-gratuitos-descentralizados-en-la-muni-cerca-tuyo","status":"publish","type":"post","link":"http:\/\/magazineweb.com.ar\/?p=9264","title":{"rendered":"Varela: Servicios gratuitos descentralizados en \u00abLa Muni Cerca Tuyo\u00bb"},"content":{"rendered":"\n<p>El operativo comunal, multidisciplinario y sin costo para la comunidad desplegar\u00e1 sus prestaciones durante una nueva edici\u00f3n este viernes 13 de junio de 10 a 14 hs. en la plaza situada en calle Fleming, entre San Nicol\u00e1s y Primera Junta, General San Mart\u00edn.<\/p>\n\n\n\n<p>\u00abAcercamos a los distintos barrios del distrito servicios esenciales vinculados a diferentes especialidades, mediante la presencia del Estado local impulsada por el intendente Andr\u00e9s Watson y con el respaldo permanente del gobernador Axel Kicillof\u00bb, se\u00f1ala el subsecretario de Gobierno, Mat\u00edas Schneeberger.<\/p>\n\n\n\n<p>La iniciativa contar\u00e1 con stands de Ventanilla \u00danica, documentaci\u00f3n, empleo, g\u00e9nero, discapacidad, juventud, vacunaci\u00f3n tanto de Calendario como anti Covid-19, llenado de libretas, talleres de RCP y primeros auxilios, inoculaci\u00f3n antirr\u00e1bica, desparasitaci\u00f3n de animales de compa\u00f1\u00eda, entre otros.<\/p>\n\n\n\n<p>En una ocasi\u00f3n anterior, Ludmila aprovecha el sector de huerta. \u201cMe llevo plantines de lechuga y cebolla para sembrar en casa\u201d, relata. La vecina reconoce \u201cla accesibilidad de los tr\u00e1mites para las personas que no tienen posibilidad de realizarlos de otra manera\u201d.<\/p>\n","protected":false},"excerpt":{"rendered":"<p>El operativo comunal, multidisciplinario y sin costo para la comunidad desplegar\u00e1 sus prestaciones durante una nueva edici\u00f3n este viernes 13 de junio de 10 a 14 hs. en la plaza&hellip;<\/p>\n","protected":false},"author":3,"featured_media":9265,"comment_status":"closed","ping_status":"closed","sticky":false,"template":"","format":"standard","meta":{"footnotes":""},"categories":[9],"tags":[],"class_list":["post-9264","post","type-post","status-publish","format-standard","has-post-thumbnail","hentry","category-informacion-general"],"rttpg_featured_image_url":{"full":["http:\/\/magazineweb.com.ar\/wp-content\/uploads\/2025\/06\/muni-cerca-tuyo.jpeg",1280,1600,false],"landscape":["http:\/\/magazineweb.com.ar\/wp-content\/uploads\/2025\/06\/muni-cerca-tuyo.jpeg",1280,1600,false],"portraits":["http:\/\/magazineweb.com.ar\/wp-content\/uploads\/2025\/06\/muni-cerca-tuyo.jpeg",1280,1600,false],"thumbnail":["http:\/\/magazineweb.com.ar\/wp-content\/uploads\/2025\/06\/muni-cerca-tuyo-150x150.jpeg",150,150,true],"medium":["http:\/\/magazineweb.com.ar\/wp-content\/uploads\/2025\/06\/muni-cerca-tuyo-240x300.jpeg",240,300,true],"large":["http:\/\/magazineweb.com.ar\/wp-content\/uploads\/2025\/06\/muni-cerca-tuyo-819x1024.jpeg",819,1024,true],"1536x1536":["http:\/\/magazineweb.com.ar\/wp-content\/uploads\/2025\/06\/muni-cerca-tuyo-1229x1536.jpeg",1229,1536,true],"2048x2048":["http:\/\/magazineweb.com.ar\/wp-content\/uploads\/2025\/06\/muni-cerca-tuyo.jpeg",1280,1600,false],"ultp_layout_landscape_large":["http:\/\/magazineweb.com.ar\/wp-content\/uploads\/2025\/06\/muni-cerca-tuyo-1200x800.jpeg",1200,800,true],"ultp_layout_landscape":["http:\/\/magazineweb.com.ar\/wp-content\/uploads\/2025\/06\/muni-cerca-tuyo-870x570.jpeg",870,570,true],"ultp_layout_portrait":["http:\/\/magazineweb.com.ar\/wp-content\/uploads\/2025\/06\/muni-cerca-tuyo-600x900.jpeg",600,900,true],"ultp_layout_square":["http:\/\/magazineweb.com.ar\/wp-content\/uploads\/2025\/06\/muni-cerca-tuyo-600x600.jpeg",600,600,true]},"rttpg_author":{"display_name":"Redacci\u00f3n Magazine Web","author_link":"http:\/\/magazineweb.com.ar\/?author=3"},"rttpg_comment":0,"rttpg_category":"<a href=\"http:\/\/magazineweb.com.ar\/?cat=9\" rel=\"category\">Informaci\u00f3n General<\/a>","rttpg_excerpt":"El operativo comunal, multidisciplinario y sin costo para la comunidad desplegar\u00e1 sus prestaciones durante una nueva edici\u00f3n este viernes 13 de junio de 10 a 14 hs. en la plaza&hellip;","_links":{"self":[{"href":"http:\/\/magazineweb.com.ar\/index.php?rest_route=\/wp\/v2\/posts\/9264","targetHints":{"allow":["GET"]}}],"collection":[{"href":"http:\/\/magazineweb.com.ar\/index.php?rest_route=\/wp\/v2\/posts"}],"about":[{"href":"http:\/\/magazineweb.com.ar\/index.php?rest_route=\/wp\/v2\/types\/post"}],"author":[{"embeddable":true,"href":"http:\/\/magazineweb.com.ar\/index.php?rest_route=\/wp\/v2\/users\/3"}],"replies":[{"embeddable":true,"href":"http:\/\/magazineweb.com.ar\/index.php?rest_route=%2Fwp%2Fv2%2Fcomments&post=9264"}],"version-history":[{"count":1,"href":"http:\/\/magazineweb.com.ar\/index.php?rest_route=\/wp\/v2\/posts\/9264\/revisions"}],"predecessor-version":[{"id":9269,"href":"http:\/\/magazineweb.com.ar\/index.php?rest_route=\/wp\/v2\/posts\/9264\/revisions\/9269"}],"wp:featuredmedia":[{"embeddable":true,"href":"http:\/\/magazineweb.com.ar\/index.php?rest_route=\/wp\/v2\/media\/9265"}],"wp:attachment":[{"href":"http:\/\/magazineweb.com.ar\/index.php?rest_route=%2Fwp%2Fv2%2Fmedia&parent=9264"}],"wp:term":[{"taxonomy":"category","embeddable":true,"href":"http:\/\/magazineweb.com.ar\/index.php?rest_route=%2Fwp%2Fv2%2Fcategories&post=9264"},{"taxonomy":"post_tag","embeddable":true,"href":"http:\/\/magazineweb.com.ar\/index.php?rest_route=%2Fwp%2Fv2%2Ftags&post=9264"}],"curies":[{"name":"wp","href":"https:\/\/api.w.org\/{rel}","templated":true}]}}