{"id":9552,"date":"2025-08-18T18:03:00","date_gmt":"2025-08-18T21:03:00","guid":{"rendered":"https:\/\/magazineweb.com.ar\/?p=9552"},"modified":"2025-08-24T21:04:46","modified_gmt":"2025-08-25T00:04:46","slug":"nuevos-aires-presento-su-lista-a-diputados","status":"publish","type":"post","link":"http:\/\/magazineweb.com.ar\/?p=9552","title":{"rendered":"Nuevos Aires present\u00f3 su lista a Diputados"},"content":{"rendered":"\n<div class=\"wp-block-columns is-layout-flex wp-container-core-columns-is-layout-9d6595d7 wp-block-columns-is-layout-flex\">\n<div class=\"wp-block-column is-layout-flow wp-block-column-is-layout-flow\" style=\"flex-basis:100%\">\n<h2 class=\"wp-block-heading has-black-color has-vivid-green-cyan-background-color has-text-color has-background has-link-color wp-elements-7c78dc96afd93f68e9079aabfff10c12\">Una Nueva Generaci\u00f3n de l\u00edderes Sub35 con representaci\u00f3n del interior bonaerense<\/h2>\n<\/div>\n<\/div>\n\n\n\n<p>Con el lema \u201cLa Potencia del Interior\u201d, el espacio pol\u00edtico Nuevos Aires present\u00f3 oficialmente su lista de candidatos a Diputados por la Provincia de Buenos Aires, encabezada por una nueva generaci\u00f3n de dirigentes Sub35 que busca transformar la pol\u00edtica con ideas frescas, visi\u00f3n federal y compromiso con el futuro.<\/p>\n\n\n\n<p>La lista est\u00e1 liderada por Sixto Cristiani y Catalina Achilli, ambos, parte del Programa de Nueva Generaci\u00f3n de L\u00edderes impulsado por Potencia Argentina. Los acompa\u00f1an Leandro Nievas, Milagros Alfonso y Cristian Ruiz, conformando los primeros cinco lugares de la n\u00f3mina con un claro perfil joven, diverso y preparado para llevar al Congreso una agenda de innovaci\u00f3n y desarrollo.<\/p>\n\n\n\n<p>A diferencia de los partidos tradicionales, que repiten los mismos nombres elecci\u00f3n tras elecci\u00f3n, Nuevos Aires decidi\u00f3 apostar fuerte al recambio pol\u00edtico y a la representaci\u00f3n del interior bonaerense. La mayor\u00eda de los integrantes de la lista provienen de ciudades como Carmen de Areco, Bah\u00eda Blanca, Tandil y Tres Arroyos, mostrando un claro compromiso con las regiones productivas que sostienen la econom\u00eda de la provincia.<\/p>\n\n\n\n<p>\u00abNuestra lista expresa lo que venimos planteando: una verdadera revoluci\u00f3n en el sistema pol\u00edtico argentino. Son los j\u00f3venes y las ciudades del interior los que tienen que ocupar el centro de la escena, porque all\u00ed est\u00e1 el futuro de la Provincia de Buenos Aires\u00bb, destacaron desde la conducci\u00f3n de Nuevos Aires.<\/p>\n\n\n\n<p>Este lanzamiento se suma a las acciones disruptivas que ya marcaron la campa\u00f1a del espacio, como la presentaci\u00f3n de su plataforma de gobierno en NuevosAires.com, que propone una regionalizaci\u00f3n productiva de la provincia, y el reciente show de drones que sorprendi\u00f3 a la Ciudad de Buenos Aires. Ahora, adem\u00e1s, esa misma plataforma puede escucharse en Spotify, a trav\u00e9s del podcast oficial de Nuevos Aires, donde distintos pr\u00f3ceres argentinos \u201creviven\u201d para contar la propuesta en primera persona.<\/p>\n\n\n\n<p>Con esta primera jugada &#8211; una lista Sub35 en sus cinco primeros lugares, con fuerte anclaje en el interior productivo- Nuevos Aires promete irrumpir en la campa\u00f1a electoral con ideas nuevas y acciones innovadoras que reflejen el recambio generacional que la pol\u00edtica argentina necesita.<\/p>\n","protected":false},"excerpt":{"rendered":"<p>Una Nueva Generaci\u00f3n de l\u00edderes Sub35 con representaci\u00f3n del interior bonaerense Con el lema \u201cLa Potencia del Interior\u201d, el espacio pol\u00edtico Nuevos Aires present\u00f3 oficialmente su lista de candidatos a&hellip;<\/p>\n","protected":false},"author":2,"featured_media":9554,"comment_status":"closed","ping_status":"closed","sticky":false,"template":"","format":"standard","meta":{"footnotes":""},"categories":[13,14],"tags":[149,339,343,340,338,344,342,341],"class_list":["post-9552","post","type-post","status-publish","format-standard","has-post-thumbnail","hentry","category-politica","category-provincial","tag-bonaerense","tag-generacion","tag-interior","tag-lideres","tag-nuevos-aires","tag-potencia","tag-representacion","tag-sub35"],"rttpg_featured_image_url":{"full":["http:\/\/magazineweb.com.ar\/wp-content\/uploads\/2025\/08\/Nuevos-Aires-2025.jpg",1316,697,false],"landscape":["http:\/\/magazineweb.com.ar\/wp-content\/uploads\/2025\/08\/Nuevos-Aires-2025.jpg",1316,697,false],"portraits":["http:\/\/magazineweb.com.ar\/wp-content\/uploads\/2025\/08\/Nuevos-Aires-2025.jpg",1316,697,false],"thumbnail":["http:\/\/magazineweb.com.ar\/wp-content\/uploads\/2025\/08\/Nuevos-Aires-2025-150x150.jpg",150,150,true],"medium":["http:\/\/magazineweb.com.ar\/wp-content\/uploads\/2025\/08\/Nuevos-Aires-2025-300x159.jpg",300,159,true],"large":["http:\/\/magazineweb.com.ar\/wp-content\/uploads\/2025\/08\/Nuevos-Aires-2025-1024x542.jpg",1024,542,true],"1536x1536":["http:\/\/magazineweb.com.ar\/wp-content\/uploads\/2025\/08\/Nuevos-Aires-2025.jpg",1316,697,false],"2048x2048":["http:\/\/magazineweb.com.ar\/wp-content\/uploads\/2025\/08\/Nuevos-Aires-2025.jpg",1316,697,false],"ultp_layout_landscape_large":["http:\/\/magazineweb.com.ar\/wp-content\/uploads\/2025\/08\/Nuevos-Aires-2025-1200x697.jpg",1200,697,true],"ultp_layout_landscape":["http:\/\/magazineweb.com.ar\/wp-content\/uploads\/2025\/08\/Nuevos-Aires-2025-870x570.jpg",870,570,true],"ultp_layout_portrait":["http:\/\/magazineweb.com.ar\/wp-content\/uploads\/2025\/08\/Nuevos-Aires-2025-600x697.jpg",600,697,true],"ultp_layout_square":["http:\/\/magazineweb.com.ar\/wp-content\/uploads\/2025\/08\/Nuevos-Aires-2025-600x600.jpg",600,600,true]},"rttpg_author":{"display_name":"Roxana Reinoso","author_link":"http:\/\/magazineweb.com.ar\/?author=2"},"rttpg_comment":0,"rttpg_category":"<a href=\"http:\/\/magazineweb.com.ar\/?cat=13\" rel=\"category\">Pol\u00edtica<\/a> <a href=\"http:\/\/magazineweb.com.ar\/?cat=14\" rel=\"category\">Provincial<\/a>","rttpg_excerpt":"Una Nueva Generaci\u00f3n de l\u00edderes Sub35 con representaci\u00f3n del interior bonaerense Con el lema \u201cLa Potencia del Interior\u201d, el espacio pol\u00edtico Nuevos Aires present\u00f3 oficialmente su lista de candidatos a&hellip;","_links":{"self":[{"href":"http:\/\/magazineweb.com.ar\/index.php?rest_route=\/wp\/v2\/posts\/9552","targetHints":{"allow":["GET"]}}],"collection":[{"href":"http:\/\/magazineweb.com.ar\/index.php?rest_route=\/wp\/v2\/posts"}],"about":[{"href":"http:\/\/magazineweb.com.ar\/index.php?rest_route=\/wp\/v2\/types\/post"}],"author":[{"embeddable":true,"href":"http:\/\/magazineweb.com.ar\/index.php?rest_route=\/wp\/v2\/users\/2"}],"replies":[{"embeddable":true,"href":"http:\/\/magazineweb.com.ar\/index.php?rest_route=%2Fwp%2Fv2%2Fcomments&post=9552"}],"version-history":[{"count":1,"href":"http:\/\/magazineweb.com.ar\/index.php?rest_route=\/wp\/v2\/posts\/9552\/revisions"}],"predecessor-version":[{"id":9553,"href":"http:\/\/magazineweb.com.ar\/index.php?rest_route=\/wp\/v2\/posts\/9552\/revisions\/9553"}],"wp:featuredmedia":[{"embeddable":true,"href":"http:\/\/magazineweb.com.ar\/index.php?rest_route=\/wp\/v2\/media\/9554"}],"wp:attachment":[{"href":"http:\/\/magazineweb.com.ar\/index.php?rest_route=%2Fwp%2Fv2%2Fmedia&parent=9552"}],"wp:term":[{"taxonomy":"category","embeddable":true,"href":"http:\/\/magazineweb.com.ar\/index.php?rest_route=%2Fwp%2Fv2%2Fcategories&post=9552"},{"taxonomy":"post_tag","embeddable":true,"href":"http:\/\/magazineweb.com.ar\/index.php?rest_route=%2Fwp%2Fv2%2Ftags&post=9552"}],"curies":[{"name":"wp","href":"https:\/\/api.w.org\/{rel}","templated":true}]}}