{"id":9556,"date":"2025-08-17T21:31:00","date_gmt":"2025-08-18T00:31:00","guid":{"rendered":"https:\/\/magazineweb.com.ar\/?p=9556"},"modified":"2025-08-19T18:47:16","modified_gmt":"2025-08-19T21:47:16","slug":"quilmes-mayra-encabezo-la-entrega-de-medallas-a-los-ganadores-de-la-carrera-aniversario-de-quilmes","status":"publish","type":"post","link":"http:\/\/magazineweb.com.ar\/?p=9556","title":{"rendered":"Quilmes: Mayra encabez\u00f3 la entrega de medallas a los ganadores de la carrera \u00abAniversario de Quilmes\u00bb"},"content":{"rendered":"\n<h3 class=\"wp-block-heading has-black-color has-text-color has-link-color wp-elements-2a12b944a08364e47599fdd349015c45\"><strong>Cont\u00f3 con m\u00e1s de 4 mil participantes<\/strong><\/h3>\n\n\n\n<p>La intendenta de Quilmes, Mayra Mendoza, encabez\u00f3 este domingo la entrega de medallas de la nueva edici\u00f3n de la Carrera Aniversario de Quilmes, en el marco de los festejos por los 359 a\u00f1os de la ciudad, de la que participaron m\u00e1s de 4.000 corredores en las diferentes categor\u00edas, en las distancias de 10k (competitiva), 3k (correcaminata) y 1k (para ni\u00f1os y ni\u00f1as).<\/p>\n\n\n\n<figure class=\"wp-block-image size-full\"><img loading=\"lazy\" decoding=\"async\" width=\"853\" height=\"568\" src=\"https:\/\/magazineweb.com.ar\/wp-content\/uploads\/2025\/08\/WhatsApp-Image-2025-08-17-at-14.27.27.jpeg\" alt=\"\" class=\"wp-image-9557\" srcset=\"http:\/\/magazineweb.com.ar\/wp-content\/uploads\/2025\/08\/WhatsApp-Image-2025-08-17-at-14.27.27.jpeg 853w, http:\/\/magazineweb.com.ar\/wp-content\/uploads\/2025\/08\/WhatsApp-Image-2025-08-17-at-14.27.27-300x200.jpeg 300w, http:\/\/magazineweb.com.ar\/wp-content\/uploads\/2025\/08\/WhatsApp-Image-2025-08-17-at-14.27.27-768x511.jpeg 768w\" sizes=\"auto, (max-width: 853px) 100vw, 853px\" \/><\/figure>\n\n\n\n<p>\u201cSaludamos a los y las vecinas que participaron de la Carrera Aniversario de Quilmes en el marco de las celebraciones por nuestros 359 a\u00f1os de historia. Gracias a quienes se sumaron el evento, es una alegr\u00eda seguir festejando juntos y&nbsp; disfrutar de distintas propuestas culturales y deportivas como la Copa Ciudad de Quilmes, que ya est\u00e1 en marcha en los clubes del distrito\u201d, se\u00f1al\u00f3 Mayra, acompa\u00f1ada por la secretaria de Desarrollo y Urbano y Obra P\u00fablica y candidata a 1\u00aa Concejala por Fuerza Patria Quilmes, Ceci Soler.<\/p>\n\n\n\n<p>Por su parte, el subsecretario de Deportes y Entidades de Bien P\u00fablico y candidato a 4\u00ba Concejal por FP Quilmes, Nicol\u00e1s Mellino, indic\u00f3: \u201cOtro a\u00f1o m\u00e1s nuestra hermosa ribera vivi\u00f3 una fiesta deportiva con m\u00e1s de 4 mil participantes en la Carrera Aniversario de Quilmes. Esta gesti\u00f3n entiende al deporte como un medio para mejorar la calidad de vida de la comunidad y ante el abandono del gobierno nacional, en Quilmes se siguen construyendo polideportivos, natatorios, se mejoran los clubes de barrio y se organizan estos eventos masivos y gratuitos para los vecinos y vecinas\u201d.<\/p>\n\n\n\n<figure class=\"wp-block-image size-full\"><img loading=\"lazy\" decoding=\"async\" width=\"853\" height=\"568\" src=\"https:\/\/magazineweb.com.ar\/wp-content\/uploads\/2025\/08\/WhatsApp-Image-2025-08-17-at-14.27.26.jpeg\" alt=\"\" class=\"wp-image-9558\" srcset=\"http:\/\/magazineweb.com.ar\/wp-content\/uploads\/2025\/08\/WhatsApp-Image-2025-08-17-at-14.27.26.jpeg 853w, http:\/\/magazineweb.com.ar\/wp-content\/uploads\/2025\/08\/WhatsApp-Image-2025-08-17-at-14.27.26-300x200.jpeg 300w, http:\/\/magazineweb.com.ar\/wp-content\/uploads\/2025\/08\/WhatsApp-Image-2025-08-17-at-14.27.26-768x511.jpeg 768w\" sizes=\"auto, (max-width: 853px) 100vw, 853px\" \/><\/figure>\n\n\n\n<p>En este contexto, en Caballeros, el ganador de los 10 kil\u00f3metros fue Alexis Borvancini, con un tiempo de 35m17s; seguido por Patricio Bejarano (35m36s) y Marcelo Guti\u00e9rrez (36m16s). Mientras que en Damas, el primer puesto fue para Brisa Ojeda, que complet\u00f3 los 10k en 42m22s; secundada por Paula Olivera (42m36s) y Erika M\u00e9ndez (42m45s).<\/p>\n\n\n\n<figure class=\"wp-block-image size-full\"><img loading=\"lazy\" decoding=\"async\" width=\"853\" height=\"568\" src=\"https:\/\/magazineweb.com.ar\/wp-content\/uploads\/2025\/08\/WhatsApp-Image-2025-08-17-at-14.27.28.jpeg\" alt=\"\" class=\"wp-image-9559\" srcset=\"http:\/\/magazineweb.com.ar\/wp-content\/uploads\/2025\/08\/WhatsApp-Image-2025-08-17-at-14.27.28.jpeg 853w, http:\/\/magazineweb.com.ar\/wp-content\/uploads\/2025\/08\/WhatsApp-Image-2025-08-17-at-14.27.28-300x200.jpeg 300w, http:\/\/magazineweb.com.ar\/wp-content\/uploads\/2025\/08\/WhatsApp-Image-2025-08-17-at-14.27.28-768x511.jpeg 768w\" sizes=\"auto, (max-width: 853px) 100vw, 853px\" \/><\/figure>\n\n\n\n<p>Tambi\u00e9n acompa\u00f1aron la actividad, los secretarios de Educaci\u00f3n, Culturas, y Deportes, Joaqu\u00edn Desmery, y de Servicios P\u00fablicos y candidato a 2\u00ba Concejal por FP Quilmes, Sebasti\u00e1n Garc\u00eda; el director general de Deportes, Lucas Tundis; sus pares de Entidades de Bien P\u00fablico, Martina Bonanata, y de Promoci\u00f3n Deportiva, Ligas y Federaciones, Carlos Doallo, y la candidata a 3\u00aa Concejala por FP Quilmes, Florencia B\u00e1ez, entre otros candidatos a Concejales de FP Quilmes.<\/p>\n","protected":false},"excerpt":{"rendered":"<p>Cont\u00f3 con m\u00e1s de 4 mil participantes La intendenta de Quilmes, Mayra Mendoza, encabez\u00f3 este domingo la entrega de medallas de la nueva edici\u00f3n de la Carrera Aniversario de Quilmes,&hellip;<\/p>\n","protected":false},"author":2,"featured_media":9560,"comment_status":"closed","ping_status":"closed","sticky":false,"template":"","format":"standard","meta":{"footnotes":""},"categories":[3,4],"tags":[151,348,345,347,346,130],"class_list":["post-9556","post","type-post","status-publish","format-standard","has-post-thumbnail","hentry","category-deportes","category-destacados","tag-aniversario","tag-carrera","tag-entrega","tag-ganadores","tag-medallas","tag-quilmes"],"rttpg_featured_image_url":{"full":["http:\/\/magazineweb.com.ar\/wp-content\/uploads\/2025\/08\/WhatsApp-Image-2025-08-17-at-14.27.05.jpeg",853,568,false],"landscape":["http:\/\/magazineweb.com.ar\/wp-content\/uploads\/2025\/08\/WhatsApp-Image-2025-08-17-at-14.27.05.jpeg",853,568,false],"portraits":["http:\/\/magazineweb.com.ar\/wp-content\/uploads\/2025\/08\/WhatsApp-Image-2025-08-17-at-14.27.05.jpeg",853,568,false],"thumbnail":["http:\/\/magazineweb.com.ar\/wp-content\/uploads\/2025\/08\/WhatsApp-Image-2025-08-17-at-14.27.05-150x150.jpeg",150,150,true],"medium":["http:\/\/magazineweb.com.ar\/wp-content\/uploads\/2025\/08\/WhatsApp-Image-2025-08-17-at-14.27.05-300x200.jpeg",300,200,true],"large":["http:\/\/magazineweb.com.ar\/wp-content\/uploads\/2025\/08\/WhatsApp-Image-2025-08-17-at-14.27.05.jpeg",853,568,false],"1536x1536":["http:\/\/magazineweb.com.ar\/wp-content\/uploads\/2025\/08\/WhatsApp-Image-2025-08-17-at-14.27.05.jpeg",853,568,false],"2048x2048":["http:\/\/magazineweb.com.ar\/wp-content\/uploads\/2025\/08\/WhatsApp-Image-2025-08-17-at-14.27.05.jpeg",853,568,false],"ultp_layout_landscape_large":["http:\/\/magazineweb.com.ar\/wp-content\/uploads\/2025\/08\/WhatsApp-Image-2025-08-17-at-14.27.05.jpeg",853,568,false],"ultp_layout_landscape":["http:\/\/magazineweb.com.ar\/wp-content\/uploads\/2025\/08\/WhatsApp-Image-2025-08-17-at-14.27.05.jpeg",853,568,false],"ultp_layout_portrait":["http:\/\/magazineweb.com.ar\/wp-content\/uploads\/2025\/08\/WhatsApp-Image-2025-08-17-at-14.27.05-600x568.jpeg",600,568,true],"ultp_layout_square":["http:\/\/magazineweb.com.ar\/wp-content\/uploads\/2025\/08\/WhatsApp-Image-2025-08-17-at-14.27.05-600x568.jpeg",600,568,true]},"rttpg_author":{"display_name":"Roxana Reinoso","author_link":"http:\/\/magazineweb.com.ar\/?author=2"},"rttpg_comment":0,"rttpg_category":"<a href=\"http:\/\/magazineweb.com.ar\/?cat=3\" rel=\"category\">Deportes<\/a> <a href=\"http:\/\/magazineweb.com.ar\/?cat=4\" rel=\"category\">Destacados<\/a>","rttpg_excerpt":"Cont\u00f3 con m\u00e1s de 4 mil participantes La intendenta de Quilmes, Mayra Mendoza, encabez\u00f3 este domingo la entrega de medallas de la nueva edici\u00f3n de la Carrera Aniversario de Quilmes,&hellip;","_links":{"self":[{"href":"http:\/\/magazineweb.com.ar\/index.php?rest_route=\/wp\/v2\/posts\/9556","targetHints":{"allow":["GET"]}}],"collection":[{"href":"http:\/\/magazineweb.com.ar\/index.php?rest_route=\/wp\/v2\/posts"}],"about":[{"href":"http:\/\/magazineweb.com.ar\/index.php?rest_route=\/wp\/v2\/types\/post"}],"author":[{"embeddable":true,"href":"http:\/\/magazineweb.com.ar\/index.php?rest_route=\/wp\/v2\/users\/2"}],"replies":[{"embeddable":true,"href":"http:\/\/magazineweb.com.ar\/index.php?rest_route=%2Fwp%2Fv2%2Fcomments&post=9556"}],"version-history":[{"count":1,"href":"http:\/\/magazineweb.com.ar\/index.php?rest_route=\/wp\/v2\/posts\/9556\/revisions"}],"predecessor-version":[{"id":9561,"href":"http:\/\/magazineweb.com.ar\/index.php?rest_route=\/wp\/v2\/posts\/9556\/revisions\/9561"}],"wp:featuredmedia":[{"embeddable":true,"href":"http:\/\/magazineweb.com.ar\/index.php?rest_route=\/wp\/v2\/media\/9560"}],"wp:attachment":[{"href":"http:\/\/magazineweb.com.ar\/index.php?rest_route=%2Fwp%2Fv2%2Fmedia&parent=9556"}],"wp:term":[{"taxonomy":"category","embeddable":true,"href":"http:\/\/magazineweb.com.ar\/index.php?rest_route=%2Fwp%2Fv2%2Fcategories&post=9556"},{"taxonomy":"post_tag","embeddable":true,"href":"http:\/\/magazineweb.com.ar\/index.php?rest_route=%2Fwp%2Fv2%2Ftags&post=9556"}],"curies":[{"name":"wp","href":"https:\/\/api.w.org\/{rel}","templated":true}]}}