{"id":9585,"date":"2025-08-27T16:15:05","date_gmt":"2025-08-27T19:15:05","guid":{"rendered":"https:\/\/magazineweb.com.ar\/?p=9585"},"modified":"2025-08-27T16:26:08","modified_gmt":"2025-08-27T19:26:08","slug":"27-de-agosto-dia-de-la-radiodifusion-argentina","status":"publish","type":"post","link":"http:\/\/magazineweb.com.ar\/?p=9585","title":{"rendered":"27 de Agosto, D\u00eda de la Radiodifusi\u00f3n Argentina"},"content":{"rendered":"\n<p>Fue el 27 de agosto de 1920 cuando la Sociedad Radio Argentina, efect\u00faa en Buenos Aires la primera transmisi\u00f3n radiof\u00f3nica, considerada, por muchos, como la primera emisi\u00f3n de radio programada de la historia, ya que todas las anteriores ten\u00edan un car\u00e1cter experimental.<\/p>\n\n\n\n<p><br>Los autores de la haza\u00f1a t\u00e9cnica y art\u00edstica fueron el m\u00e9dico Enrique Tel\u00e9maco Susini, junto con sus disc\u00edpulos y amigos, los estudiantes Miguel Mujica, C\u00e9sar Guerrico y Luis Romero Carranza, todos fascinados por los \u00faltimos descubrimientos e inventos sobre las ondas hertzianas.<\/p>\n\n\n\n<p><br>Con un peque\u00f1o micr\u00f3fono, un transmisor de escasa potencia y las antenas en los techos del teatro Coliseo de la ciudad de Buenos Aires lograron el objetivo, que fue difundir la obra \u00abParsifal\u00bb, de Richard Wagner. As\u00ed se puso en marcha Radio Argentina, para nosotros la primera emisora del mundo, que marc\u00f3 el punto de partida para la radiodifusi\u00f3n de nuestro pa\u00eds.<\/p>\n\n\n\n<p><br>Otro 27 de agosto, el de 1968, la Sociedad Argentina de Locutores rescat\u00f3 del olvido ese hecho y les tribut\u00f3 un homenaje en vida a tres de ellos (ya hab\u00eda fallecido el Dr. Guerrico) y coloc\u00f3 una placa de bronce en el foyer del Teatro Coliseo que perpet\u00faa la memoria de los pioneros de la radio. En esa oportunidad la SAL hizo p\u00fablica la iniciativa de instituir a esa fecha como D\u00eda de la Radiodifusi\u00f3n Argentina, que con el apoyo de distintos sectores de la sociedad culmin\u00f3 en 1970 con el reconocimiento oficial a trav\u00e9s de un decreto del Poder Ejecutivo Nacional.<\/p>\n\n\n\n<p><br>Homenajeamos a los \u201clocos de la azotea\u201d como se denomin\u00f3 a los Dres. Enrique T. Susini, C\u00e9sar Guerrico, Luis Romero Carranza y Miguel F. Mujica, precursores de la radiodifusi\u00f3n argentina. <\/p>\n\n\n\n<p>Fuente: sal.org<\/p>\n","protected":false},"excerpt":{"rendered":"<p>Fue el 27 de agosto de 1920 cuando la Sociedad Radio Argentina, efect\u00faa en Buenos Aires la primera transmisi\u00f3n radiof\u00f3nica, considerada, por muchos, como la primera emisi\u00f3n de radio programada&hellip;<\/p>\n","protected":false},"author":2,"featured_media":9589,"comment_status":"closed","ping_status":"closed","sticky":false,"template":"","format":"standard","meta":{"footnotes":""},"categories":[4,8],"tags":[374,372,371,375,373],"class_list":["post-9585","post","type-post","status-publish","format-standard","has-post-thumbnail","hentry","category-destacados","category-hechos-historicos","tag-aniveraario","tag-azotea","tag-locos","tag-radio","tag-radiodifusion"],"rttpg_featured_image_url":{"full":["http:\/\/magazineweb.com.ar\/wp-content\/uploads\/2025\/08\/IMG-20250811-WA0078.jpg",1600,1200,false],"landscape":["http:\/\/magazineweb.com.ar\/wp-content\/uploads\/2025\/08\/IMG-20250811-WA0078.jpg",1600,1200,false],"portraits":["http:\/\/magazineweb.com.ar\/wp-content\/uploads\/2025\/08\/IMG-20250811-WA0078.jpg",1600,1200,false],"thumbnail":["http:\/\/magazineweb.com.ar\/wp-content\/uploads\/2025\/08\/IMG-20250811-WA0078-150x150.jpg",150,150,true],"medium":["http:\/\/magazineweb.com.ar\/wp-content\/uploads\/2025\/08\/IMG-20250811-WA0078-300x225.jpg",300,225,true],"large":["http:\/\/magazineweb.com.ar\/wp-content\/uploads\/2025\/08\/IMG-20250811-WA0078-1024x768.jpg",1024,768,true],"1536x1536":["http:\/\/magazineweb.com.ar\/wp-content\/uploads\/2025\/08\/IMG-20250811-WA0078-1536x1152.jpg",1536,1152,true],"2048x2048":["http:\/\/magazineweb.com.ar\/wp-content\/uploads\/2025\/08\/IMG-20250811-WA0078.jpg",1600,1200,false],"ultp_layout_landscape_large":["http:\/\/magazineweb.com.ar\/wp-content\/uploads\/2025\/08\/IMG-20250811-WA0078-1200x800.jpg",1200,800,true],"ultp_layout_landscape":["http:\/\/magazineweb.com.ar\/wp-content\/uploads\/2025\/08\/IMG-20250811-WA0078-870x570.jpg",870,570,true],"ultp_layout_portrait":["http:\/\/magazineweb.com.ar\/wp-content\/uploads\/2025\/08\/IMG-20250811-WA0078-600x900.jpg",600,900,true],"ultp_layout_square":["http:\/\/magazineweb.com.ar\/wp-content\/uploads\/2025\/08\/IMG-20250811-WA0078-600x600.jpg",600,600,true]},"rttpg_author":{"display_name":"Roxana Reinoso","author_link":"http:\/\/magazineweb.com.ar\/?author=2"},"rttpg_comment":0,"rttpg_category":"<a href=\"http:\/\/magazineweb.com.ar\/?cat=4\" rel=\"category\">Destacados<\/a> <a href=\"http:\/\/magazineweb.com.ar\/?cat=8\" rel=\"category\">Hechos Hist\u00f3ricos<\/a>","rttpg_excerpt":"Fue el 27 de agosto de 1920 cuando la Sociedad Radio Argentina, efect\u00faa en Buenos Aires la primera transmisi\u00f3n radiof\u00f3nica, considerada, por muchos, como la primera emisi\u00f3n de radio programada&hellip;","_links":{"self":[{"href":"http:\/\/magazineweb.com.ar\/index.php?rest_route=\/wp\/v2\/posts\/9585","targetHints":{"allow":["GET"]}}],"collection":[{"href":"http:\/\/magazineweb.com.ar\/index.php?rest_route=\/wp\/v2\/posts"}],"about":[{"href":"http:\/\/magazineweb.com.ar\/index.php?rest_route=\/wp\/v2\/types\/post"}],"author":[{"embeddable":true,"href":"http:\/\/magazineweb.com.ar\/index.php?rest_route=\/wp\/v2\/users\/2"}],"replies":[{"embeddable":true,"href":"http:\/\/magazineweb.com.ar\/index.php?rest_route=%2Fwp%2Fv2%2Fcomments&post=9585"}],"version-history":[{"count":1,"href":"http:\/\/magazineweb.com.ar\/index.php?rest_route=\/wp\/v2\/posts\/9585\/revisions"}],"predecessor-version":[{"id":9587,"href":"http:\/\/magazineweb.com.ar\/index.php?rest_route=\/wp\/v2\/posts\/9585\/revisions\/9587"}],"wp:featuredmedia":[{"embeddable":true,"href":"http:\/\/magazineweb.com.ar\/index.php?rest_route=\/wp\/v2\/media\/9589"}],"wp:attachment":[{"href":"http:\/\/magazineweb.com.ar\/index.php?rest_route=%2Fwp%2Fv2%2Fmedia&parent=9585"}],"wp:term":[{"taxonomy":"category","embeddable":true,"href":"http:\/\/magazineweb.com.ar\/index.php?rest_route=%2Fwp%2Fv2%2Fcategories&post=9585"},{"taxonomy":"post_tag","embeddable":true,"href":"http:\/\/magazineweb.com.ar\/index.php?rest_route=%2Fwp%2Fv2%2Ftags&post=9585"}],"curies":[{"name":"wp","href":"https:\/\/api.w.org\/{rel}","templated":true}]}}