{"id":9616,"date":"2025-09-05T21:02:57","date_gmt":"2025-09-06T00:02:57","guid":{"rendered":"https:\/\/magazineweb.com.ar\/?p=9616"},"modified":"2025-09-05T21:02:58","modified_gmt":"2025-09-06T00:02:58","slug":"las-consecuencias-del-temporal-en-la-provincia-de-santa-fe","status":"publish","type":"post","link":"http:\/\/magazineweb.com.ar\/?p=9616","title":{"rendered":"Las consecuencias del temporal en la provincia de Santa Fe"},"content":{"rendered":"\n<p>En la <strong>provincia de Santa Fe <\/strong>se registraron datos hist\u00f3ricos con varias zonas anegadas por la abundante ca\u00edda de agua, sobre todo, en el sur del territorio santafesino. Con familias desplazadas de sus viviendas, cortes de rutas y puentes.<\/p>\n\n\n\n<p>El temporal conocido como la <em>\u201ctormenta de Santa Rosa\u201d <\/em>hizo estragos. En las \u00faltimas horas, recibi\u00f3 300 mil\u00edmetros de agua en pocas horas (entre el s\u00e1bado a la noche y el domingo por la madrugada).<\/p>\n\n\n\n<p>En el centro y sur de la <strong>provincia de Santa Fe <\/strong>superaron los 150 mil\u00edmetros, lo que equivaldr\u00eda al doble de la media del mes de agosto.<\/p>\n\n\n\n<p>Seg\u00fan los medios locales, esta acumulaci\u00f3n de agua es \u201cel equivalente a lo que llueve en todo un a\u00f1o\u201d.<\/p>\n\n\n\n<p>Las inundaciones tambi\u00e9n afectan en caminos rurales y la comunicaci\u00f3n entre localidades, con campos bajo el agua y pueblos aislados.&nbsp;<\/p>\n\n\n\n<p>Por otro lado, la localidad m\u00e1s afectada en la <strong>provincia de Santa Fe <\/strong>fue <strong>Mar\u00eda Teresa<\/strong>, una localidad aproximadamente de 4.000 habitantes. Seg\u00fan informaron fuentes oficiales, no hubo heridos durante las inundaciones.<\/p>\n\n\n\n<p>El principal inconveniente es el ingreso del agua desde las zonas rurales hacia las zonas urbanas. En declaraciones al diario <em>La Capital de Rosario<\/em>, el presidente comunal de <strong>Mar\u00eda Teresa<\/strong>, <strong>Gonzalo Goyechea<\/strong>, aclar\u00f3 que <em>\u201cMar\u00eda Teresa se encuentra en un pozo, ingresa mucha agua de los campos, de unas 20 mil hect\u00e1reas\u201d<\/em>. Debido a este fen\u00f3meno natural, se suspendieron las clases en sus distintos niveles y modalidades en dicha comuna.<\/p>\n\n\n\n<p>La realidad en <strong>Mar\u00eda Teresa <\/strong>es desoladora. Viviendas destruidas, posibilidades de brotes de enfermedades y la necesidad de conseguir alimentos y abrigo. De a poco, las familias de <strong>Mar\u00eda Teresa <\/strong>regresan a sus hogares.&nbsp;<\/p>\n\n\n\n<p>En primer lugar, las necesidades se abocaron a la llegada de art\u00edculos de limpieza. Ahora, \u201cla necesidad es conseguir alimentos, colchones, frazadas, s\u00e1banas y toallas\u201d, explic\u00f3 el presidente comunal de <strong>Mar\u00eda Teresa<\/strong>, <strong>Gonzalo Goyechea<\/strong>.<\/p>\n\n\n\n<p>Adem\u00e1s, <strong>Goyechea <\/strong>explic\u00f3 que \u201cla inundaci\u00f3n no fue espec\u00edficamente de agua de lluvia, sino de aguas servidas, debido a que solo el 15 % de la localidad tiene cloacas y la mayor\u00eda de las casas utiliza pozos ciegos\u201d.<\/p>\n\n\n\n<p>En cuanto al tema sanitario, se est\u00e1 trabajando en conjunto con el hospital local y el <strong>Ministerio de Salud de la Provincia de Santa Fe <\/strong>para el refuerzo de los esquemas de vacunaci\u00f3n y la prevenci\u00f3n de posibles apariciones o brotes de <em>hepatitis B <\/em>o <em>diarreas<\/em>.&nbsp;<\/p>\n\n\n\n<p>Por otra parte, las clases en los distintos niveles educativos comenzar\u00edan de nuevo el lunes 8 de septiembre.<\/p>\n\n\n\n<p>Otras localidades afectadas por el temporal son <strong>Arteaga <\/strong>(<strong>provincia de Santa Fe<\/strong>), <strong>Cruz Alta<\/strong> (<strong>provincia de C\u00f3rdoba<\/strong>), <strong>Pueblo Andino <\/strong>(<strong>provincia de Santa Fe<\/strong>) y <strong>Oliveros <\/strong>(<strong>provincia de Santa Fe<\/strong>).&nbsp;<\/p>\n\n\n\n<p>En la ciudad santafesina de <strong>Carcara\u00f1\u00e1 <\/strong>la situaci\u00f3n es mucho m\u00e1s compleja. El desborde del r\u00edo <strong>Carcara\u00f1\u00e1 <\/strong>provoc\u00f3 el corte total del puente de la <strong>ruta nacional N\u00b0 9<\/strong>. Uno de los barrios m\u00e1s afectados fue <strong>Los Formose\u00f1os<\/strong>, donde el agua penetr\u00f3 en la vivienda de 100 familias y en donde viven 340 personas.&nbsp;<\/p>\n\n\n\n<p>Mientras la <strong>Municipalidad de Carcara\u00f1\u00e1 <\/strong>ofrece refugio a las familias afectadas por el temporal pero la mayor\u00eda de las personas no quieren abandonar sus hogares. Por su parte, el <strong>Cuerpo de Bomberos <\/strong>sigue realizando rescates.<\/p>\n\n\n\n<p>En referencia al corte de la <strong>ruta nacional N\u00b0 9<\/strong>, podr\u00eda extenderse entre 20 y 30 d\u00edas. Esto es as\u00ed, debido a que la reapertura depende de las evaluaciones t\u00e9cnicas sobre los posibles da\u00f1os que se hayan ocasionado.<\/p>\n\n\n\n<p>Siguiendo con las listas de localidades santafesinas afectadas por las lluvias, se encuentran <strong>Correa<\/strong>, <strong>Villa La Ribera<\/strong>, <strong>Timb\u00faes<\/strong> y <strong>La Chispa<\/strong>.<\/p>\n\n\n\n<p><em>Imagen de las consecuencias de la inundaci\u00f3n en Mar\u00eda Teresa, Santa Fe, Argentina. Fuente: La Naci\u00f3n.<\/em><\/p>\n\n\n\n<p><strong>DECLARACIONES DEL GOBERNADOR DE LA PROVINCIA DE SANTA FE MAXIMILIANO PULLARO<\/strong><\/p>\n\n\n\n<figure class=\"wp-block-image size-full\"><img loading=\"lazy\" decoding=\"async\" width=\"280\" height=\"180\" src=\"https:\/\/magazineweb.com.ar\/wp-content\/uploads\/2025\/09\/Pullaro-Santa-Fe-2025-Inundaciones.jpg\" alt=\"\" class=\"wp-image-9618\"\/><\/figure>\n\n\n\n<p><em>El gobernador santafesino Maximiliano Pullaro y la vicegobernadora, Gisela Scaglia, juntos en una conferencia de prensa. Fuente: Santa Fe Provincia.<\/em><\/p>\n\n\n\n<p>El gobernador de la <strong>provincia de Santa Fe<\/strong>, <strong>Maximiliano Pullaro<\/strong>, destac\u00f3 que \u201cla obra p\u00fablica salv\u00f3 de la inundaci\u00f3n a la provincia de Santa Fe\u201d, tras liderar la reuni\u00f3n del <em>Comit\u00e9 Operativo Provincial <\/em>este lunes en la ciudad de <strong>Rosario<\/strong>, <strong>Santa Fe<\/strong>.<\/p>\n\n\n\n<p>Cabe recordar que desde enero de 2025 el <strong>Gobierno de la Provincia de Santa Fe <\/strong>ejecut\u00f3 un plan intensivo de limpieza de m\u00e1s de 2.000 kil\u00f3metros de canales y se concretaron los trabajos de desag\u00fces de unas 100 localidades que fueron priorizadas por su riesgo h\u00eddrico.<\/p>\n\n\n\n<p><strong>CUESTI\u00d3N DE CUENCAS Y R\u00cdOS<\/strong><\/p>\n\n\n\n<p><em>Cuenca del arroyo Saladillo con su vegetaci\u00f3n y mesetas en la provincia de Santa Fe. Fuente: Santa Fe Provincia.<\/em><\/p>\n\n\n\n<p>Las cuencas de los arroyos \/ r\u00edos <strong>Carcara\u00f1\u00e1<\/strong>, <strong>Saladillo<\/strong>, <strong>La Picasa <\/strong>y <strong>Las Encadenadas <\/strong>fueron las m\u00e1s afectadas por el temporal. En especial, la cuenca del <strong>Arroyo Saladillo <\/strong>en donde cayeron aproximadamente 150 mil\u00edmetros de agua.&nbsp;<\/p>\n\n\n\n<p>\u201cLa ejecuci\u00f3n de la obra de la cascada del <strong>Arroyo Saladillo <\/strong>se llev\u00f3 a cabo con el prop\u00f3sito de proteger los puentes y evitar desbordes y anegamientos en la ciudad de <strong>Rosario<\/strong>\u201d, sostuvo el gobernador <strong>Maximiliano Pullaro<\/strong>.<\/p>\n\n\n\n<p>Escrito por: <strong><em>Juli\u00e1n Zapata<\/em><\/strong><\/p>\n\n\n\n<p><strong>Correos electr\u00f3nicos: 1) <\/strong><a href=\"mailto:juliancampeonzapata@gmail.com\"><strong><em>juliancampeonzapata@gmail.com<\/em><\/strong><\/a><\/p>\n\n\n\n<p><strong><em>&nbsp;&nbsp;&nbsp;&nbsp;&nbsp;&nbsp;&nbsp;&nbsp;&nbsp;&nbsp;&nbsp;&nbsp;&nbsp;&nbsp;&nbsp;&nbsp;&nbsp;&nbsp;&nbsp;&nbsp;&nbsp;&nbsp;&nbsp;&nbsp;&nbsp;&nbsp;&nbsp;&nbsp;&nbsp;&nbsp;&nbsp;&nbsp;&nbsp;&nbsp;&nbsp;&nbsp;&nbsp;&nbsp;2) <\/em><\/strong><a href=\"mailto:julianzapata141999@gmail.com\"><strong><em>julianzapata141999@gmail.com<\/em><\/strong><\/a><\/p>\n\n\n\n<p><strong><em>&nbsp;&nbsp;&nbsp;&nbsp;&nbsp;&nbsp;&nbsp;&nbsp;&nbsp;&nbsp;&nbsp;&nbsp;&nbsp;&nbsp;&nbsp;&nbsp;&nbsp;&nbsp;&nbsp;&nbsp;&nbsp;&nbsp;&nbsp;&nbsp;&nbsp;&nbsp;&nbsp;&nbsp;&nbsp;&nbsp;&nbsp;&nbsp;&nbsp;&nbsp;&nbsp;&nbsp;&nbsp;&nbsp;3) <\/em><\/strong><a href=\"mailto:julianzapata-478@hotmail.com\"><strong><em>julianzapata-478@hotmail.com<\/em><\/strong><\/a><\/p>\n\n\n\n<p><strong>Redes sociales: Facebook: <\/strong><strong><em>Juli\u00e1n Zapata<\/em><\/strong><\/p>\n\n\n\n<p><strong><em>&nbsp;&nbsp;&nbsp;&nbsp;&nbsp;&nbsp;&nbsp;&nbsp;&nbsp;&nbsp;&nbsp;&nbsp;&nbsp;&nbsp;&nbsp;&nbsp;&nbsp;&nbsp;&nbsp;&nbsp;&nbsp;&nbsp;&nbsp;&nbsp;&nbsp;&nbsp;&nbsp;&nbsp;<\/em><\/strong><strong>Instagram: @julianzapata1499<\/strong><\/p>\n\n\n\n<p><strong>&nbsp;&nbsp;&nbsp;&nbsp;&nbsp;&nbsp;&nbsp;&nbsp;&nbsp;&nbsp;&nbsp;&nbsp;&nbsp;&nbsp;&nbsp;&nbsp;&nbsp;&nbsp;&nbsp;&nbsp;&nbsp;&nbsp;&nbsp;&nbsp;&nbsp;&nbsp;&nbsp;&nbsp;Linkedin: Juli\u00e1n Zapata<\/strong><\/p>\n\n\n\n<p><strong>&nbsp;&nbsp;&nbsp;&nbsp;&nbsp;&nbsp;&nbsp;&nbsp;&nbsp;&nbsp;&nbsp;&nbsp;&nbsp;&nbsp;&nbsp;&nbsp;&nbsp;&nbsp;&nbsp;&nbsp;&nbsp;&nbsp;&nbsp;&nbsp;&nbsp;&nbsp;&nbsp;&nbsp;Threads: @julianzapata1499<\/strong><\/p>\n\n\n\n<p><strong>&nbsp;&nbsp;&nbsp;&nbsp;&nbsp;&nbsp;&nbsp;&nbsp;&nbsp;&nbsp;&nbsp;&nbsp;&nbsp;&nbsp;&nbsp;&nbsp;&nbsp;&nbsp;&nbsp;&nbsp;&nbsp;&nbsp;&nbsp;&nbsp;&nbsp;&nbsp;&nbsp;&nbsp;TikTok: @j_z14<\/strong><\/p>\n\n\n\n<p><strong>&nbsp;&nbsp;&nbsp;&nbsp;&nbsp;&nbsp;&nbsp;&nbsp;&nbsp;&nbsp;&nbsp;&nbsp;&nbsp;&nbsp;&nbsp;&nbsp;&nbsp;&nbsp;&nbsp;&nbsp;&nbsp;&nbsp;&nbsp;&nbsp;&nbsp;&nbsp;&nbsp;&nbsp;X: @julyzapata14<\/strong><\/p>\n","protected":false},"excerpt":{"rendered":"<p>En la provincia de Santa Fe se registraron datos hist\u00f3ricos con varias zonas anegadas por la abundante ca\u00edda de agua, sobre todo, en el sur del territorio santafesino. Con familias&hellip;<\/p>\n","protected":false},"author":2,"featured_media":9617,"comment_status":"closed","ping_status":"closed","sticky":false,"template":"","format":"standard","meta":{"footnotes":""},"categories":[4,9],"tags":[216,394,393,395],"class_list":["post-9616","post","type-post","status-publish","format-standard","has-post-thumbnail","hentry","category-destacados","category-informacion-general","tag-inundacion","tag-maximiliano-pullaro","tag-santa-fe","tag-temporal"],"rttpg_featured_image_url":{"full":["http:\/\/magazineweb.com.ar\/wp-content\/uploads\/2025\/09\/inundacion-en-Santa-Fe.jpg",275,183,false],"landscape":["http:\/\/magazineweb.com.ar\/wp-content\/uploads\/2025\/09\/inundacion-en-Santa-Fe.jpg",275,183,false],"portraits":["http:\/\/magazineweb.com.ar\/wp-content\/uploads\/2025\/09\/inundacion-en-Santa-Fe.jpg",275,183,false],"thumbnail":["http:\/\/magazineweb.com.ar\/wp-content\/uploads\/2025\/09\/inundacion-en-Santa-Fe-150x150.jpg",150,150,true],"medium":["http:\/\/magazineweb.com.ar\/wp-content\/uploads\/2025\/09\/inundacion-en-Santa-Fe.jpg",275,183,false],"large":["http:\/\/magazineweb.com.ar\/wp-content\/uploads\/2025\/09\/inundacion-en-Santa-Fe.jpg",275,183,false],"1536x1536":["http:\/\/magazineweb.com.ar\/wp-content\/uploads\/2025\/09\/inundacion-en-Santa-Fe.jpg",275,183,false],"2048x2048":["http:\/\/magazineweb.com.ar\/wp-content\/uploads\/2025\/09\/inundacion-en-Santa-Fe.jpg",275,183,false],"ultp_layout_landscape_large":["http:\/\/magazineweb.com.ar\/wp-content\/uploads\/2025\/09\/inundacion-en-Santa-Fe.jpg",275,183,false],"ultp_layout_landscape":["http:\/\/magazineweb.com.ar\/wp-content\/uploads\/2025\/09\/inundacion-en-Santa-Fe.jpg",275,183,false],"ultp_layout_portrait":["http:\/\/magazineweb.com.ar\/wp-content\/uploads\/2025\/09\/inundacion-en-Santa-Fe.jpg",275,183,false],"ultp_layout_square":["http:\/\/magazineweb.com.ar\/wp-content\/uploads\/2025\/09\/inundacion-en-Santa-Fe.jpg",275,183,false]},"rttpg_author":{"display_name":"Roxana Reinoso","author_link":"http:\/\/magazineweb.com.ar\/?author=2"},"rttpg_comment":0,"rttpg_category":"<a href=\"http:\/\/magazineweb.com.ar\/?cat=4\" rel=\"category\">Destacados<\/a> <a href=\"http:\/\/magazineweb.com.ar\/?cat=9\" rel=\"category\">Informaci\u00f3n General<\/a>","rttpg_excerpt":"En la provincia de Santa Fe se registraron datos hist\u00f3ricos con varias zonas anegadas por la abundante ca\u00edda de agua, sobre todo, en el sur del territorio santafesino. Con familias&hellip;","_links":{"self":[{"href":"http:\/\/magazineweb.com.ar\/index.php?rest_route=\/wp\/v2\/posts\/9616","targetHints":{"allow":["GET"]}}],"collection":[{"href":"http:\/\/magazineweb.com.ar\/index.php?rest_route=\/wp\/v2\/posts"}],"about":[{"href":"http:\/\/magazineweb.com.ar\/index.php?rest_route=\/wp\/v2\/types\/post"}],"author":[{"embeddable":true,"href":"http:\/\/magazineweb.com.ar\/index.php?rest_route=\/wp\/v2\/users\/2"}],"replies":[{"embeddable":true,"href":"http:\/\/magazineweb.com.ar\/index.php?rest_route=%2Fwp%2Fv2%2Fcomments&post=9616"}],"version-history":[{"count":1,"href":"http:\/\/magazineweb.com.ar\/index.php?rest_route=\/wp\/v2\/posts\/9616\/revisions"}],"predecessor-version":[{"id":9619,"href":"http:\/\/magazineweb.com.ar\/index.php?rest_route=\/wp\/v2\/posts\/9616\/revisions\/9619"}],"wp:featuredmedia":[{"embeddable":true,"href":"http:\/\/magazineweb.com.ar\/index.php?rest_route=\/wp\/v2\/media\/9617"}],"wp:attachment":[{"href":"http:\/\/magazineweb.com.ar\/index.php?rest_route=%2Fwp%2Fv2%2Fmedia&parent=9616"}],"wp:term":[{"taxonomy":"category","embeddable":true,"href":"http:\/\/magazineweb.com.ar\/index.php?rest_route=%2Fwp%2Fv2%2Fcategories&post=9616"},{"taxonomy":"post_tag","embeddable":true,"href":"http:\/\/magazineweb.com.ar\/index.php?rest_route=%2Fwp%2Fv2%2Ftags&post=9616"}],"curies":[{"name":"wp","href":"https:\/\/api.w.org\/{rel}","templated":true}]}}