{"id":9646,"date":"2025-09-16T20:12:00","date_gmt":"2025-09-16T23:12:00","guid":{"rendered":"https:\/\/magazineweb.com.ar\/?p=9646"},"modified":"2025-09-18T08:32:41","modified_gmt":"2025-09-18T11:32:41","slug":"quilmes-despide-al-musico-mono-lopez","status":"publish","type":"post","link":"http:\/\/magazineweb.com.ar\/?p=9646","title":{"rendered":"Quilmes despide al m\u00fasico &#8216;Mono&#8217; L\u00f3pez"},"content":{"rendered":"\n<p>El Municipio de Quilmes expresa sus condolencias por el fallecimiento del reconocido m\u00fasico quilme\u00f1o, Oscar \u201cMono\u201d L\u00f3pez (1951-2025) de larga trayectoria en diferentes grupos de rock.<\/p>\n\n\n\n<p>El Mono L\u00f3pez fue bajista de las bandas Mordaz y Fugaz, entre otras, y tambi\u00e9n toc\u00f3 como invitado con Vox Dei.<\/p>\n\n\n\n<p>Bajista, compositor y creador inquieto, fue parte de proyectos que marcaron la historia musical desde Quilmes hacia todo el pa\u00eds, compartiendo escenarios con grandes artistas y abriendo siempre espacio para lo nuevo, lo experimental y lo diverso.<\/p>\n\n\n\n<p>El \u201cMono\u201d no solo brill\u00f3 como instrumentista: tambi\u00e9n fue un formador solidario, siempre dispuesto a acompa\u00f1ar y alentar a j\u00f3venes m\u00fasicos, dejando una huella de afecto y ense\u00f1anza en cada encuentro.<\/p>\n\n\n\n<p>Desde la Comuna les damos nuestro m\u00e1s sentido p\u00e9same a los familiares y amigos, y todo el apoyo y fuerza para llevar adelante este delicado momento.<\/p>\n","protected":false},"excerpt":{"rendered":"<p>El Municipio de Quilmes expresa sus condolencias por el fallecimiento del reconocido m\u00fasico quilme\u00f1o, Oscar \u201cMono\u201d L\u00f3pez (1951-2025) de larga trayectoria en diferentes grupos de rock. El Mono L\u00f3pez fue&hellip;<\/p>\n","protected":false},"author":2,"featured_media":9651,"comment_status":"closed","ping_status":"closed","sticky":false,"template":"","format":"standard","meta":{"footnotes":""},"categories":[4,9],"tags":[421,419,418,96,420],"class_list":["post-9646","post","type-post","status-publish","format-standard","has-post-thumbnail","hentry","category-destacados","category-informacion-general","tag-fallecimiento","tag-lopez","tag-mono","tag-muerte","tag-musico"],"rttpg_featured_image_url":{"full":["http:\/\/magazineweb.com.ar\/wp-content\/uploads\/2025\/09\/FB_IMG_1758194526718.jpg",1600,1066,false],"landscape":["http:\/\/magazineweb.com.ar\/wp-content\/uploads\/2025\/09\/FB_IMG_1758194526718.jpg",1600,1066,false],"portraits":["http:\/\/magazineweb.com.ar\/wp-content\/uploads\/2025\/09\/FB_IMG_1758194526718.jpg",1600,1066,false],"thumbnail":["http:\/\/magazineweb.com.ar\/wp-content\/uploads\/2025\/09\/FB_IMG_1758194526718-150x150.jpg",150,150,true],"medium":["http:\/\/magazineweb.com.ar\/wp-content\/uploads\/2025\/09\/FB_IMG_1758194526718-300x200.jpg",300,200,true],"large":["http:\/\/magazineweb.com.ar\/wp-content\/uploads\/2025\/09\/FB_IMG_1758194526718-1024x682.jpg",1024,682,true],"1536x1536":["http:\/\/magazineweb.com.ar\/wp-content\/uploads\/2025\/09\/FB_IMG_1758194526718-1536x1023.jpg",1536,1023,true],"2048x2048":["http:\/\/magazineweb.com.ar\/wp-content\/uploads\/2025\/09\/FB_IMG_1758194526718.jpg",1600,1066,false],"ultp_layout_landscape_large":["http:\/\/magazineweb.com.ar\/wp-content\/uploads\/2025\/09\/FB_IMG_1758194526718-1200x800.jpg",1200,800,true],"ultp_layout_landscape":["http:\/\/magazineweb.com.ar\/wp-content\/uploads\/2025\/09\/FB_IMG_1758194526718-870x570.jpg",870,570,true],"ultp_layout_portrait":["http:\/\/magazineweb.com.ar\/wp-content\/uploads\/2025\/09\/FB_IMG_1758194526718-600x900.jpg",600,900,true],"ultp_layout_square":["http:\/\/magazineweb.com.ar\/wp-content\/uploads\/2025\/09\/FB_IMG_1758194526718-600x600.jpg",600,600,true]},"rttpg_author":{"display_name":"Roxana Reinoso","author_link":"http:\/\/magazineweb.com.ar\/?author=2"},"rttpg_comment":0,"rttpg_category":"<a href=\"http:\/\/magazineweb.com.ar\/?cat=4\" rel=\"category\">Destacados<\/a> <a href=\"http:\/\/magazineweb.com.ar\/?cat=9\" rel=\"category\">Informaci\u00f3n General<\/a>","rttpg_excerpt":"El Municipio de Quilmes expresa sus condolencias por el fallecimiento del reconocido m\u00fasico quilme\u00f1o, Oscar \u201cMono\u201d L\u00f3pez (1951-2025) de larga trayectoria en diferentes grupos de rock. El Mono L\u00f3pez fue&hellip;","_links":{"self":[{"href":"http:\/\/magazineweb.com.ar\/index.php?rest_route=\/wp\/v2\/posts\/9646","targetHints":{"allow":["GET"]}}],"collection":[{"href":"http:\/\/magazineweb.com.ar\/index.php?rest_route=\/wp\/v2\/posts"}],"about":[{"href":"http:\/\/magazineweb.com.ar\/index.php?rest_route=\/wp\/v2\/types\/post"}],"author":[{"embeddable":true,"href":"http:\/\/magazineweb.com.ar\/index.php?rest_route=\/wp\/v2\/users\/2"}],"replies":[{"embeddable":true,"href":"http:\/\/magazineweb.com.ar\/index.php?rest_route=%2Fwp%2Fv2%2Fcomments&post=9646"}],"version-history":[{"count":2,"href":"http:\/\/magazineweb.com.ar\/index.php?rest_route=\/wp\/v2\/posts\/9646\/revisions"}],"predecessor-version":[{"id":9649,"href":"http:\/\/magazineweb.com.ar\/index.php?rest_route=\/wp\/v2\/posts\/9646\/revisions\/9649"}],"wp:featuredmedia":[{"embeddable":true,"href":"http:\/\/magazineweb.com.ar\/index.php?rest_route=\/wp\/v2\/media\/9651"}],"wp:attachment":[{"href":"http:\/\/magazineweb.com.ar\/index.php?rest_route=%2Fwp%2Fv2%2Fmedia&parent=9646"}],"wp:term":[{"taxonomy":"category","embeddable":true,"href":"http:\/\/magazineweb.com.ar\/index.php?rest_route=%2Fwp%2Fv2%2Fcategories&post=9646"},{"taxonomy":"post_tag","embeddable":true,"href":"http:\/\/magazineweb.com.ar\/index.php?rest_route=%2Fwp%2Fv2%2Ftags&post=9646"}],"curies":[{"name":"wp","href":"https:\/\/api.w.org\/{rel}","templated":true}]}}