{"id":9679,"date":"2025-09-13T01:35:00","date_gmt":"2025-09-13T04:35:00","guid":{"rendered":"https:\/\/magazineweb.com.ar\/?p=9679"},"modified":"2025-09-22T01:36:57","modified_gmt":"2025-09-22T04:36:57","slug":"13-de-septiembre-dia-del-bibliotecario","status":"publish","type":"post","link":"http:\/\/magazineweb.com.ar\/?p=9679","title":{"rendered":"13 de Septiembre: D\u00eda del Bibliotecario"},"content":{"rendered":"\n<p>Fue establecido por el Congreso de Bibliotecarios reunidos en Santiago del Estero en 1942 y fue instituido como \u00abD\u00eda del Bibliotecario\u00bb a nivel nacional, en 1954, mediante sanci\u00f3n del Decreto N\u00ba 17.650\/54, en homenaje a los bibliotecarios de todo el pa\u00eds.<\/p>\n\n\n\n<p>Este d\u00eda se corresponde con la edici\u00f3n de la \u00abGaceta de Buenos Aires\u00bb del 13 de septiembre de 1810, en la que apareci\u00f3 un art\u00edculo titulado \u00abEducaci\u00f3n\u00bb, escrito por Mariano Moreno, que informaba sobre la creaci\u00f3n por la Junta de Mayo de la Biblioteca P\u00fablica de Buenos Aires (hoy Biblioteca Nacional) y de los nombramientos del Dr. Saturnino Segurola y Fray Cayetano Rodr\u00edguez, quienes fueron los primeros bibliotecarios oficiales de la nueva era de la Independencia de la Rep\u00fablica.<\/p>\n","protected":false},"excerpt":{"rendered":"<p>Fue establecido por el Congreso de Bibliotecarios reunidos en Santiago del Estero en 1942 y fue instituido como \u00abD\u00eda del Bibliotecario\u00bb a nivel nacional, en 1954, mediante sanci\u00f3n del Decreto&hellip;<\/p>\n","protected":false},"author":2,"featured_media":9680,"comment_status":"closed","ping_status":"closed","sticky":false,"template":"","format":"standard","meta":{"footnotes":""},"categories":[4,8],"tags":[449,448,378,450,439],"class_list":["post-9679","post","type-post","status-publish","format-standard","has-post-thumbnail","hentry","category-destacados","category-hechos-historicos","tag-biblioteca","tag-bibliotecario","tag-buenos-aires","tag-gaceta","tag-libros"],"rttpg_featured_image_url":{"full":["http:\/\/magazineweb.com.ar\/wp-content\/uploads\/2025\/09\/dia-del-bibliotecario.avif",740,493,false],"landscape":["http:\/\/magazineweb.com.ar\/wp-content\/uploads\/2025\/09\/dia-del-bibliotecario.avif",740,493,false],"portraits":["http:\/\/magazineweb.com.ar\/wp-content\/uploads\/2025\/09\/dia-del-bibliotecario.avif",740,493,false],"thumbnail":["http:\/\/magazineweb.com.ar\/wp-content\/uploads\/2025\/09\/dia-del-bibliotecario-150x150.avif",150,150,true],"medium":["http:\/\/magazineweb.com.ar\/wp-content\/uploads\/2025\/09\/dia-del-bibliotecario-300x200.avif",300,200,true],"large":["http:\/\/magazineweb.com.ar\/wp-content\/uploads\/2025\/09\/dia-del-bibliotecario.avif",740,493,false],"1536x1536":["http:\/\/magazineweb.com.ar\/wp-content\/uploads\/2025\/09\/dia-del-bibliotecario.avif",740,493,false],"2048x2048":["http:\/\/magazineweb.com.ar\/wp-content\/uploads\/2025\/09\/dia-del-bibliotecario.avif",740,493,false],"ultp_layout_landscape_large":["http:\/\/magazineweb.com.ar\/wp-content\/uploads\/2025\/09\/dia-del-bibliotecario.avif",740,493,false],"ultp_layout_landscape":["http:\/\/magazineweb.com.ar\/wp-content\/uploads\/2025\/09\/dia-del-bibliotecario.avif",740,493,false],"ultp_layout_portrait":["http:\/\/magazineweb.com.ar\/wp-content\/uploads\/2025\/09\/dia-del-bibliotecario-600x493.avif",600,493,true],"ultp_layout_square":["http:\/\/magazineweb.com.ar\/wp-content\/uploads\/2025\/09\/dia-del-bibliotecario-600x493.avif",600,493,true]},"rttpg_author":{"display_name":"Roxana Reinoso","author_link":"http:\/\/magazineweb.com.ar\/?author=2"},"rttpg_comment":0,"rttpg_category":"<a href=\"http:\/\/magazineweb.com.ar\/?cat=4\" rel=\"category\">Destacados<\/a> <a href=\"http:\/\/magazineweb.com.ar\/?cat=8\" rel=\"category\">Hechos Hist\u00f3ricos<\/a>","rttpg_excerpt":"Fue establecido por el Congreso de Bibliotecarios reunidos en Santiago del Estero en 1942 y fue instituido como \u00abD\u00eda del Bibliotecario\u00bb a nivel nacional, en 1954, mediante sanci\u00f3n del Decreto&hellip;","_links":{"self":[{"href":"http:\/\/magazineweb.com.ar\/index.php?rest_route=\/wp\/v2\/posts\/9679","targetHints":{"allow":["GET"]}}],"collection":[{"href":"http:\/\/magazineweb.com.ar\/index.php?rest_route=\/wp\/v2\/posts"}],"about":[{"href":"http:\/\/magazineweb.com.ar\/index.php?rest_route=\/wp\/v2\/types\/post"}],"author":[{"embeddable":true,"href":"http:\/\/magazineweb.com.ar\/index.php?rest_route=\/wp\/v2\/users\/2"}],"replies":[{"embeddable":true,"href":"http:\/\/magazineweb.com.ar\/index.php?rest_route=%2Fwp%2Fv2%2Fcomments&post=9679"}],"version-history":[{"count":1,"href":"http:\/\/magazineweb.com.ar\/index.php?rest_route=\/wp\/v2\/posts\/9679\/revisions"}],"predecessor-version":[{"id":9681,"href":"http:\/\/magazineweb.com.ar\/index.php?rest_route=\/wp\/v2\/posts\/9679\/revisions\/9681"}],"wp:featuredmedia":[{"embeddable":true,"href":"http:\/\/magazineweb.com.ar\/index.php?rest_route=\/wp\/v2\/media\/9680"}],"wp:attachment":[{"href":"http:\/\/magazineweb.com.ar\/index.php?rest_route=%2Fwp%2Fv2%2Fmedia&parent=9679"}],"wp:term":[{"taxonomy":"category","embeddable":true,"href":"http:\/\/magazineweb.com.ar\/index.php?rest_route=%2Fwp%2Fv2%2Fcategories&post=9679"},{"taxonomy":"post_tag","embeddable":true,"href":"http:\/\/magazineweb.com.ar\/index.php?rest_route=%2Fwp%2Fv2%2Ftags&post=9679"}],"curies":[{"name":"wp","href":"https:\/\/api.w.org\/{rel}","templated":true}]}}